{"id":67201,"date":"2024-06-24T01:55:45","date_gmt":"2024-06-24T01:55:45","guid":{"rendered":"http:\/\/elterritorialweb.com.ar\/web\/?p=67201"},"modified":"2024-06-24T01:55:48","modified_gmt":"2024-06-24T01:55:48","slug":"calidad-de-vida-de-la-municipalidad-informo-su-programa-de-fumigaciones-para-esta-semana-2","status":"publish","type":"post","link":"https:\/\/elterritorialweb.com.ar\/web\/calidad-de-vida-de-la-municipalidad-informo-su-programa-de-fumigaciones-para-esta-semana-2\/","title":{"rendered":"CALIDAD DE VIDA DE LA MUNICIPALIDAD INFORM\u00d3 SU PROGRAMA DE FUMIGACIONES PARA ESTA SEMANA"},"content":{"rendered":"\n<p>Las tareas destinadas a evitar la proliferaci\u00f3n de mosquitos y otros insectos, dar\u00e1n comienzo este <strong>lunes 24 en los barrios Siglo XX,\u00a0 Siglo XXI, Saint Germ\u00e9s,y Campo Contreras.<\/strong><\/p>\n\n\n\n<p>Continuar\u00e1n el <strong>martes 25 en los barrios Ej\u00e9rcito Argentino, Am\u00e9rica del Sur y Juan D\u00edaz de Sol\u00eds<\/strong>.<\/p>\n\n\n\n<p>Las pulverizaciones seguir\u00e1n el <strong>mi\u00e9rcoles 26, en los barrios Juramento, Tradici\u00f3n, Sarmiento, Ram\u00f3n Carrillo, Primera Junta y Los Inmigrantes.<\/strong><\/p>\n\n\n\n<p>El d\u00eda<strong> jueves 27, se realizar\u00e1n en Congreso, Francisco de Aguirre, S\u00e1enz Pe\u00f1a, Rivadavia y Jorge Newbery.<\/strong><\/p>\n\n\n\n<p>El viernes las fumigaciones continuar\u00e1n en los <strong>barrios Col\u00f3n, Centenario y Juan Felipe Ibarra.<\/strong><\/p>\n","protected":false},"excerpt":{"rendered":"<p>La\u00a0 Capital, a trav\u00e9s de la Direcci\u00f3n de Calidad de Vida, continuar\u00e1 esta semana con el cronograma semanal de fumigaciones en los barrios y diferentes espacios de la ciudad.<\/p>\n","protected":false},"author":2,"featured_media":67202,"comment_status":"open","ping_status":"open","sticky":false,"template":"","format":"standard","meta":{"om_disable_all_campaigns":false,"_monsterinsights_skip_tracking":false,"_monsterinsights_sitenote_active":false,"_monsterinsights_sitenote_note":"","_monsterinsights_sitenote_category":0,"_uf_show_specific_survey":0,"_uf_disable_surveys":false,"jetpack_post_was_ever_published":false,"_jetpack_newsletter_access":"","_jetpack_dont_email_post_to_subs":false,"_jetpack_newsletter_tier_id":0,"_jetpack_memberships_contains_paywalled_content":false,"_jetpack_memberships_contains_paid_content":false,"footnotes":"","jetpack_publicize_message":"","jetpack_publicize_feature_enabled":true,"jetpack_social_post_already_shared":false,"jetpack_social_options":{"image_generator_settings":{"template":"highway","default_image_id":0,"font":"","enabled":false},"version":2}},"categories":[21],"tags":[],"class_list":["post-67201","post","type-post","status-publish","format-standard","has-post-thumbnail","hentry","category-locales"],"aioseo_notices":[],"views":13,"jetpack_publicize_connections":[],"jetpack_featured_media_url":"https:\/\/i0.wp.com\/elterritorialweb.com.ar\/web\/wp-content\/uploads\/2024\/06\/fumigaciones-scaled.jpeg?fit=2560%2C1920&ssl=1","jetpack_sharing_enabled":true,"_links":{"self":[{"href":"https:\/\/elterritorialweb.com.ar\/web\/wp-json\/wp\/v2\/posts\/67201","targetHints":{"allow":["GET"]}}],"collection":[{"href":"https:\/\/elterritorialweb.com.ar\/web\/wp-json\/wp\/v2\/posts"}],"about":[{"href":"https:\/\/elterritorialweb.com.ar\/web\/wp-json\/wp\/v2\/types\/post"}],"author":[{"embeddable":true,"href":"https:\/\/elterritorialweb.com.ar\/web\/wp-json\/wp\/v2\/users\/2"}],"replies":[{"embeddable":true,"href":"https:\/\/elterritorialweb.com.ar\/web\/wp-json\/wp\/v2\/comments?post=67201"}],"version-history":[{"count":1,"href":"https:\/\/elterritorialweb.com.ar\/web\/wp-json\/wp\/v2\/posts\/67201\/revisions"}],"predecessor-version":[{"id":67203,"href":"https:\/\/elterritorialweb.com.ar\/web\/wp-json\/wp\/v2\/posts\/67201\/revisions\/67203"}],"wp:featuredmedia":[{"embeddable":true,"href":"https:\/\/elterritorialweb.com.ar\/web\/wp-json\/wp\/v2\/media\/67202"}],"wp:attachment":[{"href":"https:\/\/elterritorialweb.com.ar\/web\/wp-json\/wp\/v2\/media?parent=67201"}],"wp:term":[{"taxonomy":"category","embeddable":true,"href":"https:\/\/elterritorialweb.com.ar\/web\/wp-json\/wp\/v2\/categories?post=67201"},{"taxonomy":"post_tag","embeddable":true,"href":"https:\/\/elterritorialweb.com.ar\/web\/wp-json\/wp\/v2\/tags?post=67201"}],"curies":[{"name":"wp","href":"https:\/\/api.w.org\/{rel}","templated":true}]}}