{"id":67204,"date":"2024-06-24T12:17:21","date_gmt":"2024-06-24T12:17:21","guid":{"rendered":"http:\/\/elterritorialweb.com.ar\/web\/?p=67204"},"modified":"2024-06-24T12:17:23","modified_gmt":"2024-06-24T12:17:23","slug":"caso-loan-la-sangre-en-los-vehiculos-de-los-detenidos-seria-del-nino-desaparecido","status":"publish","type":"post","link":"https:\/\/elterritorialweb.com.ar\/web\/caso-loan-la-sangre-en-los-vehiculos-de-los-detenidos-seria-del-nino-desaparecido\/","title":{"rendered":"CASO LOAN: LA SANGRE EN LOS VEHICULOS DE LOS DETENIDOS SER\u00cdA DEL NI\u00d1O DESAPARECIDO"},"content":{"rendered":"\n<p>La investigaci\u00f3n por el paradero de\u00a0<strong>Loan Danilo Pe\u00f1a<\/strong>, el ni\u00f1o de 5 a\u00f1os desaparecido el pasado 13 de junio en la localidad correntina de 9 de Julio, podr\u00eda tomar un nuevo giro en las pr\u00f3ximas horas. Seg\u00fan cont\u00f3 el periodista\u00a0<strong>Marcelo Ben\u00edtez<\/strong>, el an\u00e1lisis de la mancha de sangre que se encontr\u00f3 en el auto de uno de los detenidos en la causa habr\u00eda resultado negativo por lo que no pertenecer\u00eda al ni\u00f1o y la causa podr\u00eda pasar a manos de un juzgado federal.<\/p>\n\n\n\n<p><strong>\u00abLa sangre encontrada en los veh\u00edculos no ser\u00eda de Loan.&nbsp;<\/strong>Al ser negativo pr\u00e1cticamente es una confirmaci\u00f3n que la causa va a tomar un rumbo como de trata de personas y eso va a llevar a que a m\u00e1s tardar lunes, martes, o mi\u00e9rcoles pase al juzgado federal\u00bb, expres\u00f3 el periodista en comunicaci\u00f3n con&nbsp;<strong>Estamos Jugados.<\/strong><\/p>\n\n\n\n<p>El viernes los investigadores del caso analizaron&nbsp;<strong>manchas de sangre&nbsp;<\/strong>que hallaron en los autos de dos de los primeros tres<strong>&nbsp;detenidos de la causa&nbsp;<\/strong>como posibles responsables de la desaparici\u00f3n del ni\u00f1o: sus t\u00edos&nbsp;<strong>Bernardino Antonio Ben\u00edtez<\/strong>&nbsp;y&nbsp;<strong>Daniel \u201cFierrito\u201d Ram\u00edrez<\/strong>&nbsp;y su esposa&nbsp;<strong>M\u00f3nica Millapi<\/strong>.<\/p>\n\n\n\n<p>El viernes pasado, las autoridades policiales detuvieron a la ex empleada municipal&nbsp;<strong>Mar\u00eda Victoria Caillava<\/strong>, a su esposo,&nbsp;<strong>Carlos P\u00e9rez<\/strong>, un ex miembro de las Fuerzas Armadas, y al comisario&nbsp;<strong>Walter Maciel.&nbsp;<\/strong>Estas tres personas poco despu\u00e9s de que se anunciara la apertura de una investigaci\u00f3n federal, que incluye tambi\u00e9n un posible caso de trata.<\/p>\n","protected":false},"excerpt":{"rendered":"<p>La causa pasar\u00eda a la Justicia Federal como un posible caso de trata de personas.<\/p>\n","protected":false},"author":2,"featured_media":67205,"comment_status":"open","ping_status":"open","sticky":false,"template":"","format":"standard","meta":{"om_disable_all_campaigns":false,"_monsterinsights_skip_tracking":false,"_monsterinsights_sitenote_active":false,"_monsterinsights_sitenote_note":"","_monsterinsights_sitenote_category":0,"_uf_show_specific_survey":0,"_uf_disable_surveys":false,"jetpack_post_was_ever_published":false,"_jetpack_newsletter_access":"","_jetpack_dont_email_post_to_subs":false,"_jetpack_newsletter_tier_id":0,"_jetpack_memberships_contains_paywalled_content":false,"_jetpack_memberships_contains_paid_content":false,"footnotes":"","jetpack_publicize_message":"","jetpack_publicize_feature_enabled":true,"jetpack_social_post_already_shared":false,"jetpack_social_options":{"image_generator_settings":{"template":"highway","default_image_id":0,"font":"","enabled":false},"version":2}},"categories":[4,7],"tags":[],"class_list":["post-67204","post","type-post","status-publish","format-standard","has-post-thumbnail","hentry","category-destacadas","category-nacionales"],"aioseo_notices":[],"views":13,"jetpack_publicize_connections":[],"jetpack_featured_media_url":"https:\/\/i0.wp.com\/elterritorialweb.com.ar\/web\/wp-content\/uploads\/2024\/06\/CASO-LOAN.jpg?fit=1080%2C685&ssl=1","jetpack_sharing_enabled":true,"_links":{"self":[{"href":"https:\/\/elterritorialweb.com.ar\/web\/wp-json\/wp\/v2\/posts\/67204","targetHints":{"allow":["GET"]}}],"collection":[{"href":"https:\/\/elterritorialweb.com.ar\/web\/wp-json\/wp\/v2\/posts"}],"about":[{"href":"https:\/\/elterritorialweb.com.ar\/web\/wp-json\/wp\/v2\/types\/post"}],"author":[{"embeddable":true,"href":"https:\/\/elterritorialweb.com.ar\/web\/wp-json\/wp\/v2\/users\/2"}],"replies":[{"embeddable":true,"href":"https:\/\/elterritorialweb.com.ar\/web\/wp-json\/wp\/v2\/comments?post=67204"}],"version-history":[{"count":1,"href":"https:\/\/elterritorialweb.com.ar\/web\/wp-json\/wp\/v2\/posts\/67204\/revisions"}],"predecessor-version":[{"id":67206,"href":"https:\/\/elterritorialweb.com.ar\/web\/wp-json\/wp\/v2\/posts\/67204\/revisions\/67206"}],"wp:featuredmedia":[{"embeddable":true,"href":"https:\/\/elterritorialweb.com.ar\/web\/wp-json\/wp\/v2\/media\/67205"}],"wp:attachment":[{"href":"https:\/\/elterritorialweb.com.ar\/web\/wp-json\/wp\/v2\/media?parent=67204"}],"wp:term":[{"taxonomy":"category","embeddable":true,"href":"https:\/\/elterritorialweb.com.ar\/web\/wp-json\/wp\/v2\/categories?post=67204"},{"taxonomy":"post_tag","embeddable":true,"href":"https:\/\/elterritorialweb.com.ar\/web\/wp-json\/wp\/v2\/tags?post=67204"}],"curies":[{"name":"wp","href":"https:\/\/api.w.org\/{rel}","templated":true}]}}