{"id":67321,"date":"2024-07-02T18:46:56","date_gmt":"2024-07-02T18:46:56","guid":{"rendered":"http:\/\/elterritorialweb.com.ar\/web\/?p=67321"},"modified":"2024-07-02T18:46:57","modified_gmt":"2024-07-02T18:46:57","slug":"entregaron-material-informativo-y-ludico-sobre-salud-integral-adolescente-y-juvenil-en-ojo-de-agua","status":"publish","type":"post","link":"https:\/\/elterritorialweb.com.ar\/web\/entregaron-material-informativo-y-ludico-sobre-salud-integral-adolescente-y-juvenil-en-ojo-de-agua\/","title":{"rendered":"ENTREGARON MATERIAL INFORMATIVO Y L\u00daDICO SOBRE SALUD INTEGRAL, ADOLESCENTE Y JUVENIL EN OJO DE AGUA"},"content":{"rendered":"\n<p>En la entrega estuvieron presentes el&nbsp;<strong>Dr. Pedro Carrizo<\/strong>, director del Programa Materno Infanto Juvenil y la&nbsp;<strong>Lic. Antonella Farias<\/strong>, referente Provincial del \u00c1rea de Adolescencias y Juventudes, como as\u00ed tambi\u00e9n la&nbsp;<strong>Lic. Carolina Ull\u00faa<\/strong>, obst\u00e9trica del Hospital de Ojo de Agua y responsable del Consultorio de Adolescencias y Juventudes.<\/p>\n\n\n\n<p>La&nbsp;<strong>Lic. Farias<\/strong>&nbsp;destac\u00f3 que: \u201ces necesario avanzar en la apertura de espacios amigables que permitan vincular a nuestras adolescencias y juventudes con el&nbsp;<strong>Sistema de Salud<\/strong>, ofreciendo una atenci\u00f3n integral y dando respuesta a sus demandas de salud. Es un logro significativo que este espacio destinado a nuestras&nbsp;<strong>adolescencias y juventudes santiague\u00f1as<\/strong>, pr\u00f3ximo a inaugurar, sea una realidad en el&nbsp;<strong>Hospital de Ojo de Agua<\/strong>&nbsp;a trav\u00e9s de un trabajo articulado entre el&nbsp;<strong>Programa Materno Infanto Juvenil y la Direcci\u00f3n del Interior<\/strong>, a quien agradecemos su constante apoyo y acompa\u00f1amiento en este proyecto\u201d.<\/p>\n\n\n\n<p>Entre los materiales que se entregan se pueden detallar:<strong>&nbsp;kit de experiencias para armar con distintas actividades l\u00fadicas. Material de lectura sobre lineamientos para la Atenci\u00f3n Integral de Adolescentes y J\u00f3venes en el Sistema de Salud, Marco Normativo para la atenci\u00f3n de Adolescentes y J\u00f3venes, Salud y Adolescencias LGBT. Folleter\u00eda y l\u00e1minas para distinguir el consultorio. Materiales para talleres. Buz\u00f3n de dudas\/consultas. Sillones puff.<\/strong><\/p>\n","protected":false},"excerpt":{"rendered":"<p>Desde el Programa Materno Infanto Juvenil se hizo entrega de materiales informativos y l\u00fadicos al Hospital Zonal de Ojo de Agua \u201cDr. Cleofas Massa\u201d, con motivo de ambientar el nuevo Consultorio de Salud Integral Adolescente y Juvenil, siendo este un espacio amigable en donde adolescentes y j\u00f3venes de 10 a 24 a\u00f1os podr\u00e1n recibir una mejor atenci\u00f3n de salud integral y responder a sus demandas e inquietudes.<\/p>\n","protected":false},"author":2,"featured_media":67322,"comment_status":"open","ping_status":"open","sticky":false,"template":"","format":"standard","meta":{"om_disable_all_campaigns":false,"_monsterinsights_skip_tracking":false,"_monsterinsights_sitenote_active":false,"_monsterinsights_sitenote_note":"","_monsterinsights_sitenote_category":0,"_uf_show_specific_survey":0,"_uf_disable_surveys":false,"jetpack_post_was_ever_published":false,"_jetpack_newsletter_access":"","_jetpack_dont_email_post_to_subs":false,"_jetpack_newsletter_tier_id":0,"_jetpack_memberships_contains_paywalled_content":false,"_jetpack_memberships_contains_paid_content":false,"footnotes":"","jetpack_publicize_message":"","jetpack_publicize_feature_enabled":true,"jetpack_social_post_already_shared":false,"jetpack_social_options":{"image_generator_settings":{"template":"highway","enabled":false},"version":2}},"categories":[3],"tags":[],"class_list":["post-67321","post","type-post","status-publish","format-standard","has-post-thumbnail","hentry","category-salud"],"aioseo_notices":[],"views":12,"jetpack_publicize_connections":[],"jetpack_featured_media_url":"https:\/\/i0.wp.com\/elterritorialweb.com.ar\/web\/wp-content\/uploads\/2024\/07\/salud-ojo-de-agua.jpg?fit=768%2C432&ssl=1","jetpack_sharing_enabled":true,"_links":{"self":[{"href":"https:\/\/elterritorialweb.com.ar\/web\/wp-json\/wp\/v2\/posts\/67321","targetHints":{"allow":["GET"]}}],"collection":[{"href":"https:\/\/elterritorialweb.com.ar\/web\/wp-json\/wp\/v2\/posts"}],"about":[{"href":"https:\/\/elterritorialweb.com.ar\/web\/wp-json\/wp\/v2\/types\/post"}],"author":[{"embeddable":true,"href":"https:\/\/elterritorialweb.com.ar\/web\/wp-json\/wp\/v2\/users\/2"}],"replies":[{"embeddable":true,"href":"https:\/\/elterritorialweb.com.ar\/web\/wp-json\/wp\/v2\/comments?post=67321"}],"version-history":[{"count":1,"href":"https:\/\/elterritorialweb.com.ar\/web\/wp-json\/wp\/v2\/posts\/67321\/revisions"}],"predecessor-version":[{"id":67323,"href":"https:\/\/elterritorialweb.com.ar\/web\/wp-json\/wp\/v2\/posts\/67321\/revisions\/67323"}],"wp:featuredmedia":[{"embeddable":true,"href":"https:\/\/elterritorialweb.com.ar\/web\/wp-json\/wp\/v2\/media\/67322"}],"wp:attachment":[{"href":"https:\/\/elterritorialweb.com.ar\/web\/wp-json\/wp\/v2\/media?parent=67321"}],"wp:term":[{"taxonomy":"category","embeddable":true,"href":"https:\/\/elterritorialweb.com.ar\/web\/wp-json\/wp\/v2\/categories?post=67321"},{"taxonomy":"post_tag","embeddable":true,"href":"https:\/\/elterritorialweb.com.ar\/web\/wp-json\/wp\/v2\/tags?post=67321"}],"curies":[{"name":"wp","href":"https:\/\/api.w.org\/{rel}","templated":true}]}}