{"id":67324,"date":"2024-07-02T19:01:05","date_gmt":"2024-07-02T19:01:05","guid":{"rendered":"http:\/\/elterritorialweb.com.ar\/web\/?p=67324"},"modified":"2024-07-02T19:01:08","modified_gmt":"2024-07-02T19:01:08","slug":"nediani-participo-de-la-firma-del-convenio-para-la-erradicacion-del-trabajo-infantil","status":"publish","type":"post","link":"https:\/\/elterritorialweb.com.ar\/web\/nediani-participo-de-la-firma-del-convenio-para-la-erradicacion-del-trabajo-infantil\/","title":{"rendered":"NEDIANI PARTICIP\u00d3 DE LA FIRMA DEL CONVENIO PARA LA ERRADICACI\u00d3N DEL TRABAJO INFANTIL"},"content":{"rendered":"\n<p>El evento adem\u00e1s cont\u00f3 con la presencia del Jefe de Gabinete, <strong>El\u00edas Miguel Su\u00e1rez<\/strong>; la secretaria de Trabajo, <strong>Julia Com\u00e1n<\/strong>; el ministro de Gobierno, Seguridad y Culto, <strong>Marcelo Barbur<\/strong>; la intendente de la Capital, Ing. <strong>Norma Fuentes<\/strong>; el intendente de Loreto, <strong>Ram\u00f3n Gonz\u00e1lez<\/strong>; el intendente de Termas, <strong>Jorge Mukdise<\/strong>; el intendente de Fr\u00edas, <strong>Humberto Salim<\/strong>, y otras autoridades y funcionarios.<\/p>\n\n\n\n<p>En este sentido, se indic\u00f3 que <strong>el trabajo infantil es un fen\u00f3meno preocupante a nivel mundial<\/strong>, seg\u00fan estimaciones de la <strong>Organizaci\u00f3n Internacional del Trabajo<\/strong> y <strong>UNICEF<\/strong>, <strong>160 millones de ni\u00f1os y ni\u00f1as trabajan<\/strong>, y el <strong>70% de ellos se concentran en la agricultura<\/strong>. En<strong> Argentina, 2 de cada 10 ni\u00f1os y ni\u00f1as realizan actividades vinculadas a la producci\u00f3n agropecuaria<\/strong> o al trabajo dom\u00e9stico en zonas rurales, seg\u00fan el INDEC y UNICEF. El trabajo infantil afecta negativamente la salud psicof\u00edsica de los menores y pone en riesgo sus trayectorias educativas, perpetuando as\u00ed la vulnerabilidad.<\/p>\n\n\n\n<p>En este contexto, <strong>Nediani <\/strong>expres\u00f3:<em> \u00abHemos sido convocados por autoridades provinciales, agradecemos la oportunidad de firmar un convenio que tiene que ver con la prevenci\u00f3n, la detecci\u00f3n y la erradicaci\u00f3n del trabajo infantil\u201d.<\/em><\/p>\n\n\n\n<p><em>\u201cHemos escuchado que el 60% del trabajo infantil se da en zonas rurales. La presencia de los intendentes y comisionados municipales es fundamental, ya que tienen contacto directo con el interior de la provincia\u201d.<\/em><\/p>\n\n\n\n<p><em>\u201cEn La Banda, hemos creado la Direcci\u00f3n de la Ni\u00f1ez, Adolescencia y Familia, enfocada en la prevenci\u00f3n del trabajo infantil, y continuaremos trabajando en pol\u00edticas p\u00fablicas y programas provinciales para defender los derechos de los ni\u00f1os. Los ni\u00f1os deben estudiar y jugar, mientras que los adultos debemos trabajar\u00bb<\/em>, finaliz\u00f3 Nediani.<\/p>\n\n\n\n<p>Por su parte, el Jefe de Gabinete, <strong>El\u00edas Miguel Su\u00e1rez<\/strong>, agreg\u00f3: <em>\u00abTransmito el saludo y agradecimiento de nuestro Gobernador, Dr. Gerardo Zamora. Es un orgullo estar reunidos con una visi\u00f3n clara sobre la prevenci\u00f3n, detecci\u00f3n y erradicaci\u00f3n del trabajo infantil\u201d.<\/em><\/p>\n\n\n\n<p><em>\u201cEl compromiso de toda la sociedad y sus dirigentes es esencial para luchar por los derechos de los ni\u00f1os, j\u00f3venes y adolescentes. Debemos poner esfuerzo en la defensa de la educaci\u00f3n y los lugares de esparcimiento, garantizando el derecho de los ni\u00f1os a jugar, estudiar y capacitarse. Esta jornada de trabajo y el compromiso hacia el futuro son fundamentales\u00bb<\/em>, finaliz\u00f3 Su\u00e1rez.<\/p>\n\n\n\n<p>La firma de este convenio representa un paso importante en la lucha contra el trabajo infantil, reafirmando el compromiso de las autoridades locales y provinciales en la protecci\u00f3n y promoci\u00f3n de los derechos de los ni\u00f1os y adolescentes.<\/p>\n","protected":false},"excerpt":{"rendered":"<p>El intendente de la ciudad de La Banda, Ing. Roger El\u00edas Nediani, acompa\u00f1ado por el secretario de Coordinaci\u00f3n y Desarrollo Territorial, Matias Nediani, participaron de la firma de un significativo convenio enfocado en la \u00abLucha para la Erradicaci\u00f3n del Trabajo Infantil\u00bb, junto a jefes y Comisionados Municipales, organizado por la Secretar\u00eda de Trabajo Provincial.<\/p>\n","protected":false},"author":2,"featured_media":67325,"comment_status":"open","ping_status":"open","sticky":false,"template":"","format":"standard","meta":{"om_disable_all_campaigns":false,"_monsterinsights_skip_tracking":false,"_monsterinsights_sitenote_active":false,"_monsterinsights_sitenote_note":"","_monsterinsights_sitenote_category":0,"_uf_show_specific_survey":0,"_uf_disable_surveys":false,"jetpack_post_was_ever_published":false,"_jetpack_newsletter_access":"","_jetpack_dont_email_post_to_subs":false,"_jetpack_newsletter_tier_id":0,"_jetpack_memberships_contains_paywalled_content":false,"_jetpack_memberships_contains_paid_content":false,"footnotes":"","jetpack_publicize_message":"","jetpack_publicize_feature_enabled":true,"jetpack_social_post_already_shared":false,"jetpack_social_options":{"image_generator_settings":{"template":"highway","enabled":false},"version":2}},"categories":[9],"tags":[51],"class_list":["post-67324","post","type-post","status-publish","format-standard","has-post-thumbnail","hentry","category-banda","tag-roger-nediani"],"aioseo_notices":[],"views":19,"jetpack_publicize_connections":[],"jetpack_featured_media_url":"https:\/\/i0.wp.com\/elterritorialweb.com.ar\/web\/wp-content\/uploads\/2024\/07\/NEDIANI-CONVENIO.jpeg?fit=1600%2C1057&ssl=1","jetpack_sharing_enabled":true,"_links":{"self":[{"href":"https:\/\/elterritorialweb.com.ar\/web\/wp-json\/wp\/v2\/posts\/67324","targetHints":{"allow":["GET"]}}],"collection":[{"href":"https:\/\/elterritorialweb.com.ar\/web\/wp-json\/wp\/v2\/posts"}],"about":[{"href":"https:\/\/elterritorialweb.com.ar\/web\/wp-json\/wp\/v2\/types\/post"}],"author":[{"embeddable":true,"href":"https:\/\/elterritorialweb.com.ar\/web\/wp-json\/wp\/v2\/users\/2"}],"replies":[{"embeddable":true,"href":"https:\/\/elterritorialweb.com.ar\/web\/wp-json\/wp\/v2\/comments?post=67324"}],"version-history":[{"count":1,"href":"https:\/\/elterritorialweb.com.ar\/web\/wp-json\/wp\/v2\/posts\/67324\/revisions"}],"predecessor-version":[{"id":67326,"href":"https:\/\/elterritorialweb.com.ar\/web\/wp-json\/wp\/v2\/posts\/67324\/revisions\/67326"}],"wp:featuredmedia":[{"embeddable":true,"href":"https:\/\/elterritorialweb.com.ar\/web\/wp-json\/wp\/v2\/media\/67325"}],"wp:attachment":[{"href":"https:\/\/elterritorialweb.com.ar\/web\/wp-json\/wp\/v2\/media?parent=67324"}],"wp:term":[{"taxonomy":"category","embeddable":true,"href":"https:\/\/elterritorialweb.com.ar\/web\/wp-json\/wp\/v2\/categories?post=67324"},{"taxonomy":"post_tag","embeddable":true,"href":"https:\/\/elterritorialweb.com.ar\/web\/wp-json\/wp\/v2\/tags?post=67324"}],"curies":[{"name":"wp","href":"https:\/\/api.w.org\/{rel}","templated":true}]}}