{"id":67327,"date":"2024-07-02T19:17:18","date_gmt":"2024-07-02T19:17:18","guid":{"rendered":"http:\/\/elterritorialweb.com.ar\/web\/?p=67327"},"modified":"2024-07-02T19:17:27","modified_gmt":"2024-07-02T19:17:27","slug":"la-brasita-de-mi-chala-adelanta-canciones-de-su-proximo-disco-en-zambra","status":"publish","type":"post","link":"https:\/\/elterritorialweb.com.ar\/web\/la-brasita-de-mi-chala-adelanta-canciones-de-su-proximo-disco-en-zambra\/","title":{"rendered":"LA BRASITA DE MI CHALA ADELANTA CANCIONES DE SU PR\u00d3XIMO DISCO EN ZAMBRA"},"content":{"rendered":"\n<p>La <strong>Brasita de mi Chala<\/strong> conformado por<strong> Rodrigo Cr\u00e1maro en viol\u00edn y primera voz<\/strong>, y<strong> Andr\u00e9s Sim\u00f3n en guitarra y segunda voz,<\/strong> pertenece a la nueva \u201ccamada\u201d del folclore santiague\u00f1o, aunque en sus <strong>11 a\u00f1os <\/strong>de existencia las <strong>obras de Los Hermanos Sim\u00f3n, Hermanos \u00c1balos o Hermanos D\u00edaz<\/strong> sean parte de su repertorio.<\/p>\n\n\n\n<p>A todo ese bagaje de canciones de otros tiempos tambi\u00e9n le suman canciones propias, que son justamente la que presentar\u00e1n est\u00e9<strong> 4 de julio desde las 21.30 horas<\/strong> en zona sur de la ciudad, en el nuevo espacio para la m\u00fasica popular de los d\u00edas jueves en <strong>calle Las Magnolias 3029 (Zambra)<\/strong>.<\/p>\n\n\n\n<p><strong>A un mes<\/strong> aproximadamente del <strong>estreno de su pr\u00f3ximo disco<\/strong>, el sexto de su carrera, la presentaci\u00f3n que realizar\u00e1n ser\u00e1 en parte para mostrar esas incipientes <strong>creaciones que le pertenecen a Andr\u00e9s<\/strong>, qui\u00e9n lleva consigo la <strong>herencia de Los Hermanos Sim\u00f3n<\/strong>. Justamente, escondidos de aquella agrupaci\u00f3n emblem\u00e1tica, le pusieron m\u00fasica para incorporar a su repertorio.<\/p>\n\n\n\n<p>Una gran fiesta promete el grupo, que ya se consagr\u00f3 en varios escenarios, tales como el Festival de La Salamanca y Chacarera; y otros no tan folcl\u00f3ricos como La Feria del Libro en Buenos Aires, pero igualmente de gran aceptaci\u00f3n.<\/p>\n\n\n\n<p>Bajo el nombre de la chacarera <strong>\u201cLa Brasita de mi Chala\u201d<\/strong>, que le atribuyo un ex integrante y amigo Santiago Suarez, sin dudas contin\u00faa marcando el camino del folclore, el de ayer, de hoy, y de siempre.<\/p>\n\n\n\n<p>Cabe destacar que la cita es una propuesta \u00fanica, que presenta una carta dise\u00f1ada por la reconocida Chef Internacional Narda Lepes. Para esta ocasi\u00f3n, adem\u00e1s del men\u00fa a la carta y el de comida regional, se podr\u00e1 disfrutar el partido de la Selecci\u00f3n Argentina. <\/p>\n\n\n\n<p>Para m\u00e1s <strong>informaci\u00f3n y reservas <\/strong>para el recital, comunicarse al tel\u00e9fono <strong>0385 15-302-5763<\/strong> <\/p>\n","protected":false},"excerpt":{"rendered":"<p>Se presentar\u00e1n este jueves 4 de julio desde las 21.30 horas en Zambra.<\/p>\n","protected":false},"author":2,"featured_media":67328,"comment_status":"open","ping_status":"open","sticky":false,"template":"","format":"standard","meta":{"om_disable_all_campaigns":false,"_monsterinsights_skip_tracking":false,"_monsterinsights_sitenote_active":false,"_monsterinsights_sitenote_note":"","_monsterinsights_sitenote_category":0,"_uf_show_specific_survey":0,"_uf_disable_surveys":false,"jetpack_post_was_ever_published":false,"_jetpack_newsletter_access":"","_jetpack_dont_email_post_to_subs":false,"_jetpack_newsletter_tier_id":0,"_jetpack_memberships_contains_paywalled_content":false,"_jetpack_memberships_contains_paid_content":false,"footnotes":"","jetpack_publicize_message":"","jetpack_publicize_feature_enabled":true,"jetpack_social_post_already_shared":false,"jetpack_social_options":{"image_generator_settings":{"template":"highway","enabled":false},"version":2}},"categories":[20],"tags":[990],"class_list":["post-67327","post","type-post","status-publish","format-standard","has-post-thumbnail","hentry","category-especysociales","tag-la-brasita-de-mi-chala"],"aioseo_notices":[],"views":17,"jetpack_publicize_connections":[],"jetpack_featured_media_url":"https:\/\/i0.wp.com\/elterritorialweb.com.ar\/web\/wp-content\/uploads\/2024\/07\/la-brasita-de-mi-chala-e1719947823259.jpeg?fit=486%2C421&ssl=1","jetpack_sharing_enabled":true,"_links":{"self":[{"href":"https:\/\/elterritorialweb.com.ar\/web\/wp-json\/wp\/v2\/posts\/67327","targetHints":{"allow":["GET"]}}],"collection":[{"href":"https:\/\/elterritorialweb.com.ar\/web\/wp-json\/wp\/v2\/posts"}],"about":[{"href":"https:\/\/elterritorialweb.com.ar\/web\/wp-json\/wp\/v2\/types\/post"}],"author":[{"embeddable":true,"href":"https:\/\/elterritorialweb.com.ar\/web\/wp-json\/wp\/v2\/users\/2"}],"replies":[{"embeddable":true,"href":"https:\/\/elterritorialweb.com.ar\/web\/wp-json\/wp\/v2\/comments?post=67327"}],"version-history":[{"count":1,"href":"https:\/\/elterritorialweb.com.ar\/web\/wp-json\/wp\/v2\/posts\/67327\/revisions"}],"predecessor-version":[{"id":67329,"href":"https:\/\/elterritorialweb.com.ar\/web\/wp-json\/wp\/v2\/posts\/67327\/revisions\/67329"}],"wp:featuredmedia":[{"embeddable":true,"href":"https:\/\/elterritorialweb.com.ar\/web\/wp-json\/wp\/v2\/media\/67328"}],"wp:attachment":[{"href":"https:\/\/elterritorialweb.com.ar\/web\/wp-json\/wp\/v2\/media?parent=67327"}],"wp:term":[{"taxonomy":"category","embeddable":true,"href":"https:\/\/elterritorialweb.com.ar\/web\/wp-json\/wp\/v2\/categories?post=67327"},{"taxonomy":"post_tag","embeddable":true,"href":"https:\/\/elterritorialweb.com.ar\/web\/wp-json\/wp\/v2\/tags?post=67327"}],"curies":[{"name":"wp","href":"https:\/\/api.w.org\/{rel}","templated":true}]}}