{"id":67330,"date":"2024-07-02T21:28:27","date_gmt":"2024-07-02T21:28:27","guid":{"rendered":"http:\/\/elterritorialweb.com.ar\/web\/?p=67330"},"modified":"2024-07-02T21:28:29","modified_gmt":"2024-07-02T21:28:29","slug":"zamora-se-reunio-con-francos-para-firmar-acuerdos-por-obras-publicas","status":"publish","type":"post","link":"https:\/\/elterritorialweb.com.ar\/web\/zamora-se-reunio-con-francos-para-firmar-acuerdos-por-obras-publicas\/","title":{"rendered":"ZAMORA SE REUNI\u00d3 CON FRANCOS PARA FIRMAR ACUERDOS POR OBRAS P\u00daBLICAS"},"content":{"rendered":"\n<p>Ante esto, el\u00a0<strong>mandatario provincial<\/strong>\u00a0inform\u00f3 en sus redes sociales que\u00a0<strong><em>\u201csuscribimos convenios de traspaso y cooperaci\u00f3n de obras p\u00fablicas h\u00eddricas, viales, de saneamiento, de vivienda y de infraestructura urbana y educativa\u201d<\/em><\/strong>.<\/p>\n\n\n\n<p>Adem\u00e1s dijo: <em>\u201cAgradezco la decisi\u00f3n del\u00a0<strong>gobierno nacional<\/strong>, de reactivar algunas obras prioritarias, como por ejemplo la<strong>\u00a0autopista Santiago-Termas, las cloacas de A\u00f1atuya, la \u00faltima etapa del Canal de La Patria, viviendas con importante avance de construcci\u00f3n<\/strong>, entre otras. Y desde ya, el compromiso de nuestra\u00a0<strong>provincia<\/strong>, para firmar a la brevedad los\u00a0<strong>convenios espec\u00edficos<\/strong>, donde contribuiremos a la finalizaci\u00f3n de otras\u00a0<strong>viviendas\u00a0<\/strong>en menos estado de avance constructivo,\u00a0<strong>obras de agua potable, como por ejemplo el acueducto Lugones-Mailin y la planta y red de Pampa de Los Guanacos<\/strong>, entre otras\u201d,<\/em> finaliz\u00f3.<\/p>\n\n\n\n<iframe data-src=\"https:\/\/www.facebook.com\/plugins\/post.php?href=https%3A%2F%2Fwww.facebook.com%2FzamoraSDE%2Fposts%2Fpfbid0EoMAm85gh1aiKpxxEzmdBKKuRz6cpLFweevM9QTf8krqeLGR6N6KWtktQ2UQRbtpl&#038;show_text=true&#038;width=500\" width=\"500\" height=\"656\" style=\"border:none;overflow:hidden\" scrolling=\"no\" frameborder=\"0\" allowfullscreen=\"true\" allow=\"autoplay; clipboard-write; encrypted-media; picture-in-picture; web-share\" src=\"data:image\/svg+xml;base64,PHN2ZyB3aWR0aD0iMSIgaGVpZ2h0PSIxIiB4bWxucz0iaHR0cDovL3d3dy53My5vcmcvMjAwMC9zdmciPjwvc3ZnPg==\" class=\"lazyload\" data-load-mode=\"1\"><\/iframe>\n","protected":false},"excerpt":{"rendered":"<p>Este martes, el gobernador de Santiago del Estero, Dr. Gerardo Zamora, mantuvo una importante reuni\u00f3n en Casa Rosada junto al jefe de Gabinete de ministros de la Naci\u00f3n, Guillermo Francos, con el prop\u00f3sito de delinear nuevos proyectos destinados a la realizaci\u00f3n de obras p\u00fablicas en la provincia.<\/p>\n","protected":false},"author":2,"featured_media":67331,"comment_status":"open","ping_status":"open","sticky":false,"template":"","format":"standard","meta":{"om_disable_all_campaigns":false,"_monsterinsights_skip_tracking":false,"_monsterinsights_sitenote_active":false,"_monsterinsights_sitenote_note":"","_monsterinsights_sitenote_category":0,"_uf_show_specific_survey":0,"_uf_disable_surveys":false,"jetpack_post_was_ever_published":false,"_jetpack_newsletter_access":"","_jetpack_dont_email_post_to_subs":false,"_jetpack_newsletter_tier_id":0,"_jetpack_memberships_contains_paywalled_content":false,"_jetpack_memberships_contains_paid_content":false,"footnotes":"","jetpack_publicize_message":"","jetpack_publicize_feature_enabled":true,"jetpack_social_post_already_shared":false,"jetpack_social_options":{"image_generator_settings":{"template":"highway","enabled":false},"version":2}},"categories":[4,21],"tags":[59,775],"class_list":["post-67330","post","type-post","status-publish","format-standard","has-post-thumbnail","hentry","category-destacadas","category-locales","tag-gerardo-zamora","tag-guillermo-francos"],"aioseo_notices":[],"views":12,"jetpack_publicize_connections":[],"jetpack_featured_media_url":"https:\/\/i0.wp.com\/elterritorialweb.com.ar\/web\/wp-content\/uploads\/2024\/07\/zamora-francos.jpg?fit=1596%2C900&ssl=1","jetpack_sharing_enabled":true,"_links":{"self":[{"href":"https:\/\/elterritorialweb.com.ar\/web\/wp-json\/wp\/v2\/posts\/67330","targetHints":{"allow":["GET"]}}],"collection":[{"href":"https:\/\/elterritorialweb.com.ar\/web\/wp-json\/wp\/v2\/posts"}],"about":[{"href":"https:\/\/elterritorialweb.com.ar\/web\/wp-json\/wp\/v2\/types\/post"}],"author":[{"embeddable":true,"href":"https:\/\/elterritorialweb.com.ar\/web\/wp-json\/wp\/v2\/users\/2"}],"replies":[{"embeddable":true,"href":"https:\/\/elterritorialweb.com.ar\/web\/wp-json\/wp\/v2\/comments?post=67330"}],"version-history":[{"count":1,"href":"https:\/\/elterritorialweb.com.ar\/web\/wp-json\/wp\/v2\/posts\/67330\/revisions"}],"predecessor-version":[{"id":67332,"href":"https:\/\/elterritorialweb.com.ar\/web\/wp-json\/wp\/v2\/posts\/67330\/revisions\/67332"}],"wp:featuredmedia":[{"embeddable":true,"href":"https:\/\/elterritorialweb.com.ar\/web\/wp-json\/wp\/v2\/media\/67331"}],"wp:attachment":[{"href":"https:\/\/elterritorialweb.com.ar\/web\/wp-json\/wp\/v2\/media?parent=67330"}],"wp:term":[{"taxonomy":"category","embeddable":true,"href":"https:\/\/elterritorialweb.com.ar\/web\/wp-json\/wp\/v2\/categories?post=67330"},{"taxonomy":"post_tag","embeddable":true,"href":"https:\/\/elterritorialweb.com.ar\/web\/wp-json\/wp\/v2\/tags?post=67330"}],"curies":[{"name":"wp","href":"https:\/\/api.w.org\/{rel}","templated":true}]}}