{"id":67333,"date":"2024-07-02T21:59:34","date_gmt":"2024-07-02T21:59:34","guid":{"rendered":"http:\/\/elterritorialweb.com.ar\/web\/?p=67333"},"modified":"2024-07-02T21:59:36","modified_gmt":"2024-07-02T21:59:36","slug":"milei-repudio-el-intento-de-golpe-de-estado-en-bolivia-y-volvio-a-cargar-contra-lula","status":"publish","type":"post","link":"https:\/\/elterritorialweb.com.ar\/web\/milei-repudio-el-intento-de-golpe-de-estado-en-bolivia-y-volvio-a-cargar-contra-lula\/","title":{"rendered":"MILEI REPUDI\u00d3 EL INTENTO DE GOLPE DE ESTADO EN BOLIVIA Y VOLVI\u00d3 A CARGAR CONTRA LULA"},"content":{"rendered":"\n<p>En los \u00faltimos d\u00edas, <strong>Javier Milei <\/strong>abri\u00f3 dos nuevos focos de tensi\u00f3n diplom\u00e1tica al repudiar la <em><strong>\u00abfalsa denuncia de golpe de Estado\u00bb <\/strong><\/em>en Bolivia hecha por Luis Arce, y reafirmar sus insultos de<strong><em> \u00abcorrupto\u00bb y \u00abcomunista\u00bb<\/em><\/strong> hacia su hom\u00f3logo de Brasil, Lula da Silva. Ahora, en las \u00faltimas horas, el Presidente respondi\u00f3 a las cr\u00edticas con una publicaci\u00f3n en redes que titul\u00f3 <strong><em>\u00abEl perfecto dinosaurio idiota\u00bb<\/em><\/strong>.<\/p>\n\n\n\n<figure class=\"wp-block-embed is-type-rich is-provider-twitter wp-block-embed-twitter\"><div class=\"wp-block-embed__wrapper\">\n<blockquote class=\"twitter-tweet\" data-width=\"550\" data-dnt=\"true\"><p lang=\"es\" dir=\"ltr\">EL PERFECTO DINOSAURIO IDIOTA<br>1. Se come la curva en el caso Bolivia y me critica por no declarar de modo inmediato;<br>2. Se conoce el fraude montado en Bolivia y el perfecto idiota, en lugar de aceptar su error me critica por dejar su estupidez a la vista;<br>3. Luego de las\u2026<\/p>&mdash; Javier Milei (@JMilei) <a href=\"https:\/\/twitter.com\/JMilei\/status\/1808080124874523060?ref_src=twsrc%5Etfw\">July 2, 2024<\/a><\/blockquote><script async src=\"https:\/\/platform.twitter.com\/widgets.js\" charset=\"utf-8\"><\/script>\n<\/div><\/figure>\n\n\n\n<p>En el caso de Bolivia, el pasado fin de semana<strong> la Casa Rosada se aline\u00f3 con el exmandatario Evo Morales<\/strong>, <strong>quien dijo que el golpe militar del destituido jefe militar Juan Jos\u00e9 Zu\u00f1iga contra el gobierno boliviano fue un \u00abautogolpe\u00bb<\/strong>. El gobierno de Bolivia repudi\u00f3 la falsa acusaci\u00f3n de golpe de Estado y calific\u00f3 la situaci\u00f3n como fraudulenta.<\/p>\n\n\n\n<p>Esta postura llev\u00f3 a Luis Arce a llamar a consultas a su embajador en Argentina, Ramiro Tapia. <strong>El gobierno boliviano conden\u00f3 duramente las declaraciones de la Casa Rosada, calific\u00e1ndolas como \u00abinamistosas y temerarias\u00bb, y denunci\u00f3 un negacionismo inaceptable<\/strong>. La ministra y portavoz de la presidencia, Mar\u00eda Nela Prada, convoc\u00f3 al representante diplom\u00e1tico argentino, Marcelo Massoni.<\/p>\n\n\n\n<p>En cuanto a Brasil, <strong>Milei tiene un enfrentamiento ideol\u00f3gico con Lula, a quien ha criticado en varias ocasiones, incluso antes de convertirse en presidente<\/strong>. En las \u00faltimas horas, el presidente argentino decidi\u00f3 no participar en la cumbre del Mercosur en Asunci\u00f3n el pr\u00f3ximo lunes 8 de julio para evitar un enfrentamiento con un colega brasile\u00f1o que le exigi\u00f3 disculpas por sus comentarios.<\/p>\n\n\n\n<p>En su lugar, se confirm\u00f3 que <strong>el presidente viajar\u00e1 a Brasil para participar en un evento junto a Jair Bolsonaro<\/strong>. Se trata de la Conferencia de Acci\u00f3n Pol\u00edtica Conservadora, CPAC, en la ciudad balnearia de Cambori\u00fa.<\/p>\n\n\n\n<p>Esta ser\u00eda la <strong>primera visita de Milei a Brasil desde que asumi\u00f3 el poder en diciembre del a\u00f1o pasado<\/strong>. El l\u00edder libertario no ha tenido ning\u00fan encuentro privado con Lula da Silva hasta el momento, ni siquiera ha hablado con \u00e9l por tel\u00e9fono.<\/p>\n","protected":false},"excerpt":{"rendered":"<p>El presidente respondi\u00f3 a las cr\u00edticas sobre sus \u00faltimas declaraciones que pusieron en tensi\u00f3n las relaciones diplom\u00e1ticas con ambos pa\u00edses. Lo hizo con una publicaci\u00f3n en redes sociales que titul\u00f3 como \u00abEl perfecto dinosaurio idiota\u00bb.<\/p>\n","protected":false},"author":2,"featured_media":63498,"comment_status":"open","ping_status":"open","sticky":false,"template":"","format":"standard","meta":{"om_disable_all_campaigns":false,"_monsterinsights_skip_tracking":false,"_monsterinsights_sitenote_active":false,"_monsterinsights_sitenote_note":"","_monsterinsights_sitenote_category":0,"_uf_show_specific_survey":0,"_uf_disable_surveys":false,"jetpack_post_was_ever_published":false,"_jetpack_newsletter_access":"","_jetpack_dont_email_post_to_subs":false,"_jetpack_newsletter_tier_id":0,"_jetpack_memberships_contains_paywalled_content":false,"_jetpack_memberships_contains_paid_content":false,"footnotes":"","jetpack_publicize_message":"","jetpack_publicize_feature_enabled":true,"jetpack_social_post_already_shared":false,"jetpack_social_options":{"image_generator_settings":{"template":"highway","enabled":false},"version":2}},"categories":[4,7],"tags":[92],"class_list":["post-67333","post","type-post","status-publish","format-standard","has-post-thumbnail","hentry","category-destacadas","category-nacionales","tag-javier-milei"],"aioseo_notices":[],"views":12,"jetpack_publicize_connections":[],"jetpack_featured_media_url":"https:\/\/i0.wp.com\/elterritorialweb.com.ar\/web\/wp-content\/uploads\/2024\/02\/MILEI.jpg?fit=862%2C448&ssl=1","jetpack_sharing_enabled":true,"_links":{"self":[{"href":"https:\/\/elterritorialweb.com.ar\/web\/wp-json\/wp\/v2\/posts\/67333","targetHints":{"allow":["GET"]}}],"collection":[{"href":"https:\/\/elterritorialweb.com.ar\/web\/wp-json\/wp\/v2\/posts"}],"about":[{"href":"https:\/\/elterritorialweb.com.ar\/web\/wp-json\/wp\/v2\/types\/post"}],"author":[{"embeddable":true,"href":"https:\/\/elterritorialweb.com.ar\/web\/wp-json\/wp\/v2\/users\/2"}],"replies":[{"embeddable":true,"href":"https:\/\/elterritorialweb.com.ar\/web\/wp-json\/wp\/v2\/comments?post=67333"}],"version-history":[{"count":1,"href":"https:\/\/elterritorialweb.com.ar\/web\/wp-json\/wp\/v2\/posts\/67333\/revisions"}],"predecessor-version":[{"id":67334,"href":"https:\/\/elterritorialweb.com.ar\/web\/wp-json\/wp\/v2\/posts\/67333\/revisions\/67334"}],"wp:featuredmedia":[{"embeddable":true,"href":"https:\/\/elterritorialweb.com.ar\/web\/wp-json\/wp\/v2\/media\/63498"}],"wp:attachment":[{"href":"https:\/\/elterritorialweb.com.ar\/web\/wp-json\/wp\/v2\/media?parent=67333"}],"wp:term":[{"taxonomy":"category","embeddable":true,"href":"https:\/\/elterritorialweb.com.ar\/web\/wp-json\/wp\/v2\/categories?post=67333"},{"taxonomy":"post_tag","embeddable":true,"href":"https:\/\/elterritorialweb.com.ar\/web\/wp-json\/wp\/v2\/tags?post=67333"}],"curies":[{"name":"wp","href":"https:\/\/api.w.org\/{rel}","templated":true}]}}