{"id":67362,"date":"2024-07-04T11:34:19","date_gmt":"2024-07-04T11:34:19","guid":{"rendered":"https:\/\/elterritorialweb.com.ar\/web\/?p=67362"},"modified":"2024-07-04T11:34:21","modified_gmt":"2024-07-04T11:34:21","slug":"la-banda-incorpora-el-newcom-para-adultos-mayores-en-el-gimnasio-municipal","status":"publish","type":"post","link":"https:\/\/elterritorialweb.com.ar\/web\/la-banda-incorpora-el-newcom-para-adultos-mayores-en-el-gimnasio-municipal\/","title":{"rendered":"LA BANDA INCORPORA EL NEWCOM PARA ADULTOS MAYORES EN EL GIMNASIO MUNICIPAL"},"content":{"rendered":"\n<p>En este sentido, la encargada de la Oficina de Adultos Mayores, Mariana Santill\u00e1n Trejo, se\u00f1al\u00f3: \u00abEstamos arrancando con las clases de Newcom, que es v\u00f3ley adaptado para adultos mayores. Es un gran anuncio, muy importante, fomentar la salud, la movilidad y la actividad f\u00edsica. Las clases comenzar\u00e1n este s\u00e1bado a las 14:30\u00bb.<br>El Newcom es una variante del voleibol adaptada para adultos mayores, dise\u00f1ada para ser menos exigente f\u00edsicamente, con movimientos suaves y sin grandes rebotes.<br>Por su parte, la profesora Margarita Graciela Paz, explic\u00f3: \u00abEl Newcom es muy adecuado para los adultos mayores porque busca preservar su salud. Es un deporte que, aunque implica esfuerzo, este es liviano a moderado. Hay dos categor\u00edas: recreativa y competitiva, y nuestro objetivo principal es formar la categor\u00eda recreativa inicialmente.\u00bb<br>Asimismo, Paz destac\u00f3 la importancia de este deporte para la integraci\u00f3n social de los adultos mayores. \u00abEs el momento de disfrutar de la jubilaci\u00f3n, reintegrarse con otros grupos sociales, y participar en competencias recreativas y luego competitivas. Adem\u00e1s, se fomenta el tercer tiempo, donde se comparte un caf\u00e9 o un mate, lo que ayuda a unir al grupo.\u00bb<br>El director de Deporte, Mario C\u00e1ceres coment\u00f3: \u00abUna alegr\u00eda grande recibir el proyecto del Newcom. Nuestro Intendente, Ing. Roger El\u00edas Nediani, siempre nos ha impulsado a ser inclusivos en todas las disciplinas deportivas. Ahora, con el Newcom, tambi\u00e9n los adultos mayores tienen un espacio donde practicar deporte para su salud. Les brindamos todas las facilidades necesarias, incluyendo el uso del sal\u00f3n y el gimnasio.\u00bb<br>Por otra parte, la presidente de la Junta Vecinal 133, del barrio Palermo, Sandra de Rodr\u00edguez agradeci\u00f3 al intendente, Ing. Roger El\u00edas Nediani, al viceintendente, Gabriel Santill\u00e1n y a todos los funcionarios por tal apertura y apoyo al comienzo de \u00e9sta propuesta, impulsada por dicha junta.<br>El Gimnasio Municipal se encuentra preparado para recibir a los adultos mayores interesados en participar. Las inscripciones ya est\u00e1n abiertas y se espera una gran convocatoria.<\/p>\n\n\n\n<p>T\u00cdTULO: Empleados municipales participaron de taller informativo sobre \u201cViolencia de g\u00e9nero en el trabajo\u201d<\/p>\n\n\n\n<p>Por iniciativa del intendente Ing. Roger E. Nediani, en la ma\u00f1ana del mi\u00e9rcoles, la Direcci\u00f3n de G\u00e9nero dependiente de la Secretar\u00eda de Coordinaci\u00f3n y Desarrollo Territorial de la Municipalidad de La Banda, llev\u00f3 a cabo un taller informativo sobre \u201cViolencia de g\u00e9nero en el trabajo\u201d en la Oficina de Informaci\u00f3n Ciudadana.<br>El objetivo principal de estos talleres es sensibilizar y capacitar en perspectiva de g\u00e9nero a todos los empleados y empleadas municipales de la ciudad.<br>En la oportunidad, la integrante del \u00e1rea de g\u00e9nero, Alejandra Luna Maggio, coment\u00f3: \u201cEstamos realizando talleres de prevenci\u00f3n por motivos de violencia de g\u00e9nero, en este caso en el \u00e1mbito laboral, que est\u00e1 enmarcado en el programa que tiene en cuenta la prevenci\u00f3n de violencia g\u00e9nero, que se manifiesta en diferentes situaciones\u201d.<br>\u201cLa idea principal de la direcci\u00f3n es trabajar en cuanto a la prevenci\u00f3n y concientizaci\u00f3n, as\u00ed que por eso estamos llevando a cabo estos encuentros en diferentes \u00e1reas\u201d.<br>Agreg\u00f3: \u201cEs importante tener en cuenta la perspectiva y mirada de g\u00e9nero en todos los aspectos de nuestra vida. Hay que involucrarnos de manera m\u00e1s emp\u00e1tica para poder orientar a las personas que est\u00e1n atravesando esta situaci\u00f3n de violencia y trabajar en la prevenci\u00f3n\u201d.<br>Por su parte, la responsable de la Oficina de Informaci\u00f3n Ciudadana, Karina N\u00fa\u00f1ez, destac\u00f3: \u201cDesde nuestra oficina, dependiente de la Secretar\u00eda de Comunicaci\u00f3n, nos adherimos a este taller de concientizaci\u00f3n por violencia de g\u00e9nero siguiendo tambi\u00e9n lo que el intendente Roger Nediani nos inculca que es la protecci\u00f3n dentro del trabajo y como el conocimiento te brinda libertad, entonces el saber nos permite identificar diferentes situaciones y tener las herramientas necesarias para no ser v\u00edctimas, sino identificadoras de un cambio\u201d.<br>\u201cEs muy importante que en cada \u00e1mbito, como en este caso el laboral, se busque la igualdad y el respeto. Agradecemos el espacio que nos brind\u00f3 el taller para conversar y compartir conocimientos, en donde aprendimos a defendernos, cuidarnos y respetarnos por sobre todas las cosas\u201d, finaliz\u00f3 Nu\u00f1ez.<br>La iniciativa refleja el compromiso de las pol\u00edticas p\u00fablicas impulsadas desde la gesti\u00f3n del intendente Ing. Roger Nediani en la promoci\u00f3n de la igualdad de g\u00e9nero y el respeto hacia todas las personas en el \u00e1mbito laboral.<br>La Direcci\u00f3n de G\u00e9nero funciona en las instalaciones ubicadas en calle Ameghino N\u00b0 104 de lunes a viernes de 8 a 13, en donde los vecinos que lo requieran podr\u00e1n recibir de manera gratuita contenci\u00f3n psicol\u00f3gica y asesoramiento legal para superar situaciones relacionadas a la violencia de g\u00e9nero.<\/p>\n\n\n\n<p>T\u00cdTULO: El Renzi renueva su cartelera con la pel\u00edcula de terror y ciencia ficci\u00f3n \u201cUn lugar en silencio: D\u00eda uno\u201d<\/p>\n\n\n\n<p>El Cine Teatro Renzi dependiente de la Secretar\u00eda de Comunicaci\u00f3n inform\u00f3 que renueva cartelera desde el jueves 4 hasta el mi\u00e9rcoles 10 con el estreno de la pel\u00edcula de terror y ciencia ficci\u00f3n \u201cUn lugar en silencio: D\u00eda uno\u201d.<br>\u201cUn lugar en silencio: D\u00eda uno\u201d se proyectar\u00e1 a las 22.30 y cuenta la historia de una mujer llamada Sam quien trata de sobrevivir a una invasi\u00f3n en la ciudad de Nueva York por criaturas alien\u00edgenas sedientas de sangre con o\u00eddos ultras\u00f3nicos.<br>Mientras que como parte de las propuestas para el p\u00fablico infantil se mantendr\u00e1n en cartelera \u201cIntensamente 2\u201d en los horarios de las 15.30 y las 18.55 y \u201cMi villano favorito 4\u201d a las 17.20hs.<br>Finalmente, como parte del Espacio INCAA podr\u00e1 verse del jueves 4 al domingo 7 a las 20.45 \u201cLos justos\u201d que cuenta la historia de Atilio que comienza una nueva etapa de su vida cuando su hija M\u00f3nica toma la dif\u00edcil decisi\u00f3n de ingresarlo en un geri\u00e1trico. All\u00ed conoce a Beto, un se\u00f1or ocurrente y buscador, que le facilita la posibilidad de salir clandestinamente. Se escapan juntos del geri\u00e1trico para visitar la tumba de su difunta esposa. Durante el silencio de la medianoche son testigos en el cementerio de un operativo encubierto de lavado de dinero, desde ah\u00ed comenzar\u00e1n a involucrarse en la investigaci\u00f3n y de esta forma aprovechar la oportunidad de darle un nuevo sentido a sus vidas.<br>Desde el lunes 8 al mi\u00e9rcoles 10 a las 20.45 se presentar\u00e1 \u201cDespierta Mam\u00e1\u201d que se ambienta en un peque\u00f1o pueblo en medio de la monta\u00f1a, donde una ni\u00f1a desaparece sin dejar rastro. A medida que los secretos m\u00e1s oscuros del pueblo comienzan a revelarse, desesperada, la madre de la peque\u00f1a, emprende una incansable b\u00fasqueda tratando de encontrarla antes de que sea demasiado tarde.<br>Desde el \u00e1rea se indic\u00f3 que el valor de las entradas generales es de $3500; de lunes a mi\u00e9rcoles $3000; 2&#215;1 para empleados municipales de lunes a mi\u00e9rcoles $3500; y las pel\u00edculas del Espacio INCAA $400.<\/p>\n\n\n\n<p>T\u00cdTULO: El municipio bande\u00f1o desarroll\u00f3 un amplio cronograma de riego durante el inicio de la semana<\/p>\n\n\n\n<p>Durante el comienzo de semana la Direcci\u00f3n de Riego perteneciente a la Secretar\u00eda de Servicios P\u00fablicos de la Municipalidad de La Banda, comenz\u00f3 a desarrollar un nuevo operativo semanal de riego que comprende gran parte de la ciudad.<br>El riego de calles se realiz\u00f3 en dos turnos, por la ma\u00f1ana esta tarea se realiz\u00f3 en los barrios Tabla Redonda, Villa Margarita, Jard\u00edn y en la calle Rebotaro, desde la calle Monteagudo hasta la entrada del barrio Jard\u00edn.<br>Continu\u00f3 en el desv\u00edo del barrio Tabla Redonda, La Fraternidad, Finca de Ramos, Ramos Taboada, Banfield, Las Palomas, \u00c1lamos II, calle 1002 hasta la Ruta 34, Ampliaci\u00f3n 540 y 250 Viviendas y en la calle Rebotaro.<br>Por la tarde, el riego de calles se efectu\u00f3 en los barrios El Rinc\u00f3n, Ampliaci\u00f3n 25 de Mayo, Villa Nueva, Villa Rojas Este y Oeste, calle \u00c1frica del barrio Avenida, barrio 9 de Julio, San Javier, Lourdes, El Cruce, San Fernando, Para\u00edso, Ampliaci\u00f3n Para\u00edso, Constituci\u00f3n y San Mart\u00edn.<br>Continu\u00f3 en los barrios Villa In\u00e9s, Villa Griselda, Palermo, Bajo Moreno, Ampliaci\u00f3n Palermo, Besares, Los Lagos, Villa Juana, Argentino Norte Oeste, recorrido del colectivo de La Fraternidad, Rebotaro desde la calle Monteagudo hasta la Calle 1006, recorrido del colectivo en el barrio Central Argentino, calle Tucum\u00e1n hasta la Ruta 11, Villa Suaya, Matadero Viejo y \u00c1lamos l.<br>Por disposici\u00f3n del intendente Roger Nediani, el cronograma de riego de calles continuar\u00e1 desarroll\u00e1ndose durante toda la semana con el fin de mantener en condiciones las calles de tierra y espacios p\u00fablicos.<\/p>\n","protected":false},"excerpt":{"rendered":"<p>Por iniciativa del intendente de La Banda, Ing. Roger El\u00edas Nediani, se anunci\u00f3 la incorporaci\u00f3n de una nueva disciplina deportiva destinada a los adultos mayores en el Gimnasio Municipal.<\/p>\n","protected":false},"author":2,"featured_media":67364,"comment_status":"open","ping_status":"open","sticky":false,"template":"","format":"standard","meta":{"om_disable_all_campaigns":false,"_monsterinsights_skip_tracking":false,"_monsterinsights_sitenote_active":false,"_monsterinsights_sitenote_note":"","_monsterinsights_sitenote_category":0,"_uf_show_specific_survey":0,"_uf_disable_surveys":false,"jetpack_post_was_ever_published":false,"_jetpack_newsletter_access":"","_jetpack_dont_email_post_to_subs":false,"_jetpack_newsletter_tier_id":0,"_jetpack_memberships_contains_paywalled_content":false,"_jetpack_memberships_contains_paid_content":false,"footnotes":"","jetpack_publicize_message":"","jetpack_publicize_feature_enabled":true,"jetpack_social_post_already_shared":false,"jetpack_social_options":{"image_generator_settings":{"template":"highway","enabled":false},"version":2}},"categories":[9],"tags":[71],"class_list":["post-67362","post","type-post","status-publish","format-standard","has-post-thumbnail","hentry","category-banda","tag-municipalidad-de-la-banda"],"aioseo_notices":[],"views":17,"jetpack_publicize_connections":[],"jetpack_featured_media_url":"https:\/\/i0.wp.com\/elterritorialweb.com.ar\/web\/wp-content\/uploads\/2024\/07\/IMG-20240703-WA0048.jpg?fit=1600%2C1057&ssl=1","jetpack_sharing_enabled":true,"_links":{"self":[{"href":"https:\/\/elterritorialweb.com.ar\/web\/wp-json\/wp\/v2\/posts\/67362","targetHints":{"allow":["GET"]}}],"collection":[{"href":"https:\/\/elterritorialweb.com.ar\/web\/wp-json\/wp\/v2\/posts"}],"about":[{"href":"https:\/\/elterritorialweb.com.ar\/web\/wp-json\/wp\/v2\/types\/post"}],"author":[{"embeddable":true,"href":"https:\/\/elterritorialweb.com.ar\/web\/wp-json\/wp\/v2\/users\/2"}],"replies":[{"embeddable":true,"href":"https:\/\/elterritorialweb.com.ar\/web\/wp-json\/wp\/v2\/comments?post=67362"}],"version-history":[{"count":1,"href":"https:\/\/elterritorialweb.com.ar\/web\/wp-json\/wp\/v2\/posts\/67362\/revisions"}],"predecessor-version":[{"id":67365,"href":"https:\/\/elterritorialweb.com.ar\/web\/wp-json\/wp\/v2\/posts\/67362\/revisions\/67365"}],"wp:featuredmedia":[{"embeddable":true,"href":"https:\/\/elterritorialweb.com.ar\/web\/wp-json\/wp\/v2\/media\/67364"}],"wp:attachment":[{"href":"https:\/\/elterritorialweb.com.ar\/web\/wp-json\/wp\/v2\/media?parent=67362"}],"wp:term":[{"taxonomy":"category","embeddable":true,"href":"https:\/\/elterritorialweb.com.ar\/web\/wp-json\/wp\/v2\/categories?post=67362"},{"taxonomy":"post_tag","embeddable":true,"href":"https:\/\/elterritorialweb.com.ar\/web\/wp-json\/wp\/v2\/tags?post=67362"}],"curies":[{"name":"wp","href":"https:\/\/api.w.org\/{rel}","templated":true}]}}