{"id":67496,"date":"2024-07-08T14:41:06","date_gmt":"2024-07-08T14:41:06","guid":{"rendered":"http:\/\/elterritorialweb.com.ar\/web\/?p=67496"},"modified":"2024-07-08T14:41:56","modified_gmt":"2024-07-08T14:41:56","slug":"termas-tuvo-un-gran-fin-de-semana-con-el-track-day-de-autos","status":"publish","type":"post","link":"https:\/\/elterritorialweb.com.ar\/web\/termas-tuvo-un-gran-fin-de-semana-con-el-track-day-de-autos\/","title":{"rendered":"TERMAS TUVO UN GRAN FIN DE SEMANA CON EL TRACK DAY DE AUTOS"},"content":{"rendered":"\n<p>La jornada comenz\u00f3 en horas de la ma\u00f1ana, donde los asistentes pudieron disfrutar del circuito en todo su esplendor.<\/p>\n\n\n\n<p>La grilla estuvo compuesta por una gran&nbsp;<strong>variedad de marcas y modelos de veh\u00edculos deportivos, cl\u00e1sicos y de competici\u00f3n<\/strong>.<\/p>\n\n\n\n<figure class=\"wp-block-gallery has-nested-images columns-default is-cropped wp-block-gallery-1 is-layout-flex wp-block-gallery-is-layout-flex\">\n<figure class=\"wp-block-image size-large\"><a href=\"https:\/\/i0.wp.com\/elterritorialweb.com.ar\/web\/wp-content\/uploads\/2024\/07\/TRACK-DAY-1.jpeg\"><img data-recalc-dims=\"1\" decoding=\"async\" width=\"640\" height=\"426\" data-id=\"67498\" data-src=\"https:\/\/i0.wp.com\/elterritorialweb.com.ar\/web\/wp-content\/uploads\/2024\/07\/TRACK-DAY-1.jpeg?resize=640%2C426\" alt=\"\" class=\"wp-image-67498 lazyload\" data-srcset=\"https:\/\/i0.wp.com\/elterritorialweb.com.ar\/web\/wp-content\/uploads\/2024\/07\/TRACK-DAY-1.jpeg?resize=1024%2C682&amp;ssl=1 1024w, https:\/\/i0.wp.com\/elterritorialweb.com.ar\/web\/wp-content\/uploads\/2024\/07\/TRACK-DAY-1.jpeg?resize=300%2C200&amp;ssl=1 300w, https:\/\/i0.wp.com\/elterritorialweb.com.ar\/web\/wp-content\/uploads\/2024\/07\/TRACK-DAY-1.jpeg?resize=768%2C512&amp;ssl=1 768w, https:\/\/i0.wp.com\/elterritorialweb.com.ar\/web\/wp-content\/uploads\/2024\/07\/TRACK-DAY-1.jpeg?w=1280&amp;ssl=1 1280w\" data-sizes=\"(max-width: 640px) 100vw, 640px\" src=\"data:image\/svg+xml;base64,PHN2ZyB3aWR0aD0iMSIgaGVpZ2h0PSIxIiB4bWxucz0iaHR0cDovL3d3dy53My5vcmcvMjAwMC9zdmciPjwvc3ZnPg==\" style=\"--smush-placeholder-width: 640px; --smush-placeholder-aspect-ratio: 640\/426;\" \/><\/a><\/figure>\n\n\n\n<figure class=\"wp-block-image size-large\"><a href=\"https:\/\/i0.wp.com\/elterritorialweb.com.ar\/web\/wp-content\/uploads\/2024\/07\/TRACK-DAY-2.jpeg\"><img data-recalc-dims=\"1\" decoding=\"async\" width=\"640\" height=\"390\" data-id=\"67499\" data-src=\"https:\/\/i0.wp.com\/elterritorialweb.com.ar\/web\/wp-content\/uploads\/2024\/07\/TRACK-DAY-2.jpeg?resize=640%2C390\" alt=\"\" class=\"wp-image-67499 lazyload\" data-srcset=\"https:\/\/i0.wp.com\/elterritorialweb.com.ar\/web\/wp-content\/uploads\/2024\/07\/TRACK-DAY-2.jpeg?w=955&amp;ssl=1 955w, https:\/\/i0.wp.com\/elterritorialweb.com.ar\/web\/wp-content\/uploads\/2024\/07\/TRACK-DAY-2.jpeg?resize=300%2C183&amp;ssl=1 300w, https:\/\/i0.wp.com\/elterritorialweb.com.ar\/web\/wp-content\/uploads\/2024\/07\/TRACK-DAY-2.jpeg?resize=768%2C468&amp;ssl=1 768w\" data-sizes=\"(max-width: 640px) 100vw, 640px\" src=\"data:image\/svg+xml;base64,PHN2ZyB3aWR0aD0iMSIgaGVpZ2h0PSIxIiB4bWxucz0iaHR0cDovL3d3dy53My5vcmcvMjAwMC9zdmciPjwvc3ZnPg==\" style=\"--smush-placeholder-width: 640px; --smush-placeholder-aspect-ratio: 640\/390;\" \/><\/a><\/figure>\n<\/figure>\n\n\n\n<p>Este evento&nbsp;<strong>automovil\u00edstico<\/strong>&nbsp;ofreci\u00f3 un espect\u00e1culo \u00fanico para los amantes de los autos, quienes pudieron apreciar el rendimiento y la potencia de sus veh\u00edculos en un entorno controlado y seguro.<\/p>\n\n\n\n<p>El&nbsp;<strong>Track Day de Las Termas de R\u00edo Hondo<\/strong>&nbsp;se ha consolidado como uno de los eventos m\u00e1s importantes del&nbsp;<strong>calendario santiague\u00f1o, ofreciendo una plataforma ideal para los pilotos<\/strong>. Sin duda, esta edici\u00f3n dej\u00f3 expectativas altas para futuros encuentros.<\/p>\n","protected":false},"excerpt":{"rendered":"<p>Culmin\u00f3 con \u00e9xito este domingo una nueva edici\u00f3n del Track Day de Autos en el Aut\u00f3dromo Internacional de Las Termas de R\u00edo Hondo.<\/p>\n","protected":false},"author":2,"featured_media":67497,"comment_status":"open","ping_status":"open","sticky":false,"template":"","format":"standard","meta":{"om_disable_all_campaigns":false,"_monsterinsights_skip_tracking":false,"_monsterinsights_sitenote_active":false,"_monsterinsights_sitenote_note":"","_monsterinsights_sitenote_category":0,"_uf_show_specific_survey":0,"_uf_disable_surveys":false,"jetpack_post_was_ever_published":false,"_jetpack_newsletter_access":"","_jetpack_dont_email_post_to_subs":false,"_jetpack_newsletter_tier_id":0,"_jetpack_memberships_contains_paywalled_content":false,"_jetpack_memberships_contains_paid_content":false,"footnotes":"","jetpack_publicize_message":"","jetpack_publicize_feature_enabled":true,"jetpack_social_post_already_shared":false,"jetpack_social_options":{"image_generator_settings":{"template":"highway","enabled":false},"version":2}},"categories":[6],"tags":[228,996],"class_list":["post-67496","post","type-post","status-publish","format-standard","has-post-thumbnail","hentry","category-deportes","tag-autodromo-internacional-termas-de-rio-hondo","tag-track-day"],"aioseo_notices":[],"views":9,"jetpack_publicize_connections":[],"jetpack_featured_media_url":"https:\/\/i0.wp.com\/elterritorialweb.com.ar\/web\/wp-content\/uploads\/2024\/07\/TRACK-DAY.jpeg?fit=1280%2C776&ssl=1","jetpack_sharing_enabled":true,"_links":{"self":[{"href":"https:\/\/elterritorialweb.com.ar\/web\/wp-json\/wp\/v2\/posts\/67496","targetHints":{"allow":["GET"]}}],"collection":[{"href":"https:\/\/elterritorialweb.com.ar\/web\/wp-json\/wp\/v2\/posts"}],"about":[{"href":"https:\/\/elterritorialweb.com.ar\/web\/wp-json\/wp\/v2\/types\/post"}],"author":[{"embeddable":true,"href":"https:\/\/elterritorialweb.com.ar\/web\/wp-json\/wp\/v2\/users\/2"}],"replies":[{"embeddable":true,"href":"https:\/\/elterritorialweb.com.ar\/web\/wp-json\/wp\/v2\/comments?post=67496"}],"version-history":[{"count":1,"href":"https:\/\/elterritorialweb.com.ar\/web\/wp-json\/wp\/v2\/posts\/67496\/revisions"}],"predecessor-version":[{"id":67500,"href":"https:\/\/elterritorialweb.com.ar\/web\/wp-json\/wp\/v2\/posts\/67496\/revisions\/67500"}],"wp:featuredmedia":[{"embeddable":true,"href":"https:\/\/elterritorialweb.com.ar\/web\/wp-json\/wp\/v2\/media\/67497"}],"wp:attachment":[{"href":"https:\/\/elterritorialweb.com.ar\/web\/wp-json\/wp\/v2\/media?parent=67496"}],"wp:term":[{"taxonomy":"category","embeddable":true,"href":"https:\/\/elterritorialweb.com.ar\/web\/wp-json\/wp\/v2\/categories?post=67496"},{"taxonomy":"post_tag","embeddable":true,"href":"https:\/\/elterritorialweb.com.ar\/web\/wp-json\/wp\/v2\/tags?post=67496"}],"curies":[{"name":"wp","href":"https:\/\/api.w.org\/{rel}","templated":true}]}}