{"id":67501,"date":"2024-07-08T14:50:02","date_gmt":"2024-07-08T14:50:02","guid":{"rendered":"http:\/\/elterritorialweb.com.ar\/web\/?p=67501"},"modified":"2024-07-08T14:50:08","modified_gmt":"2024-07-08T14:50:08","slug":"scaloni-analiza-cambios-para-enfrentar-a-canada","status":"publish","type":"post","link":"https:\/\/elterritorialweb.com.ar\/web\/scaloni-analiza-cambios-para-enfrentar-a-canada\/","title":{"rendered":"SCALONI ANALIZA CAMBIOS PARA ENFRENTAR A CANADA"},"content":{"rendered":"\n<p>El entrenador de la Selecci\u00f3n argentina,\u00a0<strong>Lionel Scaloni<\/strong>, analiza modificar\u00a0el equipo que venci\u00f3 a\u00a0<strong>Ecuador\u00a0<\/strong>por penales por los cuartos de final de la\u00a0<strong>Copa Am\u00e9rica<\/strong>, de cara al cruce con\u00a0<strong>Canad\u00e1\u00a0<\/strong>en el que la albiceleste ir\u00e1 en b\u00fasqueda de disputar una nueva final.<\/p>\n\n\n\n<p>Scaloni analiza que\u00a0<strong>Leandro Paredes<\/strong>\u00a0regrese a la titularidad en lugar de\u00a0<strong>Enzo Fern\u00e1ndez<\/strong>\u00a0y que acompa\u00f1e a\u00a0<strong>Rodrigo De Paul\u00a0<\/strong>y\u00a0<strong>Alexis Mac Allister<\/strong>\u00a0en el mediocampo, por lo que el exfutbolista de River podr\u00eda quedar marginado nuevamente de la formaci\u00f3n inicial e integrar el banco de suplentes.<\/p>\n\n\n\n<p>En tanto,&nbsp;<strong>\u00c1ngel Di Mar\u00eda<\/strong>, quien es uno de los futbolistas m\u00e1s destacados por los simpatizantes de la albiceleste, podr\u00eda regresar al equipo en reemplazo de&nbsp;<strong>Nicol\u00e1s Gonz\u00e1lez.<\/strong>&nbsp;Adem\u00e1s,&nbsp;<strong>Gonzalo Montiel<\/strong>&nbsp;cuenta con chances de reemplazar a<strong>&nbsp;Nahuel Molina<\/strong>&nbsp;en el sector defensivo, mientras que el DT duda sobre si sostener a&nbsp;<strong>Lautaro Mart\u00ednez<\/strong>&nbsp;como titular o si jugar\u00e1<strong>&nbsp;Juli\u00e1n \u00c1lvarez<\/strong>&nbsp;en la delantera.<\/p>\n\n\n\n<p>Por otro lado, luego de la clasificaci\u00f3n a las semifinales de la Copa Am\u00e9rica,\u00a0Scaloni se refiri\u00f3 al estado f\u00edsico del astro\u00a0<strong>Lionel Messi<\/strong>, quien jug\u00f3 contra Ecuador tras recuperarse de una contractura. \u00abLe iba preguntando c\u00f3mo estaba y me dec\u00eda que bien. Termin\u00f3 bien, faltando 4 o 5 minutos le preguntamos de nuevo y estaba bien. Leo hizo un buen partido, le plantearon un sistema en el que siempre ten\u00eda uno o dos encima\u00bb, expres\u00f3 sobre el cruce con los ecuatorianos.<\/p>\n\n\n\n<p><\/p>\n","protected":false},"excerpt":{"rendered":"<p>El entrenador de la albiceleste analiza realizar modificaciones en el equipo de cara al partido con los canadienses por las semifinales del torneo, tras la clasificaci\u00f3n por penales frente a Ecuador.<\/p>\n","protected":false},"author":2,"featured_media":67502,"comment_status":"open","ping_status":"open","sticky":false,"template":"","format":"standard","meta":{"om_disable_all_campaigns":false,"_monsterinsights_skip_tracking":false,"_monsterinsights_sitenote_active":false,"_monsterinsights_sitenote_note":"","_monsterinsights_sitenote_category":0,"_uf_show_specific_survey":0,"_uf_disable_surveys":false,"jetpack_post_was_ever_published":false,"_jetpack_newsletter_access":"","_jetpack_dont_email_post_to_subs":false,"_jetpack_newsletter_tier_id":0,"_jetpack_memberships_contains_paywalled_content":false,"_jetpack_memberships_contains_paid_content":false,"footnotes":"","jetpack_publicize_message":"","jetpack_publicize_feature_enabled":true,"jetpack_social_post_already_shared":false,"jetpack_social_options":{"image_generator_settings":{"template":"highway","enabled":false},"version":2}},"categories":[6,4],"tags":[488,653,55],"class_list":["post-67501","post","type-post","status-publish","format-standard","has-post-thumbnail","hentry","category-deportes","category-destacadas","tag-copa-america-2024","tag-lionel-scaloni","tag-seleccion-argentina-de-futbol"],"aioseo_notices":[],"views":13,"jetpack_publicize_connections":[],"jetpack_featured_media_url":"https:\/\/i0.wp.com\/elterritorialweb.com.ar\/web\/wp-content\/uploads\/2024\/07\/LIONEL-SCALONI.jpg?fit=1200%2C675&ssl=1","jetpack_sharing_enabled":true,"_links":{"self":[{"href":"https:\/\/elterritorialweb.com.ar\/web\/wp-json\/wp\/v2\/posts\/67501","targetHints":{"allow":["GET"]}}],"collection":[{"href":"https:\/\/elterritorialweb.com.ar\/web\/wp-json\/wp\/v2\/posts"}],"about":[{"href":"https:\/\/elterritorialweb.com.ar\/web\/wp-json\/wp\/v2\/types\/post"}],"author":[{"embeddable":true,"href":"https:\/\/elterritorialweb.com.ar\/web\/wp-json\/wp\/v2\/users\/2"}],"replies":[{"embeddable":true,"href":"https:\/\/elterritorialweb.com.ar\/web\/wp-json\/wp\/v2\/comments?post=67501"}],"version-history":[{"count":1,"href":"https:\/\/elterritorialweb.com.ar\/web\/wp-json\/wp\/v2\/posts\/67501\/revisions"}],"predecessor-version":[{"id":67503,"href":"https:\/\/elterritorialweb.com.ar\/web\/wp-json\/wp\/v2\/posts\/67501\/revisions\/67503"}],"wp:featuredmedia":[{"embeddable":true,"href":"https:\/\/elterritorialweb.com.ar\/web\/wp-json\/wp\/v2\/media\/67502"}],"wp:attachment":[{"href":"https:\/\/elterritorialweb.com.ar\/web\/wp-json\/wp\/v2\/media?parent=67501"}],"wp:term":[{"taxonomy":"category","embeddable":true,"href":"https:\/\/elterritorialweb.com.ar\/web\/wp-json\/wp\/v2\/categories?post=67501"},{"taxonomy":"post_tag","embeddable":true,"href":"https:\/\/elterritorialweb.com.ar\/web\/wp-json\/wp\/v2\/tags?post=67501"}],"curies":[{"name":"wp","href":"https:\/\/api.w.org\/{rel}","templated":true}]}}