{"id":67507,"date":"2024-07-09T00:15:44","date_gmt":"2024-07-09T00:15:44","guid":{"rendered":"http:\/\/elterritorialweb.com.ar\/web\/?p=67507"},"modified":"2024-07-09T00:15:47","modified_gmt":"2024-07-09T00:15:47","slug":"lanzan-el-programa-felices-y-activos-para-adultos-mayores-en-colonia-el-simbolar","status":"publish","type":"post","link":"https:\/\/elterritorialweb.com.ar\/web\/lanzan-el-programa-felices-y-activos-para-adultos-mayores-en-colonia-el-simbolar\/","title":{"rendered":"LANZAN EL PROGRAMA \u00abFELICES Y ACTIVOS\u00bb PARA ADULTOS MAYORES EN COLONIA EL SIMBOLAR"},"content":{"rendered":"\n<p>La comisi\u00f3n municipal de Colonia El Simbolar (CES) realiz\u00f3 el lanzamiento de \u201cFelices y activos\u201d, un programa destinado a los adultos mayores de la localidad ubicada en el departamento Robles, que cuenta con diversas actividades recreativas.<\/p>\n\n\n\n<p>Durante el evento, los asistentes compartieron una merienda, disfrutaron de un espect\u00e1culo musical y participaron en sorteos y juegos. Adem\u00e1s, se obsequiaron golosinas por la \u201cSemana de la Dulzura\u201d.<\/p>\n\n\n\n<p>En su discurso, I\u00f1iguez destac\u00f3 que el programa \u201cera una promesa pendiente para nuestros adultos mayores\u201d, al tiempo que detall\u00f3 que \u201cconsiste en actividades recreativas que se realizan una vez al mes, con el objetivo de promover el bienestar y la integraci\u00f3n de nuestros mayores\u201d.<\/p>\n\n\n\n<figure class=\"wp-block-image size-large\"><a href=\"https:\/\/i0.wp.com\/elterritorialweb.com.ar\/web\/wp-content\/uploads\/2024\/07\/SimbolarAdultos3.jpg\"><img data-recalc-dims=\"1\" decoding=\"async\" width=\"640\" height=\"427\" data-src=\"https:\/\/i0.wp.com\/elterritorialweb.com.ar\/web\/wp-content\/uploads\/2024\/07\/SimbolarAdultos3.jpg?resize=640%2C427\" alt=\"\" class=\"wp-image-67509 lazyload\" data-srcset=\"https:\/\/i0.wp.com\/elterritorialweb.com.ar\/web\/wp-content\/uploads\/2024\/07\/SimbolarAdultos3.jpg?resize=1024%2C683&amp;ssl=1 1024w, https:\/\/i0.wp.com\/elterritorialweb.com.ar\/web\/wp-content\/uploads\/2024\/07\/SimbolarAdultos3.jpg?resize=300%2C200&amp;ssl=1 300w, https:\/\/i0.wp.com\/elterritorialweb.com.ar\/web\/wp-content\/uploads\/2024\/07\/SimbolarAdultos3.jpg?resize=768%2C512&amp;ssl=1 768w, https:\/\/i0.wp.com\/elterritorialweb.com.ar\/web\/wp-content\/uploads\/2024\/07\/SimbolarAdultos3.jpg?resize=1536%2C1024&amp;ssl=1 1536w, https:\/\/i0.wp.com\/elterritorialweb.com.ar\/web\/wp-content\/uploads\/2024\/07\/SimbolarAdultos3.jpg?w=2048&amp;ssl=1 2048w, https:\/\/i0.wp.com\/elterritorialweb.com.ar\/web\/wp-content\/uploads\/2024\/07\/SimbolarAdultos3.jpg?w=1280 1280w, https:\/\/i0.wp.com\/elterritorialweb.com.ar\/web\/wp-content\/uploads\/2024\/07\/SimbolarAdultos3.jpg?w=1920 1920w\" data-sizes=\"(max-width: 640px) 100vw, 640px\" src=\"data:image\/svg+xml;base64,PHN2ZyB3aWR0aD0iMSIgaGVpZ2h0PSIxIiB4bWxucz0iaHR0cDovL3d3dy53My5vcmcvMjAwMC9zdmciPjwvc3ZnPg==\" style=\"--smush-placeholder-width: 640px; --smush-placeholder-aspect-ratio: 640\/427;\" \/><\/a><\/figure>\n\n\n\n<p>El jefe comunal agradeci\u00f3 a los abuelos por su presencia y por formar parte de este programa, que involucra a todos los adultos mayores de la Colonia El Simbolar y esta regi\u00f3n del departamento Robles.<\/p>\n\n\n\n<p>Finalmente, I\u00f1iguez hizo extenso el agradecimiento a todas las personas que estuvieron a cargo de la organizaci\u00f3n del evento e inst\u00f3 a la comunidad a acompa\u00f1ar este tipo de iniciativas que buscan mejorar la calidad de vida de los vecinos.<\/p>\n","protected":false},"excerpt":{"rendered":"<p>La apertura estuvo a cargo del jefe del Gobierno Comunal, profesor \u00c1ngel I\u00f1iguez, y se llev\u00f3 a cabo en el sal\u00f3n del Foro CES, con una importante cantidad de abuelos presentes.<\/p>\n","protected":false},"author":2,"featured_media":67508,"comment_status":"open","ping_status":"open","sticky":false,"template":"","format":"standard","meta":{"om_disable_all_campaigns":false,"_monsterinsights_skip_tracking":false,"_monsterinsights_sitenote_active":false,"_monsterinsights_sitenote_note":"","_monsterinsights_sitenote_category":0,"_uf_show_specific_survey":0,"_uf_disable_surveys":false,"jetpack_post_was_ever_published":false,"_jetpack_newsletter_access":"","_jetpack_dont_email_post_to_subs":false,"_jetpack_newsletter_tier_id":0,"_jetpack_memberships_contains_paywalled_content":false,"_jetpack_memberships_contains_paid_content":false,"footnotes":"","jetpack_publicize_message":"","jetpack_publicize_feature_enabled":true,"jetpack_social_post_already_shared":false,"jetpack_social_options":{"image_generator_settings":{"template":"highway","enabled":false},"version":2}},"categories":[35],"tags":[997],"class_list":["post-67507","post","type-post","status-publish","format-standard","has-post-thumbnail","hentry","category-interior","tag-comision-municipal-de-colonia-el-simbolar"],"aioseo_notices":[],"views":9,"jetpack_publicize_connections":[],"jetpack_featured_media_url":"https:\/\/i0.wp.com\/elterritorialweb.com.ar\/web\/wp-content\/uploads\/2024\/07\/SimbolarAdultos.jpg?fit=2048%2C1415&ssl=1","jetpack_sharing_enabled":true,"_links":{"self":[{"href":"https:\/\/elterritorialweb.com.ar\/web\/wp-json\/wp\/v2\/posts\/67507","targetHints":{"allow":["GET"]}}],"collection":[{"href":"https:\/\/elterritorialweb.com.ar\/web\/wp-json\/wp\/v2\/posts"}],"about":[{"href":"https:\/\/elterritorialweb.com.ar\/web\/wp-json\/wp\/v2\/types\/post"}],"author":[{"embeddable":true,"href":"https:\/\/elterritorialweb.com.ar\/web\/wp-json\/wp\/v2\/users\/2"}],"replies":[{"embeddable":true,"href":"https:\/\/elterritorialweb.com.ar\/web\/wp-json\/wp\/v2\/comments?post=67507"}],"version-history":[{"count":1,"href":"https:\/\/elterritorialweb.com.ar\/web\/wp-json\/wp\/v2\/posts\/67507\/revisions"}],"predecessor-version":[{"id":67510,"href":"https:\/\/elterritorialweb.com.ar\/web\/wp-json\/wp\/v2\/posts\/67507\/revisions\/67510"}],"wp:featuredmedia":[{"embeddable":true,"href":"https:\/\/elterritorialweb.com.ar\/web\/wp-json\/wp\/v2\/media\/67508"}],"wp:attachment":[{"href":"https:\/\/elterritorialweb.com.ar\/web\/wp-json\/wp\/v2\/media?parent=67507"}],"wp:term":[{"taxonomy":"category","embeddable":true,"href":"https:\/\/elterritorialweb.com.ar\/web\/wp-json\/wp\/v2\/categories?post=67507"},{"taxonomy":"post_tag","embeddable":true,"href":"https:\/\/elterritorialweb.com.ar\/web\/wp-json\/wp\/v2\/tags?post=67507"}],"curies":[{"name":"wp","href":"https:\/\/api.w.org\/{rel}","templated":true}]}}