{"id":67511,"date":"2024-07-09T00:28:27","date_gmt":"2024-07-09T00:28:27","guid":{"rendered":"http:\/\/elterritorialweb.com.ar\/web\/?p=67511"},"modified":"2024-07-09T00:28:29","modified_gmt":"2024-07-09T00:28:29","slug":"nediani-participo-del-acto-en-la-escuela-municipal-n1-conmemorando-el-dia-de-la-independencia","status":"publish","type":"post","link":"https:\/\/elterritorialweb.com.ar\/web\/nediani-participo-del-acto-en-la-escuela-municipal-n1-conmemorando-el-dia-de-la-independencia\/","title":{"rendered":"NEDIANI PARTICIP\u00d3 DEL ACTO EN LA ESCUELA MUNICIPAL N\u00b01 CONMEMORANDO EL \u00abD\u00cdA DE LA INDEPENDENCIA\u00bb"},"content":{"rendered":"\n<p>En la oportunidad, el primer mandatario estuvo presente junto a la subsecretaria de Educaci\u00f3n y Cultura, Alejandra Far\u00edas; la escribana Municipal, Mar\u00eda Laura Tula Rizo; la directora del establecimiento, Karina Burgos, dem\u00e1s autoridades, docentes, alumnos y padres.<\/p>\n\n\n\n<p>En sus palabras, <strong>Nediani<\/strong> destac\u00f3 la importancia de este d\u00eda y la necesidad de recordar y valorar los esfuerzos de aquellos hombres y mujeres que lucharon por la independencia del pa\u00eds.<\/p>\n\n\n\n<p><em>\u00abEn este acto previo al D\u00eda de la Independencia, hemos sido testigos de una jornada muy emotiva, con una gran participaci\u00f3n de las familias, los docentes, y los ni\u00f1os del barrio Avenida. Culminamos con una hermosa chacarera para celebrar este d\u00eda tan significativo. Es importante no s\u00f3lo conmemorar la independencia, sino tambi\u00e9n resaltar los valores de aquellos que trabajaron arduamente para lograrla\u00bb<\/em>, expres\u00f3 el intendente.<\/p>\n\n\n\n<p>Adem\u00e1s, Nediani subray\u00f3 la relevancia de reconocer el papel de los hombres y mujeres del interior del pa\u00eds en el proceso de independencia, mencionando a los santiague\u00f1os que firmaron el acta el 9 de julio de 1816.<em> \u00abEn estos tiempos dif\u00edciles que vivimos en Argentina, debemos revalorizar el trabajo y el sacrificio de aquellos que contribuyeron a nuestra independencia\u00bb<\/em>.<\/p>\n","protected":false},"excerpt":{"rendered":"<p>En una ma\u00f1ana muy significativa, el Intendente de la ciudad de La Banda, Ing. Roger El\u00edas Nediani, particip\u00f3 del emotivo acto en la Escuela Municipal N\u00b0 1 \u201cAda Nilda Alderete\u201d, en conmemoraci\u00f3n del \u201cD\u00eda de la Independencia\u201d.<\/p>\n","protected":false},"author":2,"featured_media":67512,"comment_status":"open","ping_status":"open","sticky":false,"template":"","format":"standard","meta":{"om_disable_all_campaigns":false,"_monsterinsights_skip_tracking":false,"_monsterinsights_sitenote_active":false,"_monsterinsights_sitenote_note":"","_monsterinsights_sitenote_category":0,"_uf_show_specific_survey":0,"_uf_disable_surveys":false,"jetpack_post_was_ever_published":false,"_jetpack_newsletter_access":"","_jetpack_dont_email_post_to_subs":false,"_jetpack_newsletter_tier_id":0,"_jetpack_memberships_contains_paywalled_content":false,"_jetpack_memberships_contains_paid_content":false,"footnotes":"","jetpack_publicize_message":"","jetpack_publicize_feature_enabled":true,"jetpack_social_post_already_shared":false,"jetpack_social_options":{"image_generator_settings":{"template":"highway","enabled":false},"version":2}},"categories":[9],"tags":[71,51],"class_list":["post-67511","post","type-post","status-publish","format-standard","has-post-thumbnail","hentry","category-banda","tag-municipalidad-de-la-banda","tag-roger-nediani"],"aioseo_notices":[],"views":9,"jetpack_publicize_connections":[],"jetpack_featured_media_url":"https:\/\/i0.wp.com\/elterritorialweb.com.ar\/web\/wp-content\/uploads\/2024\/07\/WhatsApp-Image-2024-07-08-at-13.04.14.jpeg?fit=1600%2C1057&ssl=1","jetpack_sharing_enabled":true,"_links":{"self":[{"href":"https:\/\/elterritorialweb.com.ar\/web\/wp-json\/wp\/v2\/posts\/67511","targetHints":{"allow":["GET"]}}],"collection":[{"href":"https:\/\/elterritorialweb.com.ar\/web\/wp-json\/wp\/v2\/posts"}],"about":[{"href":"https:\/\/elterritorialweb.com.ar\/web\/wp-json\/wp\/v2\/types\/post"}],"author":[{"embeddable":true,"href":"https:\/\/elterritorialweb.com.ar\/web\/wp-json\/wp\/v2\/users\/2"}],"replies":[{"embeddable":true,"href":"https:\/\/elterritorialweb.com.ar\/web\/wp-json\/wp\/v2\/comments?post=67511"}],"version-history":[{"count":1,"href":"https:\/\/elterritorialweb.com.ar\/web\/wp-json\/wp\/v2\/posts\/67511\/revisions"}],"predecessor-version":[{"id":67513,"href":"https:\/\/elterritorialweb.com.ar\/web\/wp-json\/wp\/v2\/posts\/67511\/revisions\/67513"}],"wp:featuredmedia":[{"embeddable":true,"href":"https:\/\/elterritorialweb.com.ar\/web\/wp-json\/wp\/v2\/media\/67512"}],"wp:attachment":[{"href":"https:\/\/elterritorialweb.com.ar\/web\/wp-json\/wp\/v2\/media?parent=67511"}],"wp:term":[{"taxonomy":"category","embeddable":true,"href":"https:\/\/elterritorialweb.com.ar\/web\/wp-json\/wp\/v2\/categories?post=67511"},{"taxonomy":"post_tag","embeddable":true,"href":"https:\/\/elterritorialweb.com.ar\/web\/wp-json\/wp\/v2\/tags?post=67511"}],"curies":[{"name":"wp","href":"https:\/\/api.w.org\/{rel}","templated":true}]}}