{"id":67599,"date":"2024-07-13T00:08:39","date_gmt":"2024-07-13T00:08:39","guid":{"rendered":"http:\/\/elterritorialweb.com.ar\/web\/?p=67599"},"modified":"2024-07-13T00:08:43","modified_gmt":"2024-07-13T00:08:43","slug":"invitan-a-estudiantes-de-ingenieria-y-de-escuelas-tecnicas-a-participar-del-viii-rally-de-innovacion-santiago-te-desafia","status":"publish","type":"post","link":"https:\/\/elterritorialweb.com.ar\/web\/invitan-a-estudiantes-de-ingenieria-y-de-escuelas-tecnicas-a-participar-del-viii-rally-de-innovacion-santiago-te-desafia\/","title":{"rendered":"INVITAN A ESTUDIANTES DE INGENIER\u00cdA Y DE ESCUELAS T\u00c9CNICAS A PARTICIPAR DEL VIII RALLY DE INNOVACI\u00d3N \u201cSANTIAGO TE DESAF\u00cdA\u201d"},"content":{"rendered":"\n<p>Est\u00e1 <strong>destinado a estudiantes universitarios<\/strong> de todas las carreras, principalmente alumnos de ingenier\u00eda, de escuelas t\u00e9cnicas <strong>que tengan 18 a\u00f1os cumplidos<\/strong> y con la invitaci\u00f3n especial a los <strong>alumnos que cursan segundo a\u00f1o del ITSE<\/strong>. Ser\u00e1 un entrenamiento intensivo para el Rally Latinoamericano de Innovaci\u00f3n 2024.<\/p>\n\n\n\n<p><strong>Estuvieron presentes<\/strong> en el anuncio la ministra de Educaci\u00f3n, <strong>Mariela Nassif;<\/strong> el secretario de Ciencia y Tecnolog\u00eda,<strong> Adri\u00e1n Su\u00e1rez<\/strong>; los rectores de la Universidad Nacional, <strong>H\u00e9ctor Paz<\/strong>, y de la Universidad Cat\u00f3lica,<strong> Luis Lucena<\/strong>; <strong>Ramiro Casoliba<\/strong>, del Instituto Nacional de Tecnolog\u00eda Industrial (INTI) y S<strong>ilvia Casabella,<\/strong> del Instituto Nacional de Tecnolog\u00eda Agropecuaria (INTA).<\/p>\n\n\n\n<p>En referencia a la actividad, <strong>Su\u00e1rez<\/strong> destac\u00f3 <em>\u201cla conformaci\u00f3n de grupos de trabajo en equipo, la interdisciplinaridad en los aspectos de innovaci\u00f3n que abordan a docentes con alumnos avanzados, con profesores y con la ampliaci\u00f3n de las escuelas t\u00e9cnicas\u201d<\/em>.<\/p>\n\n\n\n<p><em>\u201cEn esta edici\u00f3n destacamos tambi\u00e9n el perfil ecol\u00f3gico a los aspectos que se le quiere dar de reducir, reciclar y reutilizar, invitamos a todos a participar activamente\u201d<\/em>, agreg\u00f3.<\/p>\n\n\n\n<figure class=\"wp-block-image size-large\"><a href=\"https:\/\/i0.wp.com\/elterritorialweb.com.ar\/web\/wp-content\/uploads\/2024\/07\/RALLY-DE-INNOVACION-1.jpeg\"><img data-recalc-dims=\"1\" decoding=\"async\" width=\"640\" height=\"426\" data-src=\"https:\/\/i0.wp.com\/elterritorialweb.com.ar\/web\/wp-content\/uploads\/2024\/07\/RALLY-DE-INNOVACION-1.jpeg?resize=640%2C426\" alt=\"\" class=\"wp-image-67600 lazyload\" data-srcset=\"https:\/\/i0.wp.com\/elterritorialweb.com.ar\/web\/wp-content\/uploads\/2024\/07\/RALLY-DE-INNOVACION-1.jpeg?resize=1024%2C682&amp;ssl=1 1024w, https:\/\/i0.wp.com\/elterritorialweb.com.ar\/web\/wp-content\/uploads\/2024\/07\/RALLY-DE-INNOVACION-1.jpeg?resize=300%2C200&amp;ssl=1 300w, https:\/\/i0.wp.com\/elterritorialweb.com.ar\/web\/wp-content\/uploads\/2024\/07\/RALLY-DE-INNOVACION-1.jpeg?resize=768%2C512&amp;ssl=1 768w, https:\/\/i0.wp.com\/elterritorialweb.com.ar\/web\/wp-content\/uploads\/2024\/07\/RALLY-DE-INNOVACION-1.jpeg?resize=1536%2C1024&amp;ssl=1 1536w, https:\/\/i0.wp.com\/elterritorialweb.com.ar\/web\/wp-content\/uploads\/2024\/07\/RALLY-DE-INNOVACION-1.jpeg?resize=2048%2C1365&amp;ssl=1 2048w, https:\/\/i0.wp.com\/elterritorialweb.com.ar\/web\/wp-content\/uploads\/2024\/07\/RALLY-DE-INNOVACION-1.jpeg?w=1280 1280w, https:\/\/i0.wp.com\/elterritorialweb.com.ar\/web\/wp-content\/uploads\/2024\/07\/RALLY-DE-INNOVACION-1.jpeg?w=1920 1920w\" data-sizes=\"(max-width: 640px) 100vw, 640px\" src=\"data:image\/svg+xml;base64,PHN2ZyB3aWR0aD0iMSIgaGVpZ2h0PSIxIiB4bWxucz0iaHR0cDovL3d3dy53My5vcmcvMjAwMC9zdmciPjwvc3ZnPg==\" style=\"--smush-placeholder-width: 640px; --smush-placeholder-aspect-ratio: 640\/426;\" \/><\/a><\/figure>\n\n\n\n<p>Por su parte, <strong>Nassif<\/strong> indic\u00f3 que el evento es organizado por el Sistema Integrado de Ciencia y Tecnolog\u00eda de la Provincia de Santiago del Estero, conformados por las universidades, el Inti, el Inta y la Secretar\u00eda de Ciencia y Tecnolog\u00eda.<\/p>\n\n\n\n<p><em>\u201cEste espacio<\/em> \u2013explic\u00f3- <em>tiene distintas actividades y en concreto \u00e9sta que convoca a nuestros alumnos que complementa esa formaci\u00f3n de las escuelas t\u00e9cnicas en las secundarias en sus \u00faltimos a\u00f1os y t\u00e9cnicas superiores tienen la posibilidad de participar para trabajar en todas estas tem\u00e1ticas que son tan esenciales en el proyecto de provincia que estamos construyendo y de la cual ellos van hacer parte despu\u00e9s del sistema formador puedan incluirse en \u00e1mbitos laborales y en el convencimiento de competencias y experiencias con el que se desarrollan a trav\u00e9s de este rally\u201d.<\/em><\/p>\n\n\n\n<p>A su turno, <strong>Paz,<\/strong> consider\u00f3 que para los estudiantes de la Unse esta propuesta <em>\u201csignifica tomar una problem\u00e1tica que hoy nuestra sociedad tiene y convertirla en una soluci\u00f3n\u201d. \u201cPara nosotros es de importancia central porque conlleva a trabajar en equipos interdisciplinario por lo general enriquece la visi\u00f3n de cada uno de los participantes\u201d<\/em>, agreg\u00f3.<\/p>\n\n\n\n<p>Finalmente, <strong>Lucena<\/strong> explic\u00f3: <em>\u201cLa competencia consiste en la resoluci\u00f3n de problemas locales, llamados desaf\u00edos, los cuales se presentan a las 8.30 hs. del 16 de agosto y a los cuales deben dar respuesta hasta las 19 del mismo d\u00eda, mediante la presentaci\u00f3n de un video de 2 minutos y de un reporte de resoluci\u00f3n de desaf\u00edo. Cada participante se inscribir\u00e1 on line, a partir del 12 de julio a las 20 y hasta el 16 de agosto a las 7. La inscripci\u00f3n se realizar\u00e1 en las p\u00e1ginas web: <a href=\"http:\/\/santiagotedesafia.unse.edu.ar\/\" data-type=\"link\" data-id=\"http:\/\/santiagotedesafia.unse.edu.ar\/\">santiagotedesafia.unse.edu.ar<\/a> \/ santiagotedesafia.gob.ar. La inscripci\u00f3n es individual. Cada participante genera un usuario y contrase\u00f1a\u201d.<\/em><\/p>\n","protected":false},"excerpt":{"rendered":"<p>El VIII Rally de Innovaci\u00f3n \u201cSantiago te desaf\u00eda\u201d se llevar\u00e1 a cabo el viernes 16 de agosto, en las instalaciones del Nodo Tecnol\u00f3gico, bajo el lema \u201cReduce, recicla, reutiliza\u201d.<\/p>\n","protected":false},"author":2,"featured_media":67601,"comment_status":"open","ping_status":"open","sticky":false,"template":"","format":"standard","meta":{"om_disable_all_campaigns":false,"_monsterinsights_skip_tracking":false,"_monsterinsights_sitenote_active":false,"_monsterinsights_sitenote_note":"","_monsterinsights_sitenote_category":0,"_uf_show_specific_survey":0,"_uf_disable_surveys":false,"jetpack_post_was_ever_published":false,"_jetpack_newsletter_access":"","_jetpack_dont_email_post_to_subs":false,"_jetpack_newsletter_tier_id":0,"_jetpack_memberships_contains_paywalled_content":false,"_jetpack_memberships_contains_paid_content":false,"footnotes":"","jetpack_publicize_message":"","jetpack_publicize_feature_enabled":true,"jetpack_social_post_already_shared":false,"jetpack_social_options":{"image_generator_settings":{"template":"highway","enabled":false},"version":2}},"categories":[4,19],"tags":[],"class_list":["post-67599","post","type-post","status-publish","format-standard","has-post-thumbnail","hentry","category-destacadas","category-educacion"],"aioseo_notices":[],"views":18,"jetpack_publicize_connections":[],"jetpack_featured_media_url":"https:\/\/i0.wp.com\/elterritorialweb.com.ar\/web\/wp-content\/uploads\/2024\/07\/RALLY-DE-INNOVACION.jpeg?fit=2560%2C1706&ssl=1","jetpack_sharing_enabled":true,"_links":{"self":[{"href":"https:\/\/elterritorialweb.com.ar\/web\/wp-json\/wp\/v2\/posts\/67599","targetHints":{"allow":["GET"]}}],"collection":[{"href":"https:\/\/elterritorialweb.com.ar\/web\/wp-json\/wp\/v2\/posts"}],"about":[{"href":"https:\/\/elterritorialweb.com.ar\/web\/wp-json\/wp\/v2\/types\/post"}],"author":[{"embeddable":true,"href":"https:\/\/elterritorialweb.com.ar\/web\/wp-json\/wp\/v2\/users\/2"}],"replies":[{"embeddable":true,"href":"https:\/\/elterritorialweb.com.ar\/web\/wp-json\/wp\/v2\/comments?post=67599"}],"version-history":[{"count":1,"href":"https:\/\/elterritorialweb.com.ar\/web\/wp-json\/wp\/v2\/posts\/67599\/revisions"}],"predecessor-version":[{"id":67602,"href":"https:\/\/elterritorialweb.com.ar\/web\/wp-json\/wp\/v2\/posts\/67599\/revisions\/67602"}],"wp:featuredmedia":[{"embeddable":true,"href":"https:\/\/elterritorialweb.com.ar\/web\/wp-json\/wp\/v2\/media\/67601"}],"wp:attachment":[{"href":"https:\/\/elterritorialweb.com.ar\/web\/wp-json\/wp\/v2\/media?parent=67599"}],"wp:term":[{"taxonomy":"category","embeddable":true,"href":"https:\/\/elterritorialweb.com.ar\/web\/wp-json\/wp\/v2\/categories?post=67599"},{"taxonomy":"post_tag","embeddable":true,"href":"https:\/\/elterritorialweb.com.ar\/web\/wp-json\/wp\/v2\/tags?post=67599"}],"curies":[{"name":"wp","href":"https:\/\/api.w.org\/{rel}","templated":true}]}}