{"id":67606,"date":"2024-07-13T00:39:29","date_gmt":"2024-07-13T00:39:29","guid":{"rendered":"http:\/\/elterritorialweb.com.ar\/web\/?p=67606"},"modified":"2024-07-13T00:39:31","modified_gmt":"2024-07-13T00:39:31","slug":"homenaje-de-danzas-latinoamericanas-a-la-virgen-del-carmen-como-parte-de-los-festejos-aniversario","status":"publish","type":"post","link":"https:\/\/elterritorialweb.com.ar\/web\/homenaje-de-danzas-latinoamericanas-a-la-virgen-del-carmen-como-parte-de-los-festejos-aniversario\/","title":{"rendered":"HOMENAJE DE DANZAS LATINOAMERICANAS A LA VIRGEN DEL CARMEN COMO PARTE DE LOS FESTEJOS ANIVERSARIO"},"content":{"rendered":"\n<p>Al respecto, el subsecretario de Cultura y Turismo, Rodolfo Legname, coment\u00f3 sobre el espect\u00e1culo denominado La Tirana que \u00abse trata de una celebraci\u00f3n religiosa basada en una antigua leyenda chilena, que cuenta la historia de amor de una princesa ind\u00edgena y un espa\u00f1ol, que fueron perseguidos por guerreros incas que no aceptaban su v\u00ednculo\u00bb.<\/p>\n\n\n\n<p>\u00abEn variadas ocasiones, el amante espa\u00f1ol fue atacado por flechas y salvado milagrosamente por la medalla de la Virgen del Carmen por lo que, a modo de agradecimiento por proteger a su amado, la joven aborigen decidi\u00f3 convertirse al cristianismo\u00bb, relat\u00f3.<\/p>\n\n\n\n<p>El funcionario expres\u00f3 que \u00abla propuesta contar\u00e1 con la presentaci\u00f3n de bailarines de primer nivel y no solo busca conmemorar a la patrona de nuestra ciudad, sino tambi\u00e9n festejar nuestras ra\u00edces latinoamericanas\u00bb.<\/p>\n\n\n\n<p>\u00abAdem\u00e1s, por la tarde, tambi\u00e9n en la Plaza Libertad, habr\u00e1 una celebraci\u00f3n dedicada a la ciudad de parte de la delegaci\u00f3n art\u00edstica de Monte Quemado\u201d, indic\u00f3. Tambi\u00e9n el s\u00e1bado en horas de la noche, a las 20.30, el patio central de la Municipalidad de la Capital recibir\u00e1 al Segundo Encuentro de Coros de M\u00fasica Popular A\u00f1uritay Santiago, con la actuaci\u00f3n de Vocal G\u00f3mez Carrillo.<\/p>\n","protected":false},"excerpt":{"rendered":"<p>El s\u00e1bado 13 a partir de las 11.30 horas, la Municipalidad de la Capital realizar\u00e1 un colorido homenaje a la Virgen del Carmen en la Plaza Libertad, a cargo del Ballet Latinoamericano de Santiago del Estero, en el marco de los festejos por el 471\u00b0 aniversario de la ciudad.<\/p>\n","protected":false},"author":2,"featured_media":67607,"comment_status":"open","ping_status":"open","sticky":false,"template":"","format":"standard","meta":{"om_disable_all_campaigns":false,"_monsterinsights_skip_tracking":false,"_monsterinsights_sitenote_active":false,"_monsterinsights_sitenote_note":"","_monsterinsights_sitenote_category":0,"_uf_show_specific_survey":0,"_uf_disable_surveys":false,"jetpack_post_was_ever_published":false,"_jetpack_newsletter_access":"","_jetpack_dont_email_post_to_subs":false,"_jetpack_newsletter_tier_id":0,"_jetpack_memberships_contains_paywalled_content":false,"_jetpack_memberships_contains_paid_content":false,"footnotes":"","jetpack_publicize_message":"","jetpack_publicize_feature_enabled":true,"jetpack_social_post_already_shared":false,"jetpack_social_options":{"image_generator_settings":{"template":"highway","enabled":false},"version":2}},"categories":[4,21],"tags":[],"class_list":["post-67606","post","type-post","status-publish","format-standard","has-post-thumbnail","hentry","category-destacadas","category-locales"],"aioseo_notices":[],"views":13,"jetpack_publicize_connections":[],"jetpack_featured_media_url":"https:\/\/i0.wp.com\/elterritorialweb.com.ar\/web\/wp-content\/uploads\/2024\/07\/homenaje-danzas.jpg?fit=1600%2C898&ssl=1","jetpack_sharing_enabled":true,"_links":{"self":[{"href":"https:\/\/elterritorialweb.com.ar\/web\/wp-json\/wp\/v2\/posts\/67606","targetHints":{"allow":["GET"]}}],"collection":[{"href":"https:\/\/elterritorialweb.com.ar\/web\/wp-json\/wp\/v2\/posts"}],"about":[{"href":"https:\/\/elterritorialweb.com.ar\/web\/wp-json\/wp\/v2\/types\/post"}],"author":[{"embeddable":true,"href":"https:\/\/elterritorialweb.com.ar\/web\/wp-json\/wp\/v2\/users\/2"}],"replies":[{"embeddable":true,"href":"https:\/\/elterritorialweb.com.ar\/web\/wp-json\/wp\/v2\/comments?post=67606"}],"version-history":[{"count":1,"href":"https:\/\/elterritorialweb.com.ar\/web\/wp-json\/wp\/v2\/posts\/67606\/revisions"}],"predecessor-version":[{"id":67608,"href":"https:\/\/elterritorialweb.com.ar\/web\/wp-json\/wp\/v2\/posts\/67606\/revisions\/67608"}],"wp:featuredmedia":[{"embeddable":true,"href":"https:\/\/elterritorialweb.com.ar\/web\/wp-json\/wp\/v2\/media\/67607"}],"wp:attachment":[{"href":"https:\/\/elterritorialweb.com.ar\/web\/wp-json\/wp\/v2\/media?parent=67606"}],"wp:term":[{"taxonomy":"category","embeddable":true,"href":"https:\/\/elterritorialweb.com.ar\/web\/wp-json\/wp\/v2\/categories?post=67606"},{"taxonomy":"post_tag","embeddable":true,"href":"https:\/\/elterritorialweb.com.ar\/web\/wp-json\/wp\/v2\/tags?post=67606"}],"curies":[{"name":"wp","href":"https:\/\/api.w.org\/{rel}","templated":true}]}}