{"id":67617,"date":"2024-07-13T12:59:20","date_gmt":"2024-07-13T12:59:20","guid":{"rendered":"http:\/\/elterritorialweb.com.ar\/web\/?p=67617"},"modified":"2024-07-13T12:59:22","modified_gmt":"2024-07-13T12:59:22","slug":"la-escuela-normal-benjamin-gorostiaga-gano-las-odre-2024","status":"publish","type":"post","link":"https:\/\/elterritorialweb.com.ar\/web\/la-escuela-normal-benjamin-gorostiaga-gano-las-odre-2024\/","title":{"rendered":"LA ESCUELA NORMAL \u00abBENJAM\u00cdN GOROSTIAGA\u00bb GAN\u00d3 LAS ODRE 2024&#8243;"},"content":{"rendered":"\n<p>Luego de intensos d\u00edas de <strong>competencias deportivas, recreativas y conocimiento de cultura general<\/strong>, finaliz\u00f3 con \u00e9xito la <strong>nueva edici\u00f3n de las ODRE<\/strong> donde <strong>participaron 13 escuelas y colegios del nivel secundario.<\/strong><\/p>\n\n\n\n<p>El <strong>cierre se realiz\u00f3 el jueves a la noche<\/strong> en las instalaciones del <strong>Gremio Municipal de SUOEM<\/strong> y cont\u00f3 con la presencia del<strong> Intendente Roger Nediani<\/strong> que entreg\u00f3 <strong>los premios de la competencia<\/strong> que incluyeron <strong>un viaje a San Carlos de Bariloche, dinero en efectivo, trofeos y diplomas.<\/strong><\/p>\n\n\n\n<p>Tambi\u00e9n estuvieron presentes el viceintendente, <strong>Gabriel Santill\u00e1n<\/strong>; la secretaria de Gobierno, <strong>Victoria Torres<\/strong>; el secretario de Coordinaci\u00f3n y Desarrollo Territorial, <strong>Mat\u00edas Nediani<\/strong>; el secretario de Econom\u00eda, <strong>Javier Alexandro<\/strong>; la secretaria de Comunicaci\u00f3n, <strong>Fernanda Raschi<\/strong>; la subsecretaria de Ordenamiento Urbano,<strong> Carolina Montenegro;<\/strong> el concejal <strong>Miguel Montenegro<\/strong>; el director de Deportes, <strong>Mario C\u00e1ceres<\/strong> y el director de Juventud, <strong>Delfor Ger\u00e9z.<\/strong><\/p>\n\n\n\n<figure class=\"wp-block-image size-large\"><a href=\"https:\/\/i0.wp.com\/elterritorialweb.com.ar\/web\/wp-content\/uploads\/2024\/07\/WhatsApp-Image-2024-07-12-at-13.55.42.jpeg\"><img data-recalc-dims=\"1\" decoding=\"async\" width=\"640\" height=\"426\" data-src=\"https:\/\/i0.wp.com\/elterritorialweb.com.ar\/web\/wp-content\/uploads\/2024\/07\/WhatsApp-Image-2024-07-12-at-13.55.42.jpeg?resize=640%2C426\" alt=\"\" class=\"wp-image-67618 lazyload\" data-srcset=\"https:\/\/i0.wp.com\/elterritorialweb.com.ar\/web\/wp-content\/uploads\/2024\/07\/WhatsApp-Image-2024-07-12-at-13.55.42.jpeg?resize=1024%2C681&amp;ssl=1 1024w, https:\/\/i0.wp.com\/elterritorialweb.com.ar\/web\/wp-content\/uploads\/2024\/07\/WhatsApp-Image-2024-07-12-at-13.55.42.jpeg?resize=300%2C199&amp;ssl=1 300w, https:\/\/i0.wp.com\/elterritorialweb.com.ar\/web\/wp-content\/uploads\/2024\/07\/WhatsApp-Image-2024-07-12-at-13.55.42.jpeg?resize=768%2C511&amp;ssl=1 768w, https:\/\/i0.wp.com\/elterritorialweb.com.ar\/web\/wp-content\/uploads\/2024\/07\/WhatsApp-Image-2024-07-12-at-13.55.42.jpeg?w=1280&amp;ssl=1 1280w\" data-sizes=\"(max-width: 640px) 100vw, 640px\" src=\"data:image\/svg+xml;base64,PHN2ZyB3aWR0aD0iMSIgaGVpZ2h0PSIxIiB4bWxucz0iaHR0cDovL3d3dy53My5vcmcvMjAwMC9zdmciPjwvc3ZnPg==\" style=\"--smush-placeholder-width: 640px; --smush-placeholder-aspect-ratio: 640\/426;\" \/><\/a><\/figure>\n\n\n\n<p>La <strong>flamante ganadora<\/strong> de las ODRE 2024 fue la <strong>Escuela Normal \u201cJos\u00e9 Benjam\u00edn Gorostiaga\u201d, con 76 puntos <\/strong>y se qued\u00f3 con el ansiado premio de los <strong>estudiantes de quinto a\u00f1o,<\/strong> un viaje a San Carlos de Bariloche.<\/p>\n\n\n\n<p>En <strong>segundo lugar<\/strong> fue para la <strong>Escuela T\u00e9cnica N\u00b0 6 \u201cComandante Manuel Besares\u00bb<\/strong>, <strong>con 65 puntos,<\/strong> con <strong>un premio de $2.500.000,<\/strong> y el <strong>tercer lugar<\/strong> fue para el<strong> Colegio Santiago Ap\u00f3stol, el premio fue de $1.250.000.<\/strong><\/p>\n\n\n\n<figure class=\"wp-block-image size-large\"><a href=\"https:\/\/i0.wp.com\/elterritorialweb.com.ar\/web\/wp-content\/uploads\/2024\/07\/NEDIANI-PREMIOS-ODRE-2024.jpeg\"><img data-recalc-dims=\"1\" decoding=\"async\" width=\"640\" height=\"426\" data-src=\"https:\/\/i0.wp.com\/elterritorialweb.com.ar\/web\/wp-content\/uploads\/2024\/07\/NEDIANI-PREMIOS-ODRE-2024.jpeg?resize=640%2C426\" alt=\"\" class=\"wp-image-67620 lazyload\" data-srcset=\"https:\/\/i0.wp.com\/elterritorialweb.com.ar\/web\/wp-content\/uploads\/2024\/07\/NEDIANI-PREMIOS-ODRE-2024.jpeg?resize=1024%2C681&amp;ssl=1 1024w, https:\/\/i0.wp.com\/elterritorialweb.com.ar\/web\/wp-content\/uploads\/2024\/07\/NEDIANI-PREMIOS-ODRE-2024.jpeg?resize=300%2C199&amp;ssl=1 300w, https:\/\/i0.wp.com\/elterritorialweb.com.ar\/web\/wp-content\/uploads\/2024\/07\/NEDIANI-PREMIOS-ODRE-2024.jpeg?resize=768%2C511&amp;ssl=1 768w, https:\/\/i0.wp.com\/elterritorialweb.com.ar\/web\/wp-content\/uploads\/2024\/07\/NEDIANI-PREMIOS-ODRE-2024.jpeg?w=1280&amp;ssl=1 1280w\" data-sizes=\"(max-width: 640px) 100vw, 640px\" src=\"data:image\/svg+xml;base64,PHN2ZyB3aWR0aD0iMSIgaGVpZ2h0PSIxIiB4bWxucz0iaHR0cDovL3d3dy53My5vcmcvMjAwMC9zdmciPjwvc3ZnPg==\" style=\"--smush-placeholder-width: 640px; --smush-placeholder-aspect-ratio: 640\/426;\" \/><\/a><\/figure>\n\n\n\n<p>El intendente <strong>Roger Nediani <\/strong>destac\u00f3: <em>\u201cEstamos muy contentos, hace unos d\u00edas lanzamos la edici\u00f3n 2024 de las ODRE que hoy est\u00e1n culminando con \u00e9xito despu\u00e9s de varias jornadas de competencias deportivas, recreativas y culturales\u201d.<\/em><\/p>\n\n\n\n<p><em>\u201cLa participaci\u00f3n de las escuelas y colegios secundarios de La Banda fue muy importante, compitieron 13 instituciones educativas y hoy en la \u00faltima jornada estamos entregando los premios correspondientes\u201d.<br>\u201cCuando uno se junta con j\u00f3venes se generan energ\u00edas muy positivas. Ver a los j\u00f3venes de la ciudad de La Banda que participan tanto deportivamente como educativamente, a uno lo llena de satisfacci\u00f3n, se ha logrado llevar con \u00e9xito esta propuesta\u201d,<\/em> finaliz\u00f3 Nediani.<\/p>\n","protected":false},"excerpt":{"rendered":"<p>La Escuela Normal \u201cJos\u00e9 Benjam\u00edn Gorostiaga\u201d se consagr\u00f3 ganadora de la edici\u00f3n 2024 de las Olimpiadas Deportivas Recreativas Estudiantiles (ODRE) organizada por la Municipalidad de la ciudad de La Banda.<\/p>\n","protected":false},"author":2,"featured_media":67619,"comment_status":"open","ping_status":"open","sticky":false,"template":"","format":"standard","meta":{"om_disable_all_campaigns":false,"_monsterinsights_skip_tracking":false,"_monsterinsights_sitenote_active":false,"_monsterinsights_sitenote_note":"","_monsterinsights_sitenote_category":0,"_uf_show_specific_survey":0,"_uf_disable_surveys":false,"jetpack_post_was_ever_published":false,"_jetpack_newsletter_access":"","_jetpack_dont_email_post_to_subs":false,"_jetpack_newsletter_tier_id":0,"_jetpack_memberships_contains_paywalled_content":false,"_jetpack_memberships_contains_paid_content":false,"footnotes":"","jetpack_publicize_message":"","jetpack_publicize_feature_enabled":true,"jetpack_social_post_already_shared":false,"jetpack_social_options":{"image_generator_settings":{"template":"highway","enabled":false},"version":2}},"categories":[9],"tags":[],"class_list":["post-67617","post","type-post","status-publish","format-standard","has-post-thumbnail","hentry","category-banda"],"aioseo_notices":[],"views":16,"jetpack_publicize_connections":[],"jetpack_featured_media_url":"https:\/\/i0.wp.com\/elterritorialweb.com.ar\/web\/wp-content\/uploads\/2024\/07\/NEDIANI-PREMIOS-ODRE-2024-1.jpeg?fit=1280%2C851&ssl=1","jetpack_sharing_enabled":true,"_links":{"self":[{"href":"https:\/\/elterritorialweb.com.ar\/web\/wp-json\/wp\/v2\/posts\/67617","targetHints":{"allow":["GET"]}}],"collection":[{"href":"https:\/\/elterritorialweb.com.ar\/web\/wp-json\/wp\/v2\/posts"}],"about":[{"href":"https:\/\/elterritorialweb.com.ar\/web\/wp-json\/wp\/v2\/types\/post"}],"author":[{"embeddable":true,"href":"https:\/\/elterritorialweb.com.ar\/web\/wp-json\/wp\/v2\/users\/2"}],"replies":[{"embeddable":true,"href":"https:\/\/elterritorialweb.com.ar\/web\/wp-json\/wp\/v2\/comments?post=67617"}],"version-history":[{"count":1,"href":"https:\/\/elterritorialweb.com.ar\/web\/wp-json\/wp\/v2\/posts\/67617\/revisions"}],"predecessor-version":[{"id":67621,"href":"https:\/\/elterritorialweb.com.ar\/web\/wp-json\/wp\/v2\/posts\/67617\/revisions\/67621"}],"wp:featuredmedia":[{"embeddable":true,"href":"https:\/\/elterritorialweb.com.ar\/web\/wp-json\/wp\/v2\/media\/67619"}],"wp:attachment":[{"href":"https:\/\/elterritorialweb.com.ar\/web\/wp-json\/wp\/v2\/media?parent=67617"}],"wp:term":[{"taxonomy":"category","embeddable":true,"href":"https:\/\/elterritorialweb.com.ar\/web\/wp-json\/wp\/v2\/categories?post=67617"},{"taxonomy":"post_tag","embeddable":true,"href":"https:\/\/elterritorialweb.com.ar\/web\/wp-json\/wp\/v2\/tags?post=67617"}],"curies":[{"name":"wp","href":"https:\/\/api.w.org\/{rel}","templated":true}]}}