{"id":67622,"date":"2024-07-13T13:13:10","date_gmt":"2024-07-13T13:13:10","guid":{"rendered":"http:\/\/elterritorialweb.com.ar\/web\/?p=67622"},"modified":"2024-07-13T13:13:12","modified_gmt":"2024-07-13T13:13:12","slug":"este-sabado-continuan-las-actividades-culturales-por-el-mes-aniversario-de-la-madre-de-ciudades","status":"publish","type":"post","link":"https:\/\/elterritorialweb.com.ar\/web\/este-sabado-continuan-las-actividades-culturales-por-el-mes-aniversario-de-la-madre-de-ciudades\/","title":{"rendered":"ESTE S\u00c1BADO CONTIN\u00daAN LAS ACTIVIDADES CULTURALES POR EL MES ANIVERSARIO DE LA MADRE DE CIUDADES"},"content":{"rendered":"\n<p>En <strong>Plaza Libertad<\/strong>, el <strong>Ballet Latinoamericano<\/strong> le r<strong>endir\u00e1 un homenaje<\/strong> a la patrona de Santiago del<br>Estero, l<strong>a Virgen del Carmen<\/strong> y a las tradiciones de la regi\u00f3n, con el <strong>espect\u00e1culo denominado \u201cLa<br>Tirana\u201d,<\/strong> una celebraci\u00f3n religiosa, con la presentaci\u00f3n de un importante n\u00famero de bailarines en<br>escena.<\/p>\n\n\n\n<p>A <strong>partir de las 20.30<\/strong>, en el <strong>patio central de la Municipalidad de la Capital,<\/strong> se realizar\u00e1 el <strong>Segundo<br>Encuentro de Coros de M\u00fasica Popular \u201cA\u00f1uritay Santiago\u201d<\/strong>, con la presentaci\u00f3n de <strong>Vocal G\u00f3mez<br>Carrillo.<\/strong><\/p>\n\n\n\n<p>En el <strong>Parque Aguirre,<\/strong> en el espacio de la <strong>Feria Artesanal<\/strong>, contin\u00faan los <strong>shows en vivo, desde las 13<\/strong><br>con <strong>La 12 Chamamecera, Luisa Galv\u00e1n y Mishki Simi<\/strong> y desde las <strong>19.30<\/strong>, en el escenario, actuar\u00e1n<br><strong>Kike Oyola, Pablo Carabajal y Sanavirones, Los Santiague\u00f1os del R\u00edo, Sabrina La Morocha y<br>Marcelo Toledo.<\/strong><\/p>\n\n\n\n<p>En otro sector de la ciudad, en <strong>Costanera y Alsina<\/strong>, en el <strong>predio de Santiago es tu R\u00edo<\/strong>, tanto vecinos<br>como turistas, podr\u00e1n disfrutar de su<strong> edici\u00f3n invierno,<\/strong> con la <strong>Feria de Emprendedores, los<br>deportes recreativos en las canchas de arena con el f\u00fatbol 5, cesto, v\u00f3ley, handball,<\/strong> adem\u00e1s de<br><strong>tenis de mesa, ajedrez y escalada<\/strong>; tambi\u00e9n de un <strong>paseo tur\u00edstico en bici el\u00e9ctrica y de cine y teatro<br>infantil<\/strong>. Los d\u00edas <strong>viernes, s\u00e1bado y domingo, a partir de las 14 y hasta las 18.30.<\/strong><\/p>\n","protected":false},"excerpt":{"rendered":"<p>En la continuidad de las actividades culturales que lleva adelante la Municipalidad de la Capital,<br \/>\npor el 471\u00b0 aniversario de la \u201cMadre de ciudades\u201d, se desarrollar\u00e1n este s\u00e1bado, varias propuestas<br \/>\nen diferentes espacios de la ciudad, destinadas a toda la familia, de manera libre y gratuita.<\/p>\n","protected":false},"author":2,"featured_media":67625,"comment_status":"open","ping_status":"open","sticky":false,"template":"","format":"standard","meta":{"om_disable_all_campaigns":false,"_monsterinsights_skip_tracking":false,"_monsterinsights_sitenote_active":false,"_monsterinsights_sitenote_note":"","_monsterinsights_sitenote_category":0,"_uf_show_specific_survey":0,"_uf_disable_surveys":false,"jetpack_post_was_ever_published":false,"_jetpack_newsletter_access":"","_jetpack_dont_email_post_to_subs":false,"_jetpack_newsletter_tier_id":0,"_jetpack_memberships_contains_paywalled_content":false,"_jetpack_memberships_contains_paid_content":false,"footnotes":"","jetpack_publicize_message":"","jetpack_publicize_feature_enabled":true,"jetpack_social_post_already_shared":false,"jetpack_social_options":{"image_generator_settings":{"template":"highway","enabled":false},"version":2}},"categories":[4,21],"tags":[],"class_list":["post-67622","post","type-post","status-publish","format-standard","has-post-thumbnail","hentry","category-destacadas","category-locales"],"aioseo_notices":[],"views":13,"jetpack_publicize_connections":[],"jetpack_featured_media_url":"https:\/\/i0.wp.com\/elterritorialweb.com.ar\/web\/wp-content\/uploads\/2024\/07\/ACTIVIDADES-MES-ANIVERSARIO.jpeg?fit=1280%2C720&ssl=1","jetpack_sharing_enabled":true,"_links":{"self":[{"href":"https:\/\/elterritorialweb.com.ar\/web\/wp-json\/wp\/v2\/posts\/67622","targetHints":{"allow":["GET"]}}],"collection":[{"href":"https:\/\/elterritorialweb.com.ar\/web\/wp-json\/wp\/v2\/posts"}],"about":[{"href":"https:\/\/elterritorialweb.com.ar\/web\/wp-json\/wp\/v2\/types\/post"}],"author":[{"embeddable":true,"href":"https:\/\/elterritorialweb.com.ar\/web\/wp-json\/wp\/v2\/users\/2"}],"replies":[{"embeddable":true,"href":"https:\/\/elterritorialweb.com.ar\/web\/wp-json\/wp\/v2\/comments?post=67622"}],"version-history":[{"count":1,"href":"https:\/\/elterritorialweb.com.ar\/web\/wp-json\/wp\/v2\/posts\/67622\/revisions"}],"predecessor-version":[{"id":67626,"href":"https:\/\/elterritorialweb.com.ar\/web\/wp-json\/wp\/v2\/posts\/67622\/revisions\/67626"}],"wp:featuredmedia":[{"embeddable":true,"href":"https:\/\/elterritorialweb.com.ar\/web\/wp-json\/wp\/v2\/media\/67625"}],"wp:attachment":[{"href":"https:\/\/elterritorialweb.com.ar\/web\/wp-json\/wp\/v2\/media?parent=67622"}],"wp:term":[{"taxonomy":"category","embeddable":true,"href":"https:\/\/elterritorialweb.com.ar\/web\/wp-json\/wp\/v2\/categories?post=67622"},{"taxonomy":"post_tag","embeddable":true,"href":"https:\/\/elterritorialweb.com.ar\/web\/wp-json\/wp\/v2\/tags?post=67622"}],"curies":[{"name":"wp","href":"https:\/\/api.w.org\/{rel}","templated":true}]}}