{"id":67627,"date":"2024-07-13T21:50:55","date_gmt":"2024-07-13T21:50:55","guid":{"rendered":"http:\/\/elterritorialweb.com.ar\/web\/?p=67627"},"modified":"2024-07-13T21:51:09","modified_gmt":"2024-07-13T21:51:09","slug":"el-gobierno-nacional-confirmo-que-avanzara-con-las-sociedades","status":"publish","type":"post","link":"https:\/\/elterritorialweb.com.ar\/web\/el-gobierno-nacional-confirmo-que-avanzara-con-las-sociedades\/","title":{"rendered":"EL GOBIERNO NACIONAL CONFIRM\u00d3 QUE AVANZAR\u00c1 CON LAS SOCIEDADES"},"content":{"rendered":"\n<p><strong>El Gobierno confirm\u00f3 que\u00a0avanzar\u00e1 con las Sociedades An\u00f3nimas Deportivas (SAD) en el f\u00fatbol argentino<\/strong>. Lo ratific\u00f3 el jefe de Gabinete,\u00a0<strong>Guillermo Francos<\/strong>, quien defendi\u00f3 la postura de Javier Milei luego de sus mensajes de este viernes en redes sociales.\u00a0<strong>\u00abTodos los jugadores forman parte de SAD, eso est\u00e1 diciendo el presidente. \u00bfPor qu\u00e9 cuestionamos todo?\u00bb<\/strong>, plante\u00f3 el funcionario.<\/p>\n\n\n\n<p>\u00abEl tema de las SAD viene del DNU, eso est\u00e1 vigente.&nbsp;<strong>Esa intenci\u00f3n del Gobierno muy firme de avanzar en ese tema y lo va a hacer, m\u00e1s all\u00e1 de las disputas que hay con algunos sectores del f\u00fatbol profesional<\/strong>\u00ab, remarc\u00f3 Francos en di\u00e1logo este s\u00e1bado en di\u00e1logo con&nbsp;<em>Radio Mitre<\/em>.<\/p>\n\n\n\n<p><strong>\u00abTodos los jugadores forman parte de SAD, eso est\u00e1 diciendo el presidente. \u00bfPor qu\u00e9 cuestionamos todo?\u00bb<\/strong>, enfatiz\u00f3.<\/p>\n\n\n\n<p>Adem\u00e1s, desde ese medio adelantaron que&nbsp;<strong>el ministro de Desregulaci\u00f3n y Transformaci\u00f3n del Estado, Federico Sturzenegger, \u00abtiene ya todo listo para reglamentar la semana pr\u00f3xima las SAD<\/strong>. Cuando venga Milei firmar\u00eda el decreto para reglamentar el DNU 70\/2023 que establece la posibilidad de inversi\u00f3n de capital privado en los clubes de f\u00fatbol\u00bb.<\/p>\n\n\n\n<p><strong>Milei<\/strong>&nbsp;volvi\u00f3 a instalar el debate por las Sociedades An\u00f3nimas Deportivas en el f\u00fatbol:<strong>&nbsp;utiliz\u00f3 un tuit con jugadores de la Selecci\u00f3n argentina para criticar a la Asociaci\u00f3n del F\u00fatbol Argentino (AFA)<\/strong>. Pregunt\u00f3 porque si la entidad se opone a la privatizaci\u00f3n de los clubes \u201cpermite que el plantel titular provenga de estas sociedades\u201d.<\/p>\n\n\n\n<p>\u00abPregunta T\u00e9cnica.<strong>\u00a0Si AFA se opone a las Sociedades An\u00f3nimas Deportivas \u00bfpor qu\u00e9 motivo permite que el plantel titular provenga de estas sociedades? \u00bfAcaso ser\u00e1 que los resultados son importantes y las SADs tienen a los mejores?<\/strong>\u00a0No m\u00e1s socialismo pobrista en el f\u00fatbol\u00bb, public\u00f3 el mandatario en su cuenta de X (ex-Twitter).<\/p>\n\n\n\n<figure class=\"wp-block-embed is-type-rich is-provider-twitter wp-block-embed-twitter\"><div class=\"wp-block-embed__wrapper\">\n<blockquote class=\"twitter-tweet\" data-width=\"550\" data-dnt=\"true\"><p lang=\"es\" dir=\"ltr\">PREGUNTA T\u00c9CNICA <br>Si AFA se opone a las Sociedades An\u00f3nimas Deportivas \u00bfpor qu\u00e9 motivo permite que el plantel titular provenga de estas sociedades? \u00bfAcaso ser\u00e1 que los resultados son importantes y las SADs tienen a los mejores? No m\u00e1s socialismo pobrista en el f\u00fatbol.<br>VLLC <a href=\"https:\/\/t.co\/hlIMsqJha1\">pic.twitter.com\/hlIMsqJha1<\/a><\/p>&mdash; Javier Milei (@JMilei) <a href=\"https:\/\/twitter.com\/JMilei\/status\/1811753980537532596?ref_src=twsrc%5Etfw\">July 12, 2024<\/a><\/blockquote><script async src=\"https:\/\/platform.twitter.com\/widgets.js\" charset=\"utf-8\"><\/script>\n<\/div><\/figure>\n\n\n\n<p>A mediados de marzo, la C\u00e1mara Federal de San Mart\u00edn&nbsp;<strong>suspendi\u00f3 los art\u00edculos del DNU 70\/2023 que permit\u00edan la creaci\u00f3n de Sociedades An\u00f3nimas Deportivas (SAD)<\/strong>&nbsp;en el f\u00fatbol argentino.<\/p>\n\n\n\n<p>Los jueces Juan Pablo Salas, Marcos Moran y Marcelo Dar\u00edo Fern\u00e1ndez confirmaron en ese momento el fallo en primera instancia del Juzgado Federal de Mercedes que hab\u00eda hecho lugar a una cautelar presentada por la Liga de F\u00fatbol de Salto. De esta manera, los clubes y asociaciones civiles no podr\u00e1n convertirse en sociedades an\u00f3nimas.<\/p>\n\n\n\n<p>La decisi\u00f3n busca proteger los derechos constitucionales de asociaci\u00f3n con fines \u00fatiles, libre asociaci\u00f3n y autonom\u00eda de la voluntad y reserva de acciones privadas. Seg\u00fan argumentaron los jueces, el DNU \u00abaltera el estado de situaci\u00f3n de un colectivo de incidencia social como son las entidades deportivas, pues impide desarrollar su vida asociativa\u00bb.<\/p>\n\n\n\n<p>Tambi\u00e9n se\u00f1alaron que&nbsp;<strong>no se verifican las \u00abcondiciones excepcionales\u00bb de necesidad y urgencia que justifiquen el decreto,<\/strong>&nbsp;ni \u00abtampoco se advierte la imposibilidad de elegir una decisi\u00f3n menos gravosa (tr\u00e1mite parlamentario)\u00bb.<\/p>\n\n\n\n<p>En la Asamblea General Ordinaria que se realiz\u00f3 en noviembre, el presidente de la Asociaci\u00f3n del F\u00fatbol Argentino (AFA),&nbsp;<strong>Claudio Tapia, expuso su rechazo a la figura de las Sociedades An\u00f3nimas Deportivas en el f\u00fatbol,<\/strong>&nbsp;cuyo impulsor referente es el exmandatario Mauricio Macri.<\/p>\n\n\n\n<p>\u00abNosotros somos defensores de las Asociaciones Civiles sin fines de lucro. Estoy m\u00e1s convencido que nunca que ese es el f\u00fatbol argentino que todos queremos, y por eso este es un tema terminado. Por eso no vamos a pelear contra algo que no existe\u00bb, asegur\u00f3.<\/p>\n\n\n\n<p><\/p>\n","protected":false},"excerpt":{"rendered":"<p>Lo ratific\u00f3 Guillermo Francos, quien defendi\u00f3 la postura de Javier Milei luego de sus mensajes en redes sociales. \u00abEs una intenci\u00f3n muy firme y lo va a hacer m\u00e1s all\u00e1 de las disputas que hay con algunos sectores del f\u00fatbol profesional\u00bb, expres\u00f3. El rol que tendr\u00eda Federico Sturzenegger.<\/p>\n","protected":false},"author":2,"featured_media":67628,"comment_status":"open","ping_status":"open","sticky":false,"template":"","format":"standard","meta":{"om_disable_all_campaigns":false,"_monsterinsights_skip_tracking":false,"_monsterinsights_sitenote_active":false,"_monsterinsights_sitenote_note":"","_monsterinsights_sitenote_category":0,"_uf_show_specific_survey":0,"_uf_disable_surveys":false,"jetpack_post_was_ever_published":false,"_jetpack_newsletter_access":"","_jetpack_dont_email_post_to_subs":false,"_jetpack_newsletter_tier_id":0,"_jetpack_memberships_contains_paywalled_content":false,"_jetpack_memberships_contains_paid_content":false,"footnotes":"","jetpack_publicize_message":"","jetpack_publicize_feature_enabled":true,"jetpack_social_post_already_shared":false,"jetpack_social_options":{"image_generator_settings":{"template":"highway","enabled":false},"version":2}},"categories":[7],"tags":[],"class_list":["post-67627","post","type-post","status-publish","format-standard","has-post-thumbnail","hentry","category-nacionales"],"aioseo_notices":[],"views":8,"jetpack_publicize_connections":[],"jetpack_featured_media_url":"https:\/\/i0.wp.com\/elterritorialweb.com.ar\/web\/wp-content\/uploads\/2024\/07\/francos-sad.jpg?fit=2560%2C1707&ssl=1","jetpack_sharing_enabled":true,"_links":{"self":[{"href":"https:\/\/elterritorialweb.com.ar\/web\/wp-json\/wp\/v2\/posts\/67627","targetHints":{"allow":["GET"]}}],"collection":[{"href":"https:\/\/elterritorialweb.com.ar\/web\/wp-json\/wp\/v2\/posts"}],"about":[{"href":"https:\/\/elterritorialweb.com.ar\/web\/wp-json\/wp\/v2\/types\/post"}],"author":[{"embeddable":true,"href":"https:\/\/elterritorialweb.com.ar\/web\/wp-json\/wp\/v2\/users\/2"}],"replies":[{"embeddable":true,"href":"https:\/\/elterritorialweb.com.ar\/web\/wp-json\/wp\/v2\/comments?post=67627"}],"version-history":[{"count":1,"href":"https:\/\/elterritorialweb.com.ar\/web\/wp-json\/wp\/v2\/posts\/67627\/revisions"}],"predecessor-version":[{"id":67629,"href":"https:\/\/elterritorialweb.com.ar\/web\/wp-json\/wp\/v2\/posts\/67627\/revisions\/67629"}],"wp:featuredmedia":[{"embeddable":true,"href":"https:\/\/elterritorialweb.com.ar\/web\/wp-json\/wp\/v2\/media\/67628"}],"wp:attachment":[{"href":"https:\/\/elterritorialweb.com.ar\/web\/wp-json\/wp\/v2\/media?parent=67627"}],"wp:term":[{"taxonomy":"category","embeddable":true,"href":"https:\/\/elterritorialweb.com.ar\/web\/wp-json\/wp\/v2\/categories?post=67627"},{"taxonomy":"post_tag","embeddable":true,"href":"https:\/\/elterritorialweb.com.ar\/web\/wp-json\/wp\/v2\/tags?post=67627"}],"curies":[{"name":"wp","href":"https:\/\/api.w.org\/{rel}","templated":true}]}}