{"id":67635,"date":"2024-07-13T22:55:44","date_gmt":"2024-07-13T22:55:44","guid":{"rendered":"http:\/\/elterritorialweb.com.ar\/web\/?p=67635"},"modified":"2024-07-13T22:55:56","modified_gmt":"2024-07-13T22:55:56","slug":"tras-la-suba-del-dolar-milei-aseguro-que-tiene-cero-panico-y-van-a-cerrar-el-grifo-de-emision-de-compra","status":"publish","type":"post","link":"https:\/\/elterritorialweb.com.ar\/web\/tras-la-suba-del-dolar-milei-aseguro-que-tiene-cero-panico-y-van-a-cerrar-el-grifo-de-emision-de-compra\/","title":{"rendered":"TRAS LA SUBA DEL D\u00d3LAR, MILEI ASEGUR\u00d3 QUE TIENE \u00abCERO P\u00c1NICO\u00bb Y VAN A \u00abCERRAR EL GRIFO DE EMISI\u00d3N DE COMPRA\u00bb"},"content":{"rendered":"\n<p>Semanas despu\u00e9s de haberse aprobado la Ley Bases y el paquete fiscal,\u00a0<strong>Javier Milei<\/strong>\u00a0esperaba lanzar la segunda etapa de su gobierno en un clima m\u00e1s relajado. Sin embargo, la fuerte suba que sufri\u00f3 el d\u00f3lar blue desde entonces, especialmente despu\u00e9s de los anuncios de Luis Caputo, presionaron al Presidente, quien, ahora s\u00ed,\u00a0<strong>anunci\u00f3 cambios en el mercado \u00fanico libre de cambios (MULC) para alcanzar la \u00abemisi\u00f3n cero total\u00bb<\/strong>.<\/p>\n\n\n\n<p>En di\u00e1logo con\u00a0<em>LN+<\/em>,\u00a0<strong>Milei se refiri\u00f3 al incremento del billete paralelo, que en la rueda del viernes alcanz\u00f3 los $1.500 -su m\u00e1ximo nominal hist\u00f3rico- y aument\u00f3 la brecha con el oficial a un 62%, y asegur\u00f3 que tiene \u00abcero p\u00e1nico\u00bb<\/strong>\u00a0por esta situaci\u00f3n. En ese sentido, explic\u00f3 que va a\u00a0<strong>\u00abcerrar los grifos de emisi\u00f3n de compra de d\u00f3lares\u00bb<\/strong>.<\/p>\n\n\n\n<p>\u00abComo nosotros tenemos que comprar en el MULC, compramos d\u00f3lares e inyectamos pesos.&nbsp;<strong>Lo que vamos a hacer es esterilizar los pesos y colocar d\u00f3lares en el mercado. Con esto nos aseguramos que la cantidad de dinero quede constante. Quiere decir que de ac\u00e1 en adelante, la base monetaria en Argentina no crece m\u00e1s<\/strong>\u00ab, sentenci\u00f3.<\/p>\n\n\n\n<p>\u00abEsto lo que va a hacer, adem\u00e1s, es acelerar el proceso de desinflaci\u00f3n de la econom\u00eda. Va a ser m\u00e1s brutal la ca\u00edda de la tasa y nos va a permitir estar m\u00e1s cerca de la salida del cepo\u00bb, agreg\u00f3.&nbsp;\u00abEstamos viendo que los d\u00f3lares paralelos est\u00e1n subiendo, puede ser que estemos emitiendo sin la contraparte de demanda de dinero. Lo que necesitamos hacer es sacar esos pesos de la calle y lo vamos a hacer entregando d\u00f3lares\u00bb, subray\u00f3.&nbsp;<strong>\u00abEsto tendr\u00eda que hacer que la brecha caiga\u00bb<\/strong>, cerr\u00f3.<\/p>\n\n\n\n<p>\u00abVamos a hacer que el peso sea recontra escazo. Tanto lo que queda de este mes y lo que queda de agosto van a ser meses dif\u00edciles por el invierno, que es cuando se nos van m\u00e1s d\u00f3lares por la energ\u00eda\u00bb, manifest\u00f3. Y dej\u00f3 una particular analog\u00eda:&nbsp;<strong>\u00abEs como darle un revolver sin balas a alguien. No vas a poder hacer nada\u00bb<\/strong>.<\/p>\n\n\n\n<p>En esa l\u00ednea, el ministro de Econom\u00eda, Luis Caputo, aseguro que est\u00e1 \u00abprofundizaci\u00f3n de la pol\u00edtica monetaria\u00bb comenzar\u00e1 este lunes y \u00abcontribuir\u00e1 a profundizar el proceso de desinflaci\u00f3n\u00bb. \u00abEn seis meses terminamos con el d\u00e9ficit fiscal, el d\u00e9ficit cuasi fiscal, y la emisi\u00f3n monetaria\u00bb, agreg\u00f3. El vocero Manuel Adorni, por su parte, detall\u00f3 que el Banco Central \u00abcompra 900 y vende 1400\u00bb.<\/p>\n\n\n\n<figure class=\"wp-block-embed is-type-rich is-provider-twitter wp-block-embed-twitter\"><div class=\"wp-block-embed__wrapper\">\n<blockquote class=\"twitter-tweet\" data-width=\"550\" data-dnt=\"true\"><p lang=\"es\" dir=\"ltr\">El presidente <a href=\"https:\/\/twitter.com\/JMilei?ref_src=twsrc%5Etfw\">@JMilei<\/a> anunciando en este momento que se cierra la \u00faltima canilla de emisi\u00f3n monetaria.<br>A partir de ahora la cantidad de dinero queda igual o se reduce (si el Banco Central vendiera d\u00f3lares en el Mulc).<br>Es decir, si el Bcra comprara d\u00f3lares en el Mulc, la emisi\u00f3n\u2026<\/p>&mdash; totocaputo (@LuisCaputoAR) <a href=\"https:\/\/twitter.com\/LuisCaputoAR\/status\/1812126733652681041?ref_src=twsrc%5Etfw\">July 13, 2024<\/a><\/blockquote><script async src=\"https:\/\/platform.twitter.com\/widgets.js\" charset=\"utf-8\"><\/script>\n<\/div><\/figure>\n\n\n\n<p>Adem\u00e1s, aclar\u00f3 que \u00abnada se modifica en lo cambiario\u00bb. \u00abEn la medida que el BCRA inyecte pesos por compra de d\u00f3lares en el MULC, efectivamente vender\u00e1 d\u00f3lares en el CCL para esterilizar esos pesos\u00bb, sum\u00f3 el ministro.<\/p>\n","protected":false},"excerpt":{"rendered":"<p>El Presidente se refiri\u00f3 a la suba del d\u00f3lar blue en las \u00faltimas semanas y asegur\u00f3 que tiene \u00abcero p\u00e1nico\u00bb ante el incremento de la brecha cambiaria. \u00abVamos a cerrar el grifo de la emisi\u00f3n de pesos por compra de d\u00f3lares\u00bb, adelant\u00f3 y asegur\u00f3 que la base monetaria en Argentina \u00abno crece m\u00e1s\u00bb.<\/p>\n","protected":false},"author":2,"featured_media":67636,"comment_status":"open","ping_status":"open","sticky":false,"template":"","format":"standard","meta":{"om_disable_all_campaigns":false,"_monsterinsights_skip_tracking":false,"_monsterinsights_sitenote_active":false,"_monsterinsights_sitenote_note":"","_monsterinsights_sitenote_category":0,"_uf_show_specific_survey":0,"_uf_disable_surveys":false,"jetpack_post_was_ever_published":false,"_jetpack_newsletter_access":"","_jetpack_dont_email_post_to_subs":false,"_jetpack_newsletter_tier_id":0,"_jetpack_memberships_contains_paywalled_content":false,"_jetpack_memberships_contains_paid_content":false,"footnotes":"","jetpack_publicize_message":"","jetpack_publicize_feature_enabled":true,"jetpack_social_post_already_shared":false,"jetpack_social_options":{"image_generator_settings":{"template":"highway","enabled":false},"version":2}},"categories":[4,7],"tags":[],"class_list":["post-67635","post","type-post","status-publish","format-standard","has-post-thumbnail","hentry","category-destacadas","category-nacionales"],"aioseo_notices":[],"views":10,"jetpack_publicize_connections":[],"jetpack_featured_media_url":"https:\/\/i0.wp.com\/elterritorialweb.com.ar\/web\/wp-content\/uploads\/2024\/07\/JAVIER-MILEI-DOLAR.webp?fit=1200%2C675&ssl=1","jetpack_sharing_enabled":true,"_links":{"self":[{"href":"https:\/\/elterritorialweb.com.ar\/web\/wp-json\/wp\/v2\/posts\/67635","targetHints":{"allow":["GET"]}}],"collection":[{"href":"https:\/\/elterritorialweb.com.ar\/web\/wp-json\/wp\/v2\/posts"}],"about":[{"href":"https:\/\/elterritorialweb.com.ar\/web\/wp-json\/wp\/v2\/types\/post"}],"author":[{"embeddable":true,"href":"https:\/\/elterritorialweb.com.ar\/web\/wp-json\/wp\/v2\/users\/2"}],"replies":[{"embeddable":true,"href":"https:\/\/elterritorialweb.com.ar\/web\/wp-json\/wp\/v2\/comments?post=67635"}],"version-history":[{"count":1,"href":"https:\/\/elterritorialweb.com.ar\/web\/wp-json\/wp\/v2\/posts\/67635\/revisions"}],"predecessor-version":[{"id":67637,"href":"https:\/\/elterritorialweb.com.ar\/web\/wp-json\/wp\/v2\/posts\/67635\/revisions\/67637"}],"wp:featuredmedia":[{"embeddable":true,"href":"https:\/\/elterritorialweb.com.ar\/web\/wp-json\/wp\/v2\/media\/67636"}],"wp:attachment":[{"href":"https:\/\/elterritorialweb.com.ar\/web\/wp-json\/wp\/v2\/media?parent=67635"}],"wp:term":[{"taxonomy":"category","embeddable":true,"href":"https:\/\/elterritorialweb.com.ar\/web\/wp-json\/wp\/v2\/categories?post=67635"},{"taxonomy":"post_tag","embeddable":true,"href":"https:\/\/elterritorialweb.com.ar\/web\/wp-json\/wp\/v2\/tags?post=67635"}],"curies":[{"name":"wp","href":"https:\/\/api.w.org\/{rel}","templated":true}]}}