{"id":67638,"date":"2024-07-13T23:10:39","date_gmt":"2024-07-13T23:10:39","guid":{"rendered":"http:\/\/elterritorialweb.com.ar\/web\/?p=67638"},"modified":"2024-07-13T23:10:40","modified_gmt":"2024-07-13T23:10:40","slug":"caputo-sobre-la-segunda-fase-del-gobierno-no-se-imprimen-mas-pesos-en-argentina-por-ninguna-via","status":"publish","type":"post","link":"https:\/\/elterritorialweb.com.ar\/web\/caputo-sobre-la-segunda-fase-del-gobierno-no-se-imprimen-mas-pesos-en-argentina-por-ninguna-via\/","title":{"rendered":"CAPUTO SOBRE LA SEGUNDA FASE DEL GOBIERNO: \u00abNO SE IMPRIMEN M\u00c1S PESOS EN ARGENTINA POR NINGUNA V\u00cdA\u00bb"},"content":{"rendered":"\n<p>El ministro de Econom\u00eda,\u00a0<strong>Luis Caputo<\/strong>, ratific\u00f3\u00a0lo anunciado por el presidente\u00a0<strong>Javier Milei\u00a0<\/strong>este s\u00e1bado por la ma\u00f1ana\u00a0sobre los\u00a0<strong>cambios en el mercado \u00fanico libre de cambios (MULC)\u00a0<\/strong>para alcanzar la \u00abemisi\u00f3n cero total\u00bb y asegur\u00f3 que \u00aben 6 meses terminamos con el d\u00e9ficit fiscal, el cuasi fiscal y la emisi\u00f3n monetaria\u00bb.<\/p>\n\n\n\n<p>En di\u00e1logo con&nbsp;<em>LN+<\/em>, Milei se refiri\u00f3 al<strong>&nbsp;incremento del billete paralelo<\/strong>, que en la rueda del viernes alcanz\u00f3 los $1.500 -su m\u00e1ximo nominal hist\u00f3rico- y<strong>&nbsp;aument\u00f3 la brecha con el oficial a un 62%.<\/strong>&nbsp;En ese sentido, adelant\u00f3 que va a \u00ab<strong>cerrar los grifos de emisi\u00f3n de compra de d\u00f3lares<\/strong>\u00ab.<\/p>\n\n\n\n<p>Seg\u00fan el titular del Palacio de Hacienda, lo dicho por el jefe de Estado es que \u00abse cierra la \u00faltima canilla de emisi\u00f3n monetaria\u00bb. \u00abA partir de ahora&nbsp;<strong>la cantidad de dinero queda igual o se reduce<\/strong>\u00ab, indic\u00f3, al tiempo que aclar\u00f3 que eso ocurrir\u00eda \u00absi el Banco Central vendiera d\u00f3lares en el MULC\u00bb.<\/p>\n\n\n\n<p>\u00abSi el BCRA comprara d\u00f3lares en el MULC, la emisi\u00f3n de pesos equivalente ser\u00e1 esterilizada con la venta de d\u00f3lares equivalentes en el mercado de contado con liquidaci\u00f3n (CCL).&nbsp;<strong>Est\u00e1 profundizaci\u00f3n de la pol\u00edtica monetaria que comienza pasado ma\u00f1ana, contribuir\u00e1 a profundizar el proceso de desinflaci\u00f3n<\/strong>\u00ab, explic\u00f3 a trav\u00e9s de su cuenta de X.<\/p>\n\n\n\n<p>Luego contempl\u00f3 un plazo para su plan: \u00abEn 6 meses terminamos con el d\u00e9ficit fiscal, el d\u00e9ficit cuasi fiscal, y la emisi\u00f3n monetaria. Consecuencia:&nbsp;<strong>vamos a exterminar la inflaci\u00f3n para siempre en Argentina<\/strong>\u00ab.<\/p>\n\n\n\n<h3 class=\"wp-block-heading\">Caputo: \u00abA la inflaci\u00f3n le est\u00e1bamos ganando por puntos y este es el golpe del knock out\u00bb<\/h3>\n\n\n\n<p>Luego de su posteo en las redes sociales, el ministro de Econom\u00eda brind\u00f3 una entrevista radial donde sostuvo que \u00ab<strong>la inflaci\u00f3n es un fen\u00f3meno monetario<\/strong>\u00bb e insisti\u00f3 con el \u00abcorte\u00bb de \u00abla canilla de emisi\u00f3n de pesos\u00bb del Banco Central de la Rep\u00fablica Argentina (BCRA). \u00ab<strong>No se imprimen m\u00e1s pesos en la Argentina por ninguna v\u00eda<\/strong>, es una novedad hist\u00f3rica\u00bb, se\u00f1al\u00f3.<\/p>\n\n\n\n<p>\u00abDurante el gobierno anterior, el desfasaje en el mercado de dinero, tanto por exceso de oferta como por ca\u00edda de demanda, fue fenomenal. Desde que llegamos empezamos a atacar ese problema.&nbsp;<strong>Cortamos la oferta o la emisi\u00f3n de pesos por d\u00e9ficit fiscal y fuimos a d\u00e9ficit cero<\/strong>\u00ab, indic\u00f3 en di\u00e1logo con&nbsp;<em>Radio Mitre<\/em>.<\/p>\n\n\n\n<p>En esa l\u00ednea, agreg\u00f3: \u00abTambi\u00e9n cortamos la segunda canilla de emisi\u00f3n, dos veces m\u00e1s grande que la del d\u00e9ficit:&nbsp;<strong>los pesos que emit\u00eda el Banco Central por los pases<\/strong>\u00ab. \u00abLa canilla que estamos cerrando ahora son los pesos que emite el Banco Central cada vez que compra d\u00f3lares por intercambio en el mercado de exportaci\u00f3n e importaci\u00f3n.&nbsp;<strong>Para profundizar el proceso de desinflaci\u00f3n que estamos experimentando, decidimos cerrar esta tercera canilla<\/strong>\u00ab.<\/p>\n\n\n\n<p>Luego se refiri\u00f3 al n\u00famero de inflaci\u00f3n de junio difundido este viernes y coment\u00f3: \u00abPasamos r\u00e1pidamente de una inflaci\u00f3n mayorista del 54% mensual en diciembre a una inflaci\u00f3n mayorista del 3,5%. No es casualidad,&nbsp;<strong>es producto de que retiramos todos los pesos del mercado\u00bb<\/strong>.<\/p>\n\n\n\n<p>\u00abDe ac\u00e1 a fin de a\u00f1o tenemos un super\u00e1vit de entre un bill\u00f3n y un bill\u00f3n y medio por mes.&nbsp;<strong>En los pr\u00f3ximos seis meses solamente por super\u00e1vit van a haber nueve billones de pesos menos<\/strong>\u00ab, estim\u00f3.<\/p>\n\n\n\n<p>Adem\u00e1s, expres\u00f3 que \u00abhoy no hay razones macroecon\u00f3micas para que haya inflaci\u00f3n en Argentina\u00bb. \u00abA la inflaci\u00f3n le est\u00e1bamos ganando por puntos y&nbsp;<strong>este es el golpe de knock out<\/strong>. Es algo que debiera ayudar fuertemente a que en los pr\u00f3ximos meses la inflaci\u00f3n vaya mucho m\u00e1s cerca de las inflaciones de un pa\u00eds normal\u00bb, se\u00f1al\u00f3.<\/p>\n\n\n\n<p>Finalmente asegur\u00f3 que \u00abel Fondo Monetario no pidi\u00f3 que devaluemos\u00bb. \u00abNo debe haber antecedente en el Fondo de lo r\u00e1pido que convalid\u00f3 la profundizaci\u00f3n del programa. En 48 horas nos lo aval\u00f3 y est\u00e1 totalmente de acuerdo con esta profundizaci\u00f3n del programa monetario. Asumiendo que nos ponemos de acuerdo en las diferentes pol\u00edticas, fiscal, monetaria y cambiaria, puede llegar a haber plata adicional\u00bb, enumer\u00f3.<\/p>\n\n\n\n<p>De esta manera, volvi\u00f3 a referirse al acuerdo con el FMI luego de que\u00a0el organismo desmintiera que existen negociaciones por un nuevo acuerdo con la Argentina. \u00abNo hay un cronograma espec\u00edfico para esas discusiones\u00bb, sostuvo la vocera Julie Kozack.<\/p>\n","protected":false},"excerpt":{"rendered":"<p>El ministro de Econom\u00eda acompa\u00f1\u00f3 lo anunciado por el Presidente este s\u00e1bado y se refiri\u00f3 al n\u00famero de inflaci\u00f3n de junio: \u00abLe est\u00e1bamos ganando por puntos y este es el golpe del knock out\u00bb.<\/p>\n","protected":false},"author":2,"featured_media":67639,"comment_status":"open","ping_status":"open","sticky":false,"template":"","format":"standard","meta":{"om_disable_all_campaigns":false,"_monsterinsights_skip_tracking":false,"_monsterinsights_sitenote_active":false,"_monsterinsights_sitenote_note":"","_monsterinsights_sitenote_category":0,"_uf_show_specific_survey":0,"_uf_disable_surveys":false,"jetpack_post_was_ever_published":false,"_jetpack_newsletter_access":"","_jetpack_dont_email_post_to_subs":false,"_jetpack_newsletter_tier_id":0,"_jetpack_memberships_contains_paywalled_content":false,"_jetpack_memberships_contains_paid_content":false,"footnotes":"","jetpack_publicize_message":"","jetpack_publicize_feature_enabled":true,"jetpack_social_post_already_shared":false,"jetpack_social_options":{"image_generator_settings":{"template":"highway","enabled":false},"version":2}},"categories":[4,7],"tags":[],"class_list":["post-67638","post","type-post","status-publish","format-standard","has-post-thumbnail","hentry","category-destacadas","category-nacionales"],"aioseo_notices":[],"views":16,"jetpack_publicize_connections":[],"jetpack_featured_media_url":"https:\/\/i0.wp.com\/elterritorialweb.com.ar\/web\/wp-content\/uploads\/2024\/07\/CAPUTO-EMISION-DE-PESOS.jpg?fit=1010%2C567&ssl=1","jetpack_sharing_enabled":true,"_links":{"self":[{"href":"https:\/\/elterritorialweb.com.ar\/web\/wp-json\/wp\/v2\/posts\/67638","targetHints":{"allow":["GET"]}}],"collection":[{"href":"https:\/\/elterritorialweb.com.ar\/web\/wp-json\/wp\/v2\/posts"}],"about":[{"href":"https:\/\/elterritorialweb.com.ar\/web\/wp-json\/wp\/v2\/types\/post"}],"author":[{"embeddable":true,"href":"https:\/\/elterritorialweb.com.ar\/web\/wp-json\/wp\/v2\/users\/2"}],"replies":[{"embeddable":true,"href":"https:\/\/elterritorialweb.com.ar\/web\/wp-json\/wp\/v2\/comments?post=67638"}],"version-history":[{"count":1,"href":"https:\/\/elterritorialweb.com.ar\/web\/wp-json\/wp\/v2\/posts\/67638\/revisions"}],"predecessor-version":[{"id":67640,"href":"https:\/\/elterritorialweb.com.ar\/web\/wp-json\/wp\/v2\/posts\/67638\/revisions\/67640"}],"wp:featuredmedia":[{"embeddable":true,"href":"https:\/\/elterritorialweb.com.ar\/web\/wp-json\/wp\/v2\/media\/67639"}],"wp:attachment":[{"href":"https:\/\/elterritorialweb.com.ar\/web\/wp-json\/wp\/v2\/media?parent=67638"}],"wp:term":[{"taxonomy":"category","embeddable":true,"href":"https:\/\/elterritorialweb.com.ar\/web\/wp-json\/wp\/v2\/categories?post=67638"},{"taxonomy":"post_tag","embeddable":true,"href":"https:\/\/elterritorialweb.com.ar\/web\/wp-json\/wp\/v2\/tags?post=67638"}],"curies":[{"name":"wp","href":"https:\/\/api.w.org\/{rel}","templated":true}]}}