{"id":67878,"date":"2024-07-21T00:51:34","date_gmt":"2024-07-21T00:51:34","guid":{"rendered":"http:\/\/elterritorialweb.com.ar\/web\/?p=67878"},"modified":"2024-07-21T01:10:43","modified_gmt":"2024-07-21T01:10:43","slug":"una-multitud-participo-de-la-xxii-marcha-de-los-bombos","status":"publish","type":"post","link":"https:\/\/elterritorialweb.com.ar\/web\/una-multitud-participo-de-la-xxii-marcha-de-los-bombos\/","title":{"rendered":"UNA MULTITUD PARTICIP\u00d3 DE LA XXII MARCHA DE LOS BOMBOS"},"content":{"rendered":"\n<p>Con un marco imponente, se desarroll\u00f3 este s\u00e1bado la <strong>XXII Marcha de los Bombos,<\/strong> que cont\u00f3 con la participaci\u00f3n del <strong>gobernador Gerardo Zamora<\/strong>, junto con el<strong> vicegobernador Carlos Silva Neder<\/strong>; el <strong>jefe de Gabinete de Ministros, El\u00edas Su\u00e1rez<\/strong>; la <strong>intendenta de la Capital, Norma Fuentes, <\/strong>entre otras autoridades que se sumaron a la masiva manifestaci\u00f3n popular que forma parte de los <strong>festejos por el 471\u00b0 aniversario de la \u00abMadre de Ciudades\u00bb.<\/strong><\/p>\n\n\n\n<p>Como en a\u00f1os anteriores, <strong>cuatro columnas confluyeron en Plaza Libertad<\/strong>, provenientes del <strong>Patio del Indio Froil\u00e1n, del barrio Autonom\u00eda, junto con la caravana de Villa Hortensia y de Cuerdas y Fuelles y otra proveniente de la ciudad de La Banda.<\/strong><\/p>\n\n\n\n<figure class=\"wp-block-image size-large\"><a href=\"https:\/\/i0.wp.com\/elterritorialweb.com.ar\/web\/wp-content\/uploads\/2024\/07\/WhatsApp-Image-2024-07-20-at-15.32.25-scaled.jpeg\"><img data-recalc-dims=\"1\" decoding=\"async\" width=\"640\" height=\"427\" data-src=\"https:\/\/i0.wp.com\/elterritorialweb.com.ar\/web\/wp-content\/uploads\/2024\/07\/WhatsApp-Image-2024-07-20-at-15.32.25.jpeg?resize=640%2C427\" alt=\"\" class=\"wp-image-67881 lazyload\" data-srcset=\"https:\/\/i0.wp.com\/elterritorialweb.com.ar\/web\/wp-content\/uploads\/2024\/07\/WhatsApp-Image-2024-07-20-at-15.32.25-scaled.jpeg?resize=1024%2C683&amp;ssl=1 1024w, https:\/\/i0.wp.com\/elterritorialweb.com.ar\/web\/wp-content\/uploads\/2024\/07\/WhatsApp-Image-2024-07-20-at-15.32.25-scaled.jpeg?resize=300%2C200&amp;ssl=1 300w, https:\/\/i0.wp.com\/elterritorialweb.com.ar\/web\/wp-content\/uploads\/2024\/07\/WhatsApp-Image-2024-07-20-at-15.32.25-scaled.jpeg?resize=768%2C512&amp;ssl=1 768w, https:\/\/i0.wp.com\/elterritorialweb.com.ar\/web\/wp-content\/uploads\/2024\/07\/WhatsApp-Image-2024-07-20-at-15.32.25-scaled.jpeg?resize=1536%2C1024&amp;ssl=1 1536w, https:\/\/i0.wp.com\/elterritorialweb.com.ar\/web\/wp-content\/uploads\/2024\/07\/WhatsApp-Image-2024-07-20-at-15.32.25-scaled.jpeg?resize=2048%2C1365&amp;ssl=1 2048w, https:\/\/i0.wp.com\/elterritorialweb.com.ar\/web\/wp-content\/uploads\/2024\/07\/WhatsApp-Image-2024-07-20-at-15.32.25-scaled.jpeg?w=1280 1280w, https:\/\/i0.wp.com\/elterritorialweb.com.ar\/web\/wp-content\/uploads\/2024\/07\/WhatsApp-Image-2024-07-20-at-15.32.25-scaled.jpeg?w=1920 1920w\" data-sizes=\"(max-width: 640px) 100vw, 640px\" src=\"data:image\/svg+xml;base64,PHN2ZyB3aWR0aD0iMSIgaGVpZ2h0PSIxIiB4bWxucz0iaHR0cDovL3d3dy53My5vcmcvMjAwMC9zdmciPjwvc3ZnPg==\" style=\"--smush-placeholder-width: 640px; --smush-placeholder-aspect-ratio: 640\/427;\" \/><\/a><\/figure>\n\n\n\n<p><strong>Durante su desarrollo<\/strong> hubo paradas en lugares espec\u00edficos para realizar homenajes, como la <strong>entronizaci\u00f3n de una imagen de la Santa Mama Antula en el barrio Huaico Hondo<\/strong>; tambi\u00e9n la parada en<strong> El Linyerita en reconocimiento a Cultura Viva<\/strong>. Adem\u00e1s del <strong>reconocimiento a la salud p\u00fablica en el Hospital Independencia.<\/strong><\/p>\n\n\n\n<p>De igual manera la<strong> columna norte<\/strong> hizo una parada en Belgrano y Andes, en<strong> homenaje a las artesan\u00edas santiague\u00f1as y populares. <\/strong>Mientras que la <strong>columna del sur<\/strong> hizo lo propio frente a la <strong>Universidad Nacional en reconocimiento a los trabajadores de la educaci\u00f3n p\u00fablica.<\/strong><\/p>\n\n\n\n<figure class=\"wp-block-image size-large\"><a href=\"https:\/\/i0.wp.com\/elterritorialweb.com.ar\/web\/wp-content\/uploads\/2024\/07\/WhatsApp-Image-2024-07-20-at-15.32.27-scaled.jpeg\"><img data-recalc-dims=\"1\" decoding=\"async\" width=\"640\" height=\"427\" data-src=\"https:\/\/i0.wp.com\/elterritorialweb.com.ar\/web\/wp-content\/uploads\/2024\/07\/WhatsApp-Image-2024-07-20-at-15.32.27.jpeg?resize=640%2C427\" alt=\"\" class=\"wp-image-67879 lazyload\" data-srcset=\"https:\/\/i0.wp.com\/elterritorialweb.com.ar\/web\/wp-content\/uploads\/2024\/07\/WhatsApp-Image-2024-07-20-at-15.32.27-scaled.jpeg?resize=1024%2C683&amp;ssl=1 1024w, https:\/\/i0.wp.com\/elterritorialweb.com.ar\/web\/wp-content\/uploads\/2024\/07\/WhatsApp-Image-2024-07-20-at-15.32.27-scaled.jpeg?resize=300%2C200&amp;ssl=1 300w, https:\/\/i0.wp.com\/elterritorialweb.com.ar\/web\/wp-content\/uploads\/2024\/07\/WhatsApp-Image-2024-07-20-at-15.32.27-scaled.jpeg?resize=768%2C512&amp;ssl=1 768w, https:\/\/i0.wp.com\/elterritorialweb.com.ar\/web\/wp-content\/uploads\/2024\/07\/WhatsApp-Image-2024-07-20-at-15.32.27-scaled.jpeg?resize=1536%2C1024&amp;ssl=1 1536w, https:\/\/i0.wp.com\/elterritorialweb.com.ar\/web\/wp-content\/uploads\/2024\/07\/WhatsApp-Image-2024-07-20-at-15.32.27-scaled.jpeg?resize=2048%2C1365&amp;ssl=1 2048w, https:\/\/i0.wp.com\/elterritorialweb.com.ar\/web\/wp-content\/uploads\/2024\/07\/WhatsApp-Image-2024-07-20-at-15.32.27-scaled.jpeg?w=1280 1280w, https:\/\/i0.wp.com\/elterritorialweb.com.ar\/web\/wp-content\/uploads\/2024\/07\/WhatsApp-Image-2024-07-20-at-15.32.27-scaled.jpeg?w=1920 1920w\" data-sizes=\"(max-width: 640px) 100vw, 640px\" src=\"data:image\/svg+xml;base64,PHN2ZyB3aWR0aD0iMSIgaGVpZ2h0PSIxIiB4bWxucz0iaHR0cDovL3d3dy53My5vcmcvMjAwMC9zdmciPjwvc3ZnPg==\" style=\"--smush-placeholder-width: 640px; --smush-placeholder-aspect-ratio: 640\/427;\" \/><\/a><\/figure>\n\n\n\n<p>La <strong>marcha finaliz\u00f3 en el Parque Aguirre<\/strong>, con un <strong>espect\u00e1culo art\u00edstico a cargo de reconocidos artistas santiague\u00f1os<\/strong> que hicieran bailar y cantar a la multitud que se congreg\u00f3 para poner el <strong>broche de oro a una nueva edici\u00f3n de la Marcha de los Bombos.<\/strong><\/p>\n","protected":false},"excerpt":{"rendered":"<p>Miles de santiague\u00f1os y turistas que llegaron de distintos puntos del pa\u00eds y del mundo le pusieron color a la fiesta popular que comenz\u00f3 con las tradicionales vigilias desde la noche del viernes.<\/p>\n","protected":false},"author":2,"featured_media":67880,"comment_status":"open","ping_status":"open","sticky":false,"template":"","format":"standard","meta":{"om_disable_all_campaigns":false,"_monsterinsights_skip_tracking":false,"_monsterinsights_sitenote_active":false,"_monsterinsights_sitenote_note":"","_monsterinsights_sitenote_category":0,"_uf_show_specific_survey":0,"_uf_disable_surveys":false,"jetpack_post_was_ever_published":false,"_jetpack_newsletter_access":"","_jetpack_dont_email_post_to_subs":false,"_jetpack_newsletter_tier_id":0,"_jetpack_memberships_contains_paywalled_content":false,"_jetpack_memberships_contains_paid_content":false,"footnotes":"","jetpack_publicize_message":"","jetpack_publicize_feature_enabled":true,"jetpack_social_post_already_shared":false,"jetpack_social_options":{"image_generator_settings":{"template":"highway","enabled":false},"version":2}},"categories":[4,21],"tags":[59,497],"class_list":["post-67878","post","type-post","status-publish","format-standard","has-post-thumbnail","hentry","category-destacadas","category-locales","tag-gerardo-zamora","tag-marcha-de-los-bombos"],"aioseo_notices":[],"views":17,"jetpack_publicize_connections":[],"jetpack_featured_media_url":"https:\/\/i0.wp.com\/elterritorialweb.com.ar\/web\/wp-content\/uploads\/2024\/07\/WhatsApp-Image-2024-07-20-at-15.32.27-1.jpeg?fit=1280%2C855&ssl=1","jetpack_sharing_enabled":true,"_links":{"self":[{"href":"https:\/\/elterritorialweb.com.ar\/web\/wp-json\/wp\/v2\/posts\/67878","targetHints":{"allow":["GET"]}}],"collection":[{"href":"https:\/\/elterritorialweb.com.ar\/web\/wp-json\/wp\/v2\/posts"}],"about":[{"href":"https:\/\/elterritorialweb.com.ar\/web\/wp-json\/wp\/v2\/types\/post"}],"author":[{"embeddable":true,"href":"https:\/\/elterritorialweb.com.ar\/web\/wp-json\/wp\/v2\/users\/2"}],"replies":[{"embeddable":true,"href":"https:\/\/elterritorialweb.com.ar\/web\/wp-json\/wp\/v2\/comments?post=67878"}],"version-history":[{"count":1,"href":"https:\/\/elterritorialweb.com.ar\/web\/wp-json\/wp\/v2\/posts\/67878\/revisions"}],"predecessor-version":[{"id":67882,"href":"https:\/\/elterritorialweb.com.ar\/web\/wp-json\/wp\/v2\/posts\/67878\/revisions\/67882"}],"wp:featuredmedia":[{"embeddable":true,"href":"https:\/\/elterritorialweb.com.ar\/web\/wp-json\/wp\/v2\/media\/67880"}],"wp:attachment":[{"href":"https:\/\/elterritorialweb.com.ar\/web\/wp-json\/wp\/v2\/media?parent=67878"}],"wp:term":[{"taxonomy":"category","embeddable":true,"href":"https:\/\/elterritorialweb.com.ar\/web\/wp-json\/wp\/v2\/categories?post=67878"},{"taxonomy":"post_tag","embeddable":true,"href":"https:\/\/elterritorialweb.com.ar\/web\/wp-json\/wp\/v2\/tags?post=67878"}],"curies":[{"name":"wp","href":"https:\/\/api.w.org\/{rel}","templated":true}]}}