{"id":67884,"date":"2024-07-21T01:18:43","date_gmt":"2024-07-21T01:18:43","guid":{"rendered":"http:\/\/elterritorialweb.com.ar\/web\/?p=67884"},"modified":"2024-07-21T01:20:54","modified_gmt":"2024-07-21T01:20:54","slug":"el-gobierno-de-la-provincia-presente-en-el-53-aniversario-de-la-sacha-guitarra-atamisquena","status":"publish","type":"post","link":"https:\/\/elterritorialweb.com.ar\/web\/el-gobierno-de-la-provincia-presente-en-el-53-aniversario-de-la-sacha-guitarra-atamisquena\/","title":{"rendered":"EL GOBIERNO DE LA PROVINCIA PRESENTE EN EL 53\u00b0 ANIVERSARIO DE LA SACHA GUITARRA ATAMISQUE\u00d1A"},"content":{"rendered":"\n<p>El <strong>vicegobernador Carlos Silva Neder<\/strong> y el<strong> jefe de Gabinete y de Ministros , El\u00edas Su\u00e1rez<\/strong>, en representaci\u00f3n del <strong>gobernador Gerardo Zamora,<\/strong> participaron este s\u00e1bado del <strong>53\u00b0 aniversario de la Sacha Guitarra Atamisque\u00f1a<\/strong>, instrumento que fue <strong>creado por Elpidio Herrera (f) <\/strong>y en su homenaje se realiz\u00f3 una gran <strong>celebraci\u00f3n en su casa en la localidad de Villa Atamisqui.<\/strong><\/p>\n\n\n\n<p>Tambi\u00e9n estuvieron el <strong>intendente de Villa Atamisqui, Roberto Brand\u00e1n<\/strong>; el <strong>director de Relaciones Culturales de la C\u00e1mara de Diputados, Luis Herrera,<\/strong> quienes fueron recibidos por el anfitri\u00f3n, <strong>Manolo Herrera.<\/strong><\/p>\n\n\n\n<p>En la oportunidad y ante un gran marco de p\u00fablico, <strong>se entregaron plaquetas recordatorias a la familia Herrera, <\/strong>por parte del jefe de Gabinete y del vicegobernador, tambi\u00e9n la<strong> declaraci\u00f3n del evento de inter\u00e9s provincial por parte de la C\u00e1mara de Diputados.<\/strong><\/p>\n\n\n\n<figure class=\"wp-block-image size-large\"><a href=\"https:\/\/i0.wp.com\/elterritorialweb.com.ar\/web\/wp-content\/uploads\/2024\/07\/homenaja-a-sacha-guitarras.jpeg\"><img data-recalc-dims=\"1\" decoding=\"async\" width=\"640\" height=\"426\" data-src=\"https:\/\/i0.wp.com\/elterritorialweb.com.ar\/web\/wp-content\/uploads\/2024\/07\/homenaja-a-sacha-guitarras.jpeg?resize=640%2C426\" alt=\"\" class=\"wp-image-67886 lazyload\" data-srcset=\"https:\/\/i0.wp.com\/elterritorialweb.com.ar\/web\/wp-content\/uploads\/2024\/07\/homenaja-a-sacha-guitarras.jpeg?resize=1024%2C682&amp;ssl=1 1024w, https:\/\/i0.wp.com\/elterritorialweb.com.ar\/web\/wp-content\/uploads\/2024\/07\/homenaja-a-sacha-guitarras.jpeg?resize=300%2C200&amp;ssl=1 300w, https:\/\/i0.wp.com\/elterritorialweb.com.ar\/web\/wp-content\/uploads\/2024\/07\/homenaja-a-sacha-guitarras.jpeg?resize=768%2C512&amp;ssl=1 768w, https:\/\/i0.wp.com\/elterritorialweb.com.ar\/web\/wp-content\/uploads\/2024\/07\/homenaja-a-sacha-guitarras.jpeg?w=1280&amp;ssl=1 1280w\" data-sizes=\"(max-width: 640px) 100vw, 640px\" src=\"data:image\/svg+xml;base64,PHN2ZyB3aWR0aD0iMSIgaGVpZ2h0PSIxIiB4bWxucz0iaHR0cDovL3d3dy53My5vcmcvMjAwMC9zdmciPjwvc3ZnPg==\" style=\"--smush-placeholder-width: 640px; --smush-placeholder-aspect-ratio: 640\/426;\" \/><\/a><\/figure>\n\n\n\n<p>En esta oportunidad, <strong>Su\u00e1rez <\/strong>transmiti\u00f3 el saludo del gobernador Zamora y expres\u00f3: <em>\u00abGracias por el acompa\u00f1amiento y por todo lo que aprendimos con Elpidio Herrera hace tantos a\u00f1os y con este pueblo maravilloso que nos ense\u00f1a cada paso y como siempre festejando esta santiague\u00f1eidad\u00bb.<\/em><\/p>\n\n\n\n<p>Por su parte, <strong>Silva Neder<\/strong> ratific\u00f3 el <em>\u00abcompromiso y acompa\u00f1amiento del Gobierno de la provincia para con la Sacha Guitarra Atamisque\u00f1a, que desde este lugar se ha podido proyectar hacia el mundo y a partir de ah\u00ed hacerlo m\u00e1s conocido a Santiago del Estero y a lo que nos une en definitiva a todos los santiague\u00f1os que es el amor a esta tierra, hacer un culto a la amistad que tambi\u00e9n es lo que nos une\u00bb<\/em>.<\/p>\n","protected":false},"excerpt":{"rendered":"<p>Se realiz\u00f3 una gran celebraci\u00f3n en Villa Atamisqui en homenaje a su creador Elpidio Herrera.<\/p>\n","protected":false},"author":2,"featured_media":67885,"comment_status":"open","ping_status":"open","sticky":false,"template":"","format":"standard","meta":{"om_disable_all_campaigns":false,"_monsterinsights_skip_tracking":false,"_monsterinsights_sitenote_active":false,"_monsterinsights_sitenote_note":"","_monsterinsights_sitenote_category":0,"_uf_show_specific_survey":0,"_uf_disable_surveys":false,"jetpack_post_was_ever_published":false,"_jetpack_newsletter_access":"","_jetpack_dont_email_post_to_subs":false,"_jetpack_newsletter_tier_id":0,"_jetpack_memberships_contains_paywalled_content":false,"_jetpack_memberships_contains_paid_content":false,"footnotes":"","jetpack_publicize_message":"","jetpack_publicize_feature_enabled":true,"jetpack_social_post_already_shared":false,"jetpack_social_options":{"image_generator_settings":{"template":"highway","enabled":false},"version":2}},"categories":[4,21],"tags":[],"class_list":["post-67884","post","type-post","status-publish","format-standard","has-post-thumbnail","hentry","category-destacadas","category-locales"],"aioseo_notices":[],"views":10,"jetpack_publicize_connections":[],"jetpack_featured_media_url":"https:\/\/i0.wp.com\/elterritorialweb.com.ar\/web\/wp-content\/uploads\/2024\/07\/homenaje-a-sacha-guitarras-1.jpeg?fit=1280%2C853&ssl=1","jetpack_sharing_enabled":true,"_links":{"self":[{"href":"https:\/\/elterritorialweb.com.ar\/web\/wp-json\/wp\/v2\/posts\/67884","targetHints":{"allow":["GET"]}}],"collection":[{"href":"https:\/\/elterritorialweb.com.ar\/web\/wp-json\/wp\/v2\/posts"}],"about":[{"href":"https:\/\/elterritorialweb.com.ar\/web\/wp-json\/wp\/v2\/types\/post"}],"author":[{"embeddable":true,"href":"https:\/\/elterritorialweb.com.ar\/web\/wp-json\/wp\/v2\/users\/2"}],"replies":[{"embeddable":true,"href":"https:\/\/elterritorialweb.com.ar\/web\/wp-json\/wp\/v2\/comments?post=67884"}],"version-history":[{"count":2,"href":"https:\/\/elterritorialweb.com.ar\/web\/wp-json\/wp\/v2\/posts\/67884\/revisions"}],"predecessor-version":[{"id":67889,"href":"https:\/\/elterritorialweb.com.ar\/web\/wp-json\/wp\/v2\/posts\/67884\/revisions\/67889"}],"wp:featuredmedia":[{"embeddable":true,"href":"https:\/\/elterritorialweb.com.ar\/web\/wp-json\/wp\/v2\/media\/67885"}],"wp:attachment":[{"href":"https:\/\/elterritorialweb.com.ar\/web\/wp-json\/wp\/v2\/media?parent=67884"}],"wp:term":[{"taxonomy":"category","embeddable":true,"href":"https:\/\/elterritorialweb.com.ar\/web\/wp-json\/wp\/v2\/categories?post=67884"},{"taxonomy":"post_tag","embeddable":true,"href":"https:\/\/elterritorialweb.com.ar\/web\/wp-json\/wp\/v2\/tags?post=67884"}],"curies":[{"name":"wp","href":"https:\/\/api.w.org\/{rel}","templated":true}]}}