{"id":67890,"date":"2024-07-21T01:37:55","date_gmt":"2024-07-21T01:37:55","guid":{"rendered":"http:\/\/elterritorialweb.com.ar\/web\/?p=67890"},"modified":"2024-07-21T01:42:35","modified_gmt":"2024-07-21T01:42:35","slug":"sobre-el-final-guemes-derroto-a-all-boys-y-desato-una-fiesta-en-la-isla","status":"publish","type":"post","link":"https:\/\/elterritorialweb.com.ar\/web\/sobre-el-final-guemes-derroto-a-all-boys-y-desato-una-fiesta-en-la-isla\/","title":{"rendered":"SOBRE EL FINAL, G\u00dcEMES DERROT\u00d3 A ALL BOYS Y DESAT\u00d3 UNA FIESTA EN LA ISLA"},"content":{"rendered":"\n<p><strong>G\u00fcemes&nbsp;<\/strong>logr\u00f3 dejar atr\u00e1s la racha adversa al derrotar por 2-1 a&nbsp;<strong>All Boys<\/strong>&nbsp;de manera ag\u00f3nica, en uno de los encuentros correspondientes a la 24\u00aa fecha de la zona A de la&nbsp;<strong>Primera Nacional<\/strong>, disputado en el estadio Arturo \u201cJiya\u201d Miranda.<\/p>\n\n\n\n<p>Los goles para el due\u00f1o de casa fueron anotados por\u00a0<strong>Pablo Palacios Alvarenga<\/strong>\u00a0y\u00a0<strong>Emir Faccioli<\/strong>, mientras que el empate parcial para la visita fue marcado por\u00a0<strong>Tob\u00edas Bovone<\/strong>.<\/p>\n\n\n\n<p>El&nbsp;<strong>Gaucho&nbsp;<\/strong>logr\u00f3 ponerse en ventaja cuando se jugaban dos minutos del complemento y el \u00e1rbitro&nbsp;<strong>Carlos C\u00f3rdoba&nbsp;<\/strong>sancion\u00f3 con penal una dudosa falta de<strong>&nbsp;Santiago Galucci<\/strong>&nbsp;sobre L<strong>uciano Pizarro.<\/strong>&nbsp;<strong>Pablo Palacios Alvarenga<\/strong>&nbsp;cambi\u00f3 por gol y desat\u00f3 el primer festejo en&nbsp;<strong>La Isla.<\/strong><\/p>\n\n\n\n<figure class=\"wp-block-image size-large\"><a href=\"https:\/\/i0.wp.com\/elterritorialweb.com.ar\/web\/wp-content\/uploads\/2024\/07\/guemes-all-boys-1-e1721525815239.jpeg\"><img data-recalc-dims=\"1\" decoding=\"async\" width=\"640\" height=\"418\" data-src=\"https:\/\/i0.wp.com\/elterritorialweb.com.ar\/web\/wp-content\/uploads\/2024\/07\/guemes-all-boys-1-e1721525815239-1024x669.jpeg?resize=640%2C418\" alt=\"\" class=\"wp-image-67891 lazyload\" data-srcset=\"https:\/\/i0.wp.com\/elterritorialweb.com.ar\/web\/wp-content\/uploads\/2024\/07\/guemes-all-boys-1-e1721525815239.jpeg?resize=1024%2C669&amp;ssl=1 1024w, https:\/\/i0.wp.com\/elterritorialweb.com.ar\/web\/wp-content\/uploads\/2024\/07\/guemes-all-boys-1-e1721525815239.jpeg?resize=300%2C196&amp;ssl=1 300w, https:\/\/i0.wp.com\/elterritorialweb.com.ar\/web\/wp-content\/uploads\/2024\/07\/guemes-all-boys-1-e1721525815239.jpeg?resize=768%2C502&amp;ssl=1 768w, https:\/\/i0.wp.com\/elterritorialweb.com.ar\/web\/wp-content\/uploads\/2024\/07\/guemes-all-boys-1-e1721525815239.jpeg?w=1211&amp;ssl=1 1211w\" data-sizes=\"(max-width: 640px) 100vw, 640px\" src=\"data:image\/svg+xml;base64,PHN2ZyB3aWR0aD0iMSIgaGVpZ2h0PSIxIiB4bWxucz0iaHR0cDovL3d3dy53My5vcmcvMjAwMC9zdmciPjwvc3ZnPg==\" style=\"--smush-placeholder-width: 640px; --smush-placeholder-aspect-ratio: 640\/418;\" \/><\/a><\/figure>\n\n\n\n<p>La visita sali\u00f3 a buscar el empate y tuvo su premio en el minuto 16, cuando&nbsp;<strong>Tob\u00edas Bovone&nbsp;<\/strong>conect\u00f3 un centro pasado dentro del \u00e1rea para estampar el 1-1.&nbsp;<strong>G\u00fcemes&nbsp;<\/strong>deb\u00eda remar de nuevo para conseguir los tres puntos.<\/p>\n\n\n\n<p>Y cuando parec\u00eda que el\u00a0<strong>Gaucho\u00a0<\/strong>no pod\u00eda,<strong>\u00a0Emi Faccioli\u00a0<\/strong>apareci\u00f3 como centrodelantero para luego de un tiro de esquina poner el 2-1 con un derechazo y desatar el delirio del pueblo azulgrana.\u00a0<\/p>\n\n\n\n<p>Con este resultado, G\u00fcemes toma aire y deja atr\u00e1s una seguidilla de seis encuentros sin ganar, aunque no pudo salir de la \u00faltima posici\u00f3n de la tabla, en donde se mantiene con 23 puntos. Por su parte, All Boys est\u00e1 s\u00e9ptimo con 33 unidades.<\/p>\n\n\n\n<p>En la pr\u00f3xima fecha, la 25\u00aa, G\u00fcemes buscar\u00e1 reafirmar su levantada al visitar a&nbsp;<strong>Trist\u00e1n Su\u00e1rez<\/strong>&nbsp;el s\u00e1bado a las 15, mientras que All Boys se presentar\u00e1 de local el domingo a las 15 al recibir a&nbsp;<strong>Gimnasia de Jujuy<\/strong>.<\/p>\n","protected":false},"excerpt":{"rendered":"<p>El gaucho se sac\u00f3 la mufa ante el albo de Floresta y le gan\u00f3 2-1 ante su gente.<\/p>\n","protected":false},"author":2,"featured_media":67892,"comment_status":"open","ping_status":"open","sticky":false,"template":"","format":"standard","meta":{"om_disable_all_campaigns":false,"_monsterinsights_skip_tracking":false,"_monsterinsights_sitenote_active":false,"_monsterinsights_sitenote_note":"","_monsterinsights_sitenote_category":0,"_uf_show_specific_survey":0,"_uf_disable_surveys":false,"jetpack_post_was_ever_published":false,"_jetpack_newsletter_access":"","_jetpack_dont_email_post_to_subs":false,"_jetpack_newsletter_tier_id":0,"_jetpack_memberships_contains_paywalled_content":false,"_jetpack_memberships_contains_paid_content":false,"footnotes":"","jetpack_publicize_message":"","jetpack_publicize_feature_enabled":true,"jetpack_social_post_already_shared":false,"jetpack_social_options":{"image_generator_settings":{"template":"highway","enabled":false},"version":2}},"categories":[6,4],"tags":[712,94],"class_list":["post-67890","post","type-post","status-publish","format-standard","has-post-thumbnail","hentry","category-deportes","category-destacadas","tag-club-atetico-guemes","tag-primera-nacional"],"aioseo_notices":[],"views":12,"jetpack_publicize_connections":[],"jetpack_featured_media_url":"https:\/\/i0.wp.com\/elterritorialweb.com.ar\/web\/wp-content\/uploads\/2024\/07\/guemes-all-boys-e1721525788594.jpeg?fit=1126%2C808&ssl=1","jetpack_sharing_enabled":true,"_links":{"self":[{"href":"https:\/\/elterritorialweb.com.ar\/web\/wp-json\/wp\/v2\/posts\/67890","targetHints":{"allow":["GET"]}}],"collection":[{"href":"https:\/\/elterritorialweb.com.ar\/web\/wp-json\/wp\/v2\/posts"}],"about":[{"href":"https:\/\/elterritorialweb.com.ar\/web\/wp-json\/wp\/v2\/types\/post"}],"author":[{"embeddable":true,"href":"https:\/\/elterritorialweb.com.ar\/web\/wp-json\/wp\/v2\/users\/2"}],"replies":[{"embeddable":true,"href":"https:\/\/elterritorialweb.com.ar\/web\/wp-json\/wp\/v2\/comments?post=67890"}],"version-history":[{"count":2,"href":"https:\/\/elterritorialweb.com.ar\/web\/wp-json\/wp\/v2\/posts\/67890\/revisions"}],"predecessor-version":[{"id":67895,"href":"https:\/\/elterritorialweb.com.ar\/web\/wp-json\/wp\/v2\/posts\/67890\/revisions\/67895"}],"wp:featuredmedia":[{"embeddable":true,"href":"https:\/\/elterritorialweb.com.ar\/web\/wp-json\/wp\/v2\/media\/67892"}],"wp:attachment":[{"href":"https:\/\/elterritorialweb.com.ar\/web\/wp-json\/wp\/v2\/media?parent=67890"}],"wp:term":[{"taxonomy":"category","embeddable":true,"href":"https:\/\/elterritorialweb.com.ar\/web\/wp-json\/wp\/v2\/categories?post=67890"},{"taxonomy":"post_tag","embeddable":true,"href":"https:\/\/elterritorialweb.com.ar\/web\/wp-json\/wp\/v2\/tags?post=67890"}],"curies":[{"name":"wp","href":"https:\/\/api.w.org\/{rel}","templated":true}]}}