{"id":67896,"date":"2024-07-21T17:28:34","date_gmt":"2024-07-21T17:28:34","guid":{"rendered":"http:\/\/elterritorialweb.com.ar\/web\/?p=67896"},"modified":"2024-07-21T17:29:43","modified_gmt":"2024-07-21T17:29:43","slug":"nediani-visito-el-inicio-de-nuevas-obras-en-el-barrio-los-lagos","status":"publish","type":"post","link":"https:\/\/elterritorialweb.com.ar\/web\/nediani-visito-el-inicio-de-nuevas-obras-en-el-barrio-los-lagos\/","title":{"rendered":"NEDIANI VISIT\u00d3 EL INICIO DE NUEVAS OBRAS EN EL BARRIO LOS LAGOS"},"content":{"rendered":"\n<p>Acompa\u00f1ado por el <strong>secretario de Obras P\u00fablicas, Cristi\u00e1n Alzamora<\/strong>, <strong>Nediani<\/strong> observ\u00f3 los trabajos de <strong>construcci\u00f3n de cord\u00f3n cuneta, aporte de suelo y base estabilizada en la calle Agust\u00edn Carabajal<\/strong> y en la <strong>calle 1\u00b0 de Mayo, sumando un total de 500 metros<\/strong> intervenidos.<\/p>\n\n\n\n<p><em>\u201cEstamos trabajando en el cord\u00f3n cuneta, aporte de suelo y base estabilizada aqu\u00ed en el barrio Los Lagos, sobre la calle Agust\u00edn Carabajal, que son aproximadamente 300 metros, m\u00e1s 200 metros de la calle Primero de Mayo. Cada a\u00f1o, previo a la fiesta de la Abuela Carabajal, buscamos mejorar este sector de la ciudad para que siempre haya una obra nueva,\u201d<\/em> se\u00f1al\u00f3 Nediani.<\/p>\n\n\n\n<p>El<strong> intendente<\/strong> destac\u00f3 la importancia de estas obras no solo por la mejora en la infraestructura, sino tambi\u00e9n por su impacto en la seguridad y la calidad de vida de los vecinos. <em>\u201cEstamos muy contentos porque los vecinos se han acercado y han solicitado tambi\u00e9n mejoramiento de iluminaci\u00f3n. Estas obras son integrales: cord\u00f3n cuneta, base estabilizada, reconversi\u00f3n lum\u00ednica, pavimentaci\u00f3n y se\u00f1alizaci\u00f3n con carteles nomencladores,\u201d<\/em> explic\u00f3.<\/p>\n\n\n\n<p>El <strong>jefe comunal<\/strong> enfatiz\u00f3 que las obras seleccionadas son estrat\u00e9gicas y responden a las necesidades espec\u00edficas de cada barrio. <em>\u201cLas obras est\u00e1n planificadas estrat\u00e9gicamente. Este sector es muy concurrido, especialmente durante la fiesta de la Abuela Carabajal, y queremos garantizar mayor seguridad en la transitabilidad. Tambi\u00e9n estamos trabajando en obras de desag\u00fces pluviales y en la conectividad entre barrios para que act\u00faen como un conjunto organizado,\u201d<\/em> agreg\u00f3.<\/p>\n\n\n\n<p><strong>Nediani<\/strong> tambi\u00e9n subray\u00f3 el esfuerzo del municipio en llevar adelante estos proyectos con recursos limitados. <em>\u201cHacemos un gran esfuerzo. No recibimos recursos econ\u00f3micos de la Naci\u00f3n y nuestra coparticipaci\u00f3n es la misma de siempre. Por eso, damos soluciones estrat\u00e9gicas con los recursos disponibles. Tenemos claro el plan de obras de mejoramiento de calles, reconversi\u00f3n lum\u00ednica y desag\u00fces, y seguiremos avanzando en ese sentido,\u201d <\/em>concluy\u00f3.<\/p>\n","protected":false},"excerpt":{"rendered":"<p>El intendente de La Banda, Roger El\u00edas Nediani, visit\u00f3 el barrio Los Lagos en el inicio de las mejoras de una de sus calles principales.<\/p>\n","protected":false},"author":2,"featured_media":67897,"comment_status":"open","ping_status":"open","sticky":false,"template":"","format":"standard","meta":{"om_disable_all_campaigns":false,"_monsterinsights_skip_tracking":false,"_monsterinsights_sitenote_active":false,"_monsterinsights_sitenote_note":"","_monsterinsights_sitenote_category":0,"_uf_show_specific_survey":0,"_uf_disable_surveys":false,"jetpack_post_was_ever_published":false,"_jetpack_newsletter_access":"","_jetpack_dont_email_post_to_subs":false,"_jetpack_newsletter_tier_id":0,"_jetpack_memberships_contains_paywalled_content":false,"_jetpack_memberships_contains_paid_content":false,"footnotes":"","jetpack_publicize_message":"","jetpack_publicize_feature_enabled":true,"jetpack_social_post_already_shared":false,"jetpack_social_options":{"image_generator_settings":{"template":"highway","enabled":false},"version":2}},"categories":[9,4],"tags":[71,51],"class_list":["post-67896","post","type-post","status-publish","format-standard","has-post-thumbnail","hentry","category-banda","category-destacadas","tag-municipalidad-de-la-banda","tag-roger-nediani"],"aioseo_notices":[],"views":10,"jetpack_publicize_connections":[],"jetpack_featured_media_url":"https:\/\/i0.wp.com\/elterritorialweb.com.ar\/web\/wp-content\/uploads\/2024\/07\/NEDIANI-OBRAS-2.jpeg?fit=1600%2C1057&ssl=1","jetpack_sharing_enabled":true,"_links":{"self":[{"href":"https:\/\/elterritorialweb.com.ar\/web\/wp-json\/wp\/v2\/posts\/67896","targetHints":{"allow":["GET"]}}],"collection":[{"href":"https:\/\/elterritorialweb.com.ar\/web\/wp-json\/wp\/v2\/posts"}],"about":[{"href":"https:\/\/elterritorialweb.com.ar\/web\/wp-json\/wp\/v2\/types\/post"}],"author":[{"embeddable":true,"href":"https:\/\/elterritorialweb.com.ar\/web\/wp-json\/wp\/v2\/users\/2"}],"replies":[{"embeddable":true,"href":"https:\/\/elterritorialweb.com.ar\/web\/wp-json\/wp\/v2\/comments?post=67896"}],"version-history":[{"count":2,"href":"https:\/\/elterritorialweb.com.ar\/web\/wp-json\/wp\/v2\/posts\/67896\/revisions"}],"predecessor-version":[{"id":67900,"href":"https:\/\/elterritorialweb.com.ar\/web\/wp-json\/wp\/v2\/posts\/67896\/revisions\/67900"}],"wp:featuredmedia":[{"embeddable":true,"href":"https:\/\/elterritorialweb.com.ar\/web\/wp-json\/wp\/v2\/media\/67897"}],"wp:attachment":[{"href":"https:\/\/elterritorialweb.com.ar\/web\/wp-json\/wp\/v2\/media?parent=67896"}],"wp:term":[{"taxonomy":"category","embeddable":true,"href":"https:\/\/elterritorialweb.com.ar\/web\/wp-json\/wp\/v2\/categories?post=67896"},{"taxonomy":"post_tag","embeddable":true,"href":"https:\/\/elterritorialweb.com.ar\/web\/wp-json\/wp\/v2\/tags?post=67896"}],"curies":[{"name":"wp","href":"https:\/\/api.w.org\/{rel}","templated":true}]}}