{"id":67961,"date":"2024-07-22T20:44:26","date_gmt":"2024-07-22T20:44:26","guid":{"rendered":"http:\/\/elterritorialweb.com.ar\/web\/?p=67961"},"modified":"2024-07-22T20:44:31","modified_gmt":"2024-07-22T20:44:31","slug":"zamora-esta-desicion-auspicia-una-importante-reparacion-en-la-historia-eclesiastica-de-nuestra-patria","status":"publish","type":"post","link":"https:\/\/elterritorialweb.com.ar\/web\/zamora-esta-desicion-auspicia-una-importante-reparacion-en-la-historia-eclesiastica-de-nuestra-patria\/","title":{"rendered":"ZAMORA: \u00abESTA DESICI\u00d3N AUSPICIA UNA IMPORTANTE REPARACI\u00d3N EN LA HISTORIA ECLESI\u00c1STICA DE NUESTRA PATRIA\u00bb"},"content":{"rendered":"\n<p><em>\u201cCon alegr\u00eda profunda me uno al jubilo del Pueblo Santiague\u00f1o tras la noticia de haberse constituido en Sede Primada de la Argentina a Santiago del Estero\u201d<\/em>,\u00a0<strong>expres\u00f3 el mandatario provincial.<\/strong><\/p>\n\n\n\n<p><em>\u201cEst\u00e1 decisi\u00f3n tomada por el\u00a0<strong>Papa Francisco<\/strong>, auspicia una importante reparaci\u00f3n en la historia eclesi\u00e1stica de nuestra\u00a0<strong>Patria<\/strong>. Saludamos a la\u00a0<strong>Iglesia Cat\u00f3lica y a toda su feligres\u00eda en la persona de su Obispo Mons. Vicente Bokalic<\/strong>. Dios bendiga a\u00a0<strong>Santiago del Estero<\/strong>\u00a0y a todos los que habitamos en esta tierra madre de fe y promisi\u00f3n ciudadana\u201d,<\/em> finaliz\u00f3.<\/p>\n\n\n\n<p>El gobernador de Santiago del Estero,&nbsp;<strong>Dr. Gerardo Zamora<\/strong>, se expres\u00f3 a trav\u00e9s de las&nbsp;<strong>redes sociales&nbsp;<\/strong>luego de que se conociera la noticia de que el&nbsp;<strong>Papa Francisco&nbsp;<\/strong>elev\u00f3 la sede diocesana de&nbsp;<strong>Santiago del Estero al grado y dignidad de Sede Arzobispal<\/strong>, transfiriendo el t\u00edtulo de&nbsp;<strong>Sede Primada a Santiago del Estero<\/strong>.<\/p>\n\n\n\n<p><em>\u201cCon alegr\u00eda profunda me uno al jubilo del Pueblo Santiague\u00f1o tras la noticia de haberse constituido en Sede Primada de la Argentina a Santiago del Estero\u201d,<\/em>\u00a0<strong>expres\u00f3 el mandatario provincial.<\/strong><\/p>\n\n\n\n<p><em>\u201cEst\u00e1 decisi\u00f3n tomada por el\u00a0<strong>Papa Francisco<\/strong>, auspicia una importante reparaci\u00f3n en la historia eclesi\u00e1stica de nuestra\u00a0<strong>Patria<\/strong>. Saludamos a la\u00a0<strong>Iglesia Cat\u00f3lica y a toda su feligres\u00eda en la persona de su Obispo Mons. Vicente Bokalic<\/strong>. Dios bendiga a\u00a0<strong>Santiago del Estero<\/strong>\u00a0y a todos los que habitamos en esta tierra madre de fe y promisi\u00f3n ciudadana\u201d<\/em>, finaliz\u00f3.<\/p>\n\n\n\n<iframe data-src=\"https:\/\/www.facebook.com\/plugins\/post.php?href=https%3A%2F%2Fwww.facebook.com%2FzamoraSDE%2Fposts%2Fpfbid02frwmjXLRgu5DaT1WDdABNTzzerHMbBqJEdrU2yNDAzZbEnbPfW35Sw94uvNJgp1Pl&#038;show_text=true&#038;width=500\" width=\"500\" height=\"531\" style=\"border:none;overflow:hidden\" scrolling=\"no\" frameborder=\"0\" allowfullscreen=\"true\" allow=\"autoplay; clipboard-write; encrypted-media; picture-in-picture; web-share\" src=\"data:image\/svg+xml;base64,PHN2ZyB3aWR0aD0iMSIgaGVpZ2h0PSIxIiB4bWxucz0iaHR0cDovL3d3dy53My5vcmcvMjAwMC9zdmciPjwvc3ZnPg==\" class=\"lazyload\" data-load-mode=\"1\"><\/iframe>\n","protected":false},"excerpt":{"rendered":"<p>El gobernador de Santiago del Estero,\u00a0Dr. Gerardo Zamora, se expres\u00f3 a trav\u00e9s de las\u00a0redes sociales\u00a0luego de que se conociera la noticia de que el\u00a0Papa Francisco\u00a0elev\u00f3 la sede diocesana de\u00a0Santiago del Estero al grado y dignidad de Sede Arzobispal, transfiriendo el t\u00edtulo de\u00a0Sede Primada a Santiago del Estero.<\/p>\n","protected":false},"author":2,"featured_media":62028,"comment_status":"open","ping_status":"open","sticky":false,"template":"","format":"standard","meta":{"om_disable_all_campaigns":false,"_monsterinsights_skip_tracking":false,"_monsterinsights_sitenote_active":false,"_monsterinsights_sitenote_note":"","_monsterinsights_sitenote_category":0,"_uf_show_specific_survey":0,"_uf_disable_surveys":false,"jetpack_post_was_ever_published":false,"_jetpack_newsletter_access":"","_jetpack_dont_email_post_to_subs":false,"_jetpack_newsletter_tier_id":0,"_jetpack_memberships_contains_paywalled_content":false,"_jetpack_memberships_contains_paid_content":false,"footnotes":"","jetpack_publicize_message":"","jetpack_publicize_feature_enabled":true,"jetpack_social_post_already_shared":false,"jetpack_social_options":{"image_generator_settings":{"template":"highway","enabled":false},"version":2}},"categories":[4,21],"tags":[],"class_list":["post-67961","post","type-post","status-publish","format-standard","has-post-thumbnail","hentry","category-destacadas","category-locales"],"aioseo_notices":[],"views":10,"jetpack_publicize_connections":[],"jetpack_featured_media_url":"https:\/\/i0.wp.com\/elterritorialweb.com.ar\/web\/wp-content\/uploads\/2023\/12\/ZAMORA.webp?fit=960%2C640&ssl=1","jetpack_sharing_enabled":true,"_links":{"self":[{"href":"https:\/\/elterritorialweb.com.ar\/web\/wp-json\/wp\/v2\/posts\/67961","targetHints":{"allow":["GET"]}}],"collection":[{"href":"https:\/\/elterritorialweb.com.ar\/web\/wp-json\/wp\/v2\/posts"}],"about":[{"href":"https:\/\/elterritorialweb.com.ar\/web\/wp-json\/wp\/v2\/types\/post"}],"author":[{"embeddable":true,"href":"https:\/\/elterritorialweb.com.ar\/web\/wp-json\/wp\/v2\/users\/2"}],"replies":[{"embeddable":true,"href":"https:\/\/elterritorialweb.com.ar\/web\/wp-json\/wp\/v2\/comments?post=67961"}],"version-history":[{"count":2,"href":"https:\/\/elterritorialweb.com.ar\/web\/wp-json\/wp\/v2\/posts\/67961\/revisions"}],"predecessor-version":[{"id":67963,"href":"https:\/\/elterritorialweb.com.ar\/web\/wp-json\/wp\/v2\/posts\/67961\/revisions\/67963"}],"wp:featuredmedia":[{"embeddable":true,"href":"https:\/\/elterritorialweb.com.ar\/web\/wp-json\/wp\/v2\/media\/62028"}],"wp:attachment":[{"href":"https:\/\/elterritorialweb.com.ar\/web\/wp-json\/wp\/v2\/media?parent=67961"}],"wp:term":[{"taxonomy":"category","embeddable":true,"href":"https:\/\/elterritorialweb.com.ar\/web\/wp-json\/wp\/v2\/categories?post=67961"},{"taxonomy":"post_tag","embeddable":true,"href":"https:\/\/elterritorialweb.com.ar\/web\/wp-json\/wp\/v2\/tags?post=67961"}],"curies":[{"name":"wp","href":"https:\/\/api.w.org\/{rel}","templated":true}]}}