{"id":67970,"date":"2024-07-22T21:07:57","date_gmt":"2024-07-22T21:07:57","guid":{"rendered":"http:\/\/elterritorialweb.com.ar\/web\/?p=67970"},"modified":"2024-07-22T21:08:02","modified_gmt":"2024-07-22T21:08:02","slug":"nediani-participo-del-anuncio-de-la-fiestas-patronales-de-santiago-apostol","status":"publish","type":"post","link":"https:\/\/elterritorialweb.com.ar\/web\/nediani-participo-del-anuncio-de-la-fiestas-patronales-de-santiago-apostol\/","title":{"rendered":"NEDIANI PARTICIP\u00d3 DEL ANUNCIO DE LA FIESTAS PATRONALES DE SANTIAGO APOSTOL"},"content":{"rendered":"\n<p>Destacando que en el d\u00eda de hoy <strong>el Papa Francisco determin\u00f3 transferir el t\u00edtulo de Primada de la Argentina de la Sede Metropolitana de Buenos Aires a la Sede de Santiago del Estero<\/strong> y asimismo, conceder el t\u00edtulo de arzobispo al obispo pro tempore de la misma Sede de Santiago del Estero.<\/p>\n\n\n\n<p>Por su parte, la <strong>parroquia Santiago Ap\u00f3stol<\/strong>, que el a\u00f1o pasado <strong>celebr\u00f3 su 120\u00b0 aniversario, fue designada por el Papa Francisco para un a\u00f1o jubilar en conmemoraci\u00f3n de su 121\u00b0 aniversario.<\/strong><\/p>\n\n\n\n<p>Este a\u00f1o, las <strong>festividades se realizar\u00e1n bajo el lema <em>\u00abSantiago Ap\u00f3stol en Eucarist\u00eda y Misi\u00f3n<\/em><\/strong><em>\u00ab<\/em>, en referencia a dos eventos hist\u00f3ricos: el<strong> 30\u00b0 aniversario del Congreso Eucar\u00edstico Nacional de 1994<\/strong> y la <strong>canonizaci\u00f3n de Mar\u00eda Antonia de Paz y Figueroa, Mama Antula, la primera santa argentina y santiague\u00f1a.<\/strong><\/p>\n\n\n\n<p>En este sentido, el <strong>padre Cruz detall\u00f3 las actividades planificadas para la semana,<\/strong> iniciando el <strong>lunes<\/strong> con <strong>actividades de la pastoral juvenil de la di\u00f3cesis con el Padre Federico Poldi<\/strong>; el <strong>martes<\/strong> la m<em>isa a los enfermos dirigida por el Padre Rolando Tenti<\/em>, enfocado en la renovaci\u00f3n carism\u00e1tica; el <strong>mi\u00e9rcoles<\/strong> una <strong>jornada de la pastoral misionera con el Padre Gast\u00f3n Cuello<\/strong> y el <strong>jueves 25 <\/strong>la <strong>misa principal a las 11 seguida de una procesi\u00f3n y un almuerzo comunitario con espect\u00e1culos folcl\u00f3ricos, que se extender\u00e1n hasta las 15.<\/strong><\/p>\n\n\n\n<p>El <strong>intendente Nediani <\/strong>destac\u00f3 la importancia de estas celebraciones no solo desde el punto de vista religioso, sino tambi\u00e9n cultural y tur\u00edstico. <em>\u00abEs fundamental esta articulaci\u00f3n entre el municipio y la iglesia cat\u00f3lica para promover no solo la fe, sino tambi\u00e9n nuestra cultura y atraer turismo a la ciudad\u00bb<\/em>, afirm\u00f3 Nediani.<\/p>\n\n\n\n<p><strong>Nediani <\/strong>subray\u00f3 la importancia de estas celebraciones para la comunidad: <em>\u00abEstos eventos tienen que ver con nuestra religiosidad, pero tambi\u00e9n con nuestra cultura, nuestra idiosincrasia y el turismo. Cuando trabajamos articuladamente, logramos resultados que benefician a todos. Es por eso que estamos prestos a acompa\u00f1ar todos los festejos que lleva adelante la parroquia Santiago Ap\u00f3stol.\u00bb<\/em><\/p>\n\n\n\n<p>La comunidad est\u00e1 invitada a participar de estas actividades que no solo fortalecer\u00e1n la fe y la cultura, sino que tambi\u00e9n brindar\u00e1n momentos de esparcimiento y uni\u00f3n para todas las familias bande\u00f1as.<br>Durante el anuncio, estuvo presente la secretaria de Gobierno, Victoria Torres; el secretario de Coordinaci\u00f3n y Desarrollo Territorial, Mat\u00edas Nediani; la subsecretaria de Educaci\u00f3n y Cultura, Alejandra Far\u00edas; la directora de Turismo, Graciela Rosales; la secretaria de Comunicaci\u00f3n, Fernanda Raschi y la directora del Museo Municipal \u00abL\u00e1zaro Criado\u00bb, Susana Ciappino.<\/p>\n","protected":false},"excerpt":{"rendered":"<p>El intendente de la ciudad de La Banda, Ing. Roger El\u00edas Nediani junto al p\u00e1rroco de la parroquia Santiago Ap\u00f3stol, Luis Cruz, anunci\u00f3 una serie de actividades que se llevar\u00e1n a cabo a lo largo de la semana para celebrar las fiestas patronales de Santiago Ap\u00f3stol.<\/p>\n","protected":false},"author":2,"featured_media":67971,"comment_status":"open","ping_status":"open","sticky":false,"template":"","format":"standard","meta":{"om_disable_all_campaigns":false,"_monsterinsights_skip_tracking":false,"_monsterinsights_sitenote_active":false,"_monsterinsights_sitenote_note":"","_monsterinsights_sitenote_category":0,"_uf_show_specific_survey":0,"_uf_disable_surveys":false,"jetpack_post_was_ever_published":false,"_jetpack_newsletter_access":"","_jetpack_dont_email_post_to_subs":false,"_jetpack_newsletter_tier_id":0,"_jetpack_memberships_contains_paywalled_content":false,"_jetpack_memberships_contains_paid_content":false,"footnotes":"","jetpack_publicize_message":"","jetpack_publicize_feature_enabled":true,"jetpack_social_post_already_shared":false,"jetpack_social_options":{"image_generator_settings":{"template":"highway","enabled":false},"version":2}},"categories":[9],"tags":[],"class_list":["post-67970","post","type-post","status-publish","format-standard","has-post-thumbnail","hentry","category-banda"],"aioseo_notices":[],"views":12,"jetpack_publicize_connections":[],"jetpack_featured_media_url":"https:\/\/i0.wp.com\/elterritorialweb.com.ar\/web\/wp-content\/uploads\/2024\/07\/NEDIANI-SANTIAGO-APOSTOL.jpeg?fit=1600%2C1057&ssl=1","jetpack_sharing_enabled":true,"_links":{"self":[{"href":"https:\/\/elterritorialweb.com.ar\/web\/wp-json\/wp\/v2\/posts\/67970","targetHints":{"allow":["GET"]}}],"collection":[{"href":"https:\/\/elterritorialweb.com.ar\/web\/wp-json\/wp\/v2\/posts"}],"about":[{"href":"https:\/\/elterritorialweb.com.ar\/web\/wp-json\/wp\/v2\/types\/post"}],"author":[{"embeddable":true,"href":"https:\/\/elterritorialweb.com.ar\/web\/wp-json\/wp\/v2\/users\/2"}],"replies":[{"embeddable":true,"href":"https:\/\/elterritorialweb.com.ar\/web\/wp-json\/wp\/v2\/comments?post=67970"}],"version-history":[{"count":2,"href":"https:\/\/elterritorialweb.com.ar\/web\/wp-json\/wp\/v2\/posts\/67970\/revisions"}],"predecessor-version":[{"id":67973,"href":"https:\/\/elterritorialweb.com.ar\/web\/wp-json\/wp\/v2\/posts\/67970\/revisions\/67973"}],"wp:featuredmedia":[{"embeddable":true,"href":"https:\/\/elterritorialweb.com.ar\/web\/wp-json\/wp\/v2\/media\/67971"}],"wp:attachment":[{"href":"https:\/\/elterritorialweb.com.ar\/web\/wp-json\/wp\/v2\/media?parent=67970"}],"wp:term":[{"taxonomy":"category","embeddable":true,"href":"https:\/\/elterritorialweb.com.ar\/web\/wp-json\/wp\/v2\/categories?post=67970"},{"taxonomy":"post_tag","embeddable":true,"href":"https:\/\/elterritorialweb.com.ar\/web\/wp-json\/wp\/v2\/tags?post=67970"}],"curies":[{"name":"wp","href":"https:\/\/api.w.org\/{rel}","templated":true}]}}