{"id":68074,"date":"2024-07-26T18:53:14","date_gmt":"2024-07-26T18:53:14","guid":{"rendered":"http:\/\/elterritorialweb.com.ar\/web\/?p=68074"},"modified":"2024-07-26T18:53:17","modified_gmt":"2024-07-26T18:53:17","slug":"nediani-participo-del-acto-conmemorativo-por-el-72-aniversario-del-fallecimiento-de-eva-peron","status":"publish","type":"post","link":"https:\/\/elterritorialweb.com.ar\/web\/nediani-participo-del-acto-conmemorativo-por-el-72-aniversario-del-fallecimiento-de-eva-peron\/","title":{"rendered":"NEDIANI PARTICIP\u00d3 DEL ACTO CONMEMORATIVO POR EL 72\u00b0 ANIVERSARIO DEL FALLECIMIENTO DE EVA PER\u00d3N"},"content":{"rendered":"\n<p>El <strong>acto tuvo lugar en el monumento a Evita ubicado en Avenida Besares<\/strong>, donde se colocaron ofrendas florales. El <strong>Intendente destac\u00f3 la importancia de Eva no s\u00f3lo como un \u00edcono de los derechos de los m\u00e1s necesitados y los trabajadores<\/strong>, sino tambi\u00e9n como una figura cuyo legado se hace a\u00fan m\u00e1s relevante en los tiempos econ\u00f3micos y sociales dif\u00edciles que atraviesa el pa\u00eds.<\/p>\n\n\n\n<p><em>\u00abHoy conmemoramos no solo una fecha, sino tambi\u00e9n reflexionamos sobre los valores y derechos que Evita dej\u00f3 para los m\u00e1s pobres y los trabajadores\u00bb<\/em>, expres\u00f3 <strong>Nediani.<\/strong><em> \u00abEstamos anunciando la reparaci\u00f3n y restauraci\u00f3n de este monumento, acompa\u00f1ados por grandes dirigentes pol\u00edticos, tanto veteranos como j\u00f3venes. En esta \u00e9poca que vivimos, se agiganta m\u00e1s la figura de Eva Per\u00f3n\u00bb<\/em>.<\/p>\n\n\n\n<p>El <strong>Intendente subray\u00f3 la necesidad de seguir trabajando juntos para ayudar a las familias m\u00e1s necesitadas, inspirados por el ejemplo de Evita<\/strong>, quien no solo fund\u00f3 el partido de mujeres peronistas y promovi\u00f3 el primer voto femenino en Argentina, sino <strong>que tambi\u00e9n fue reconocida internacionalmente por sus acciones solidarias.<\/strong><\/p>\n\n\n\n<p>Durante su discurso,<strong> Nediani<\/strong> enfatiz\u00f3 la gesti\u00f3n municipal orientada a revalorizar a los pr\u00f3ceres y figuras hist\u00f3ricas de Argentina.<em> \u00abDebemos ser agradecidos y reconocer a todos los que han aportado a que esta Argentina sea un gran pa\u00eds. Hoy m\u00e1s que nunca debemos poner en valor a esas figuras y llevar adelante sus ense\u00f1anzas desde la ciudad de La Banda\u00bb.<\/em><\/p>\n\n\n\n<figure class=\"wp-block-image size-large\"><a href=\"https:\/\/i0.wp.com\/elterritorialweb.com.ar\/web\/wp-content\/uploads\/2024\/07\/WhatsApp-Image-2024-07-26-at-13.01.10.jpeg\"><img data-recalc-dims=\"1\" decoding=\"async\" width=\"640\" height=\"423\" data-src=\"https:\/\/i0.wp.com\/elterritorialweb.com.ar\/web\/wp-content\/uploads\/2024\/07\/WhatsApp-Image-2024-07-26-at-13.01.10.jpeg?resize=640%2C423\" alt=\"\" class=\"wp-image-68075 lazyload\" data-srcset=\"https:\/\/i0.wp.com\/elterritorialweb.com.ar\/web\/wp-content\/uploads\/2024\/07\/WhatsApp-Image-2024-07-26-at-13.01.10.jpeg?resize=1024%2C676&amp;ssl=1 1024w, https:\/\/i0.wp.com\/elterritorialweb.com.ar\/web\/wp-content\/uploads\/2024\/07\/WhatsApp-Image-2024-07-26-at-13.01.10.jpeg?resize=300%2C198&amp;ssl=1 300w, https:\/\/i0.wp.com\/elterritorialweb.com.ar\/web\/wp-content\/uploads\/2024\/07\/WhatsApp-Image-2024-07-26-at-13.01.10.jpeg?resize=768%2C507&amp;ssl=1 768w, https:\/\/i0.wp.com\/elterritorialweb.com.ar\/web\/wp-content\/uploads\/2024\/07\/WhatsApp-Image-2024-07-26-at-13.01.10.jpeg?resize=1536%2C1015&amp;ssl=1 1536w, https:\/\/i0.wp.com\/elterritorialweb.com.ar\/web\/wp-content\/uploads\/2024\/07\/WhatsApp-Image-2024-07-26-at-13.01.10.jpeg?w=1600&amp;ssl=1 1600w, https:\/\/i0.wp.com\/elterritorialweb.com.ar\/web\/wp-content\/uploads\/2024\/07\/WhatsApp-Image-2024-07-26-at-13.01.10.jpeg?w=1280 1280w\" data-sizes=\"(max-width: 640px) 100vw, 640px\" src=\"data:image\/svg+xml;base64,PHN2ZyB3aWR0aD0iMSIgaGVpZ2h0PSIxIiB4bWxucz0iaHR0cDovL3d3dy53My5vcmcvMjAwMC9zdmciPjwvc3ZnPg==\" style=\"--smush-placeholder-width: 640px; --smush-placeholder-aspect-ratio: 640\/423;\" \/><\/a><\/figure>\n\n\n\n<p>El<strong> intendente Nediani<\/strong> hizo un llamado a la comunidad para que se unan en el esfuerzo de mejorar la ciudad: <em>\u00abInvito a todas las mujeres, a todos los hombres de bien, que tengan buenas intenciones y quieran ayudar a los que menos tienen, a que se acerquen. Cuando trabajamos en forma articulada, departamento ejecutivo, departamento legislativo y pueblo de la ciudad, logramos el desarrollo y crecimiento que necesitamos\u00bb.<\/em><\/p>\n\n\n\n<p>Este acto no solo celebr\u00f3 la vida y el legado de Eva Per\u00f3n, sino que tambi\u00e9n fortaleci\u00f3 el compromiso de la Municipalidad de La Banda de trabajar por una mejor calidad de vida para todos los vecinos, siguiendo el ejemplo de las figuras m\u00e1s emblem\u00e1ticas de la historia argentina.<\/p>\n\n\n\n<p>En la oportunidad, el jefe comunal estuvo acompa\u00f1ado por el viceintendente, Gabriel Santill\u00e1n; el concejal, Miguel Montenegro; la diputada provincial, Mariana Morales, funcionarios y autoridades del gabinete municipal y vecinos.<\/p>\n","protected":false},"excerpt":{"rendered":"<p>El Intendente de la ciudad de La Banda, Ing. Roger El\u00edas Nediani, encabez\u00f3 un acto en conmemoraci\u00f3n de los 72 a\u00f1os de la partida a la inmortalidad de Eva Per\u00f3n, una de las figuras m\u00e1s influyentes y queridas de la historia argentina, en el cual anunci\u00f3 la restauraci\u00f3n de dicho busto.<\/p>\n","protected":false},"author":2,"featured_media":68076,"comment_status":"open","ping_status":"open","sticky":false,"template":"","format":"standard","meta":{"om_disable_all_campaigns":false,"_monsterinsights_skip_tracking":false,"_monsterinsights_sitenote_active":false,"_monsterinsights_sitenote_note":"","_monsterinsights_sitenote_category":0,"_uf_show_specific_survey":0,"_uf_disable_surveys":false,"jetpack_post_was_ever_published":false,"_jetpack_newsletter_access":"","_jetpack_dont_email_post_to_subs":false,"_jetpack_newsletter_tier_id":0,"_jetpack_memberships_contains_paywalled_content":false,"_jetpack_memberships_contains_paid_content":false,"footnotes":"","jetpack_publicize_message":"","jetpack_publicize_feature_enabled":true,"jetpack_social_post_already_shared":false,"jetpack_social_options":{"image_generator_settings":{"template":"highway","enabled":false},"version":2}},"categories":[9,4],"tags":[],"class_list":["post-68074","post","type-post","status-publish","format-standard","has-post-thumbnail","hentry","category-banda","category-destacadas"],"aioseo_notices":[],"views":9,"jetpack_publicize_connections":[],"jetpack_featured_media_url":"https:\/\/i0.wp.com\/elterritorialweb.com.ar\/web\/wp-content\/uploads\/2024\/07\/NEDIANI-ACTO-EVA-PERON.jpeg?fit=1600%2C1057&ssl=1","jetpack_sharing_enabled":true,"_links":{"self":[{"href":"https:\/\/elterritorialweb.com.ar\/web\/wp-json\/wp\/v2\/posts\/68074","targetHints":{"allow":["GET"]}}],"collection":[{"href":"https:\/\/elterritorialweb.com.ar\/web\/wp-json\/wp\/v2\/posts"}],"about":[{"href":"https:\/\/elterritorialweb.com.ar\/web\/wp-json\/wp\/v2\/types\/post"}],"author":[{"embeddable":true,"href":"https:\/\/elterritorialweb.com.ar\/web\/wp-json\/wp\/v2\/users\/2"}],"replies":[{"embeddable":true,"href":"https:\/\/elterritorialweb.com.ar\/web\/wp-json\/wp\/v2\/comments?post=68074"}],"version-history":[{"count":2,"href":"https:\/\/elterritorialweb.com.ar\/web\/wp-json\/wp\/v2\/posts\/68074\/revisions"}],"predecessor-version":[{"id":68078,"href":"https:\/\/elterritorialweb.com.ar\/web\/wp-json\/wp\/v2\/posts\/68074\/revisions\/68078"}],"wp:featuredmedia":[{"embeddable":true,"href":"https:\/\/elterritorialweb.com.ar\/web\/wp-json\/wp\/v2\/media\/68076"}],"wp:attachment":[{"href":"https:\/\/elterritorialweb.com.ar\/web\/wp-json\/wp\/v2\/media?parent=68074"}],"wp:term":[{"taxonomy":"category","embeddable":true,"href":"https:\/\/elterritorialweb.com.ar\/web\/wp-json\/wp\/v2\/categories?post=68074"},{"taxonomy":"post_tag","embeddable":true,"href":"https:\/\/elterritorialweb.com.ar\/web\/wp-json\/wp\/v2\/tags?post=68074"}],"curies":[{"name":"wp","href":"https:\/\/api.w.org\/{rel}","templated":true}]}}