{"id":68079,"date":"2024-07-26T19:06:32","date_gmt":"2024-07-26T19:06:32","guid":{"rendered":"http:\/\/elterritorialweb.com.ar\/web\/?p=68079"},"modified":"2024-07-26T19:06:34","modified_gmt":"2024-07-26T19:06:34","slug":"la-banda-impulsa-la-comunicacion-y-el-turismo-en-la-mesopotamia-santiguena","status":"publish","type":"post","link":"https:\/\/elterritorialweb.com.ar\/web\/la-banda-impulsa-la-comunicacion-y-el-turismo-en-la-mesopotamia-santiguena\/","title":{"rendered":"LA BANDA IMPULSA LA COMUNICACI\u00d3N Y EL TURISMO EN LA MESOPOTAMIA SANTIGUE\u00d1A"},"content":{"rendered":"\n<p>En la oportunidad, la <strong>secretaria de Comunicaci\u00f3n, Fernanda Raschi recibi\u00f3 a Ra\u00fal Castillo, Tito Sayago, Leonela Real y Liliana Coronel,<\/strong> como parte de la representaci\u00f3n de la red.<\/p>\n\n\n\n<p><strong>Esta red formada en 2019<\/strong>, <strong>viene trabajando junto al \u00e1rea de Turismo del municipio<\/strong> a cargo de Graciela Rosales, la cual<strong> incluye docentes jubilados y en actividad,<\/strong> con el respaldo de las <strong>universidades de Santiago del Estero, el INTA, y 20 municipios de la regi\u00f3n.<\/strong><\/p>\n\n\n\n<p><strong>Ra\u00fal Castillo explic\u00f3 que el objetivo de la red es poner en valor la significaci\u00f3n hist\u00f3rica, geogr\u00e1fica y cultural de la regi\u00f3n<\/strong>, especialmente en relaci\u00f3n con la lengua quechua. <em>\u00abEntendemos que todos estos contenidos son elementos que pueden servir para el desarrollo de la regi\u00f3n desde el turismo\u00bb<\/em>, se\u00f1al\u00f3 Castillo.<\/p>\n\n\n\n<p>Entre las <strong>actividades organizadas destacan traves\u00edas en kayak, ciclismo y caminatas por lugares emblem\u00e1ticos como el r\u00edo Mail\u00edn,<\/strong> promoviendo eventos no competitivos y solidarios.<\/p>\n\n\n\n<p>Un <strong>punto clave de la reuni\u00f3n<\/strong> fue la discusi\u00f3n sobre <strong>la creaci\u00f3n de una cadena de comunicaci\u00f3n <\/strong>que ser\u00eda la primera en la provincia, <strong>integrando 13 FMs del interior<\/strong>. Castillo enfatiz\u00f3 la necesidad de descentralizar la informaci\u00f3n, permitiendo que noticias valiosas del interior sean compartidas.<\/p>\n\n\n\n<p>La <strong>Secretaria de Comunicaci\u00f3n de La Banda, Fernanda Raschi<\/strong>, expres\u00f3 su agradecimiento por la invitaci\u00f3n a formar parte de este proyecto, destacando la importancia de visibilizar y difundir la informaci\u00f3n de diferentes sectores de la provincia. <em>\u00abLa idea es formalizar este convenio y sumar al municipio a esta interesante iniciativa, ampliando el servicio de informaci\u00f3n\u201d<\/em>, coment\u00f3 Raschi.<\/p>\n\n\n\n<p>Este encuentro refuerza la colaboraci\u00f3n entre el municipio de La Banda y las diversas entidades, buscando promover un desarrollo m\u00e1s inclusivo y comunicado.<\/p>\n","protected":false},"excerpt":{"rendered":"<p>La Municipalidad de La Banda, por iniciativa del Intendente, Ing. Roger E. Nediani, a trav\u00e9s de la Secretar\u00eda de Comunicaci\u00f3n, comenz\u00f3 a trabajar junto a la red creada en la Mesopotamia santiague\u00f1a, en un esfuerzo por mejorar la visibilidad y el desarrollo regional.<\/p>\n","protected":false},"author":2,"featured_media":68080,"comment_status":"open","ping_status":"open","sticky":false,"template":"","format":"standard","meta":{"om_disable_all_campaigns":false,"_monsterinsights_skip_tracking":false,"_monsterinsights_sitenote_active":false,"_monsterinsights_sitenote_note":"","_monsterinsights_sitenote_category":0,"_uf_show_specific_survey":0,"_uf_disable_surveys":false,"jetpack_post_was_ever_published":false,"_jetpack_newsletter_access":"","_jetpack_dont_email_post_to_subs":false,"_jetpack_newsletter_tier_id":0,"_jetpack_memberships_contains_paywalled_content":false,"_jetpack_memberships_contains_paid_content":false,"footnotes":"","jetpack_publicize_message":"","jetpack_publicize_feature_enabled":true,"jetpack_social_post_already_shared":false,"jetpack_social_options":{"image_generator_settings":{"template":"highway","enabled":false},"version":2}},"categories":[9],"tags":[],"class_list":["post-68079","post","type-post","status-publish","format-standard","has-post-thumbnail","hentry","category-banda"],"aioseo_notices":[],"views":19,"jetpack_publicize_connections":[],"jetpack_featured_media_url":"https:\/\/i0.wp.com\/elterritorialweb.com.ar\/web\/wp-content\/uploads\/2024\/07\/WhatsApp-Image-2024-07-26-at-13.01.12.jpeg?fit=1600%2C1063&ssl=1","jetpack_sharing_enabled":true,"_links":{"self":[{"href":"https:\/\/elterritorialweb.com.ar\/web\/wp-json\/wp\/v2\/posts\/68079","targetHints":{"allow":["GET"]}}],"collection":[{"href":"https:\/\/elterritorialweb.com.ar\/web\/wp-json\/wp\/v2\/posts"}],"about":[{"href":"https:\/\/elterritorialweb.com.ar\/web\/wp-json\/wp\/v2\/types\/post"}],"author":[{"embeddable":true,"href":"https:\/\/elterritorialweb.com.ar\/web\/wp-json\/wp\/v2\/users\/2"}],"replies":[{"embeddable":true,"href":"https:\/\/elterritorialweb.com.ar\/web\/wp-json\/wp\/v2\/comments?post=68079"}],"version-history":[{"count":2,"href":"https:\/\/elterritorialweb.com.ar\/web\/wp-json\/wp\/v2\/posts\/68079\/revisions"}],"predecessor-version":[{"id":68082,"href":"https:\/\/elterritorialweb.com.ar\/web\/wp-json\/wp\/v2\/posts\/68079\/revisions\/68082"}],"wp:featuredmedia":[{"embeddable":true,"href":"https:\/\/elterritorialweb.com.ar\/web\/wp-json\/wp\/v2\/media\/68080"}],"wp:attachment":[{"href":"https:\/\/elterritorialweb.com.ar\/web\/wp-json\/wp\/v2\/media?parent=68079"}],"wp:term":[{"taxonomy":"category","embeddable":true,"href":"https:\/\/elterritorialweb.com.ar\/web\/wp-json\/wp\/v2\/categories?post=68079"},{"taxonomy":"post_tag","embeddable":true,"href":"https:\/\/elterritorialweb.com.ar\/web\/wp-json\/wp\/v2\/tags?post=68079"}],"curies":[{"name":"wp","href":"https:\/\/api.w.org\/{rel}","templated":true}]}}