{"id":68303,"date":"2024-07-31T22:08:08","date_gmt":"2024-07-31T22:08:08","guid":{"rendered":"http:\/\/elterritorialweb.com.ar\/web\/?p=68303"},"modified":"2024-07-31T22:08:11","modified_gmt":"2024-07-31T22:08:11","slug":"nediani-refuerza-el-plan-de-mejoramiento-integral-de-calles-en-la-banda","status":"publish","type":"post","link":"https:\/\/elterritorialweb.com.ar\/web\/nediani-refuerza-el-plan-de-mejoramiento-integral-de-calles-en-la-banda\/","title":{"rendered":"NEDIANI REFUERZA EL PLAN DE MEJORAMIENTO INTEGRAL DE CALLES EN LA BANDA"},"content":{"rendered":"\n<p class=\"wp-block-paragraph\">En el <strong>marco de este plan, se realizaron importantes obras en diferentes puntos de La Banda<\/strong>, contribuyendo a una mejor transitabilidad y seguridad vial para los vecinos.<\/p>\n\n\n\n<p class=\"wp-block-paragraph\">Durante estas semanas, el equipo de la<strong> Secretar\u00eda de Obras P\u00fablicas, Planificaci\u00f3n y Desarrollo Urbano,<\/strong> <strong>trabaj\u00f3 en el aporte de base sobre calle Antenor \u00c1lvarez,<\/strong> lo que permitir\u00e1 una mejor <strong>preparaci\u00f3n del terreno para futuras etapas de pavimentaci\u00f3n y mejora en la circulaci\u00f3n vehicular<\/strong>.<\/p>\n\n\n\n<p class=\"wp-block-paragraph\">Asimismo, se realiz\u00f3 <strong>nivelaci\u00f3n y hormigonado en Av. Del Libertador, entre las calles San Carlos y S\u00e1enz Pe\u00f1a<\/strong>. Estas <strong>obras son fundamentales para mejorar la estructura de la avenida <\/strong>y asegurar una superficie de rodamiento m\u00e1s segura y duradera para los conductores y peatones.<\/p>\n\n\n\n<p class=\"wp-block-paragraph\">Tambi\u00e9n se realiz\u00f3 <strong>armado de caja para cord\u00f3n cuneta sobre calle Agust\u00edn Carabajal<\/strong>, obra esencial <strong>para el adecuado drenaje de aguas pluviales y para prevenir inundaciones<\/strong>, mejorando as\u00ed la infraestructura del barrio.<\/p>\n\n\n\n<p class=\"wp-block-paragraph\">Estas acciones forman parte de un esfuerzo continuo por parte de la gesti\u00f3n del <strong>intendente Ing. Roger Nediani<\/strong>, para renovar y mantener las calles en \u00f3ptimas condiciones,<strong> promoviendo as\u00ed un entorno urbano m\u00e1s seguro y accesible para todos.<\/strong><\/p>\n","protected":false},"excerpt":{"rendered":"<p>La Municipalidad de La Banda refuerza el Plan de Mejoramiento Integral de Calles, una iniciativa impulsada desde la gesti\u00f3n del intendente, Ing. Roger El\u00edas Nediani, que tiene como objetivo mejorar la infraestructura vial en diversos sectores de la ciudad.<\/p>\n","protected":false},"author":2,"featured_media":68304,"comment_status":"open","ping_status":"open","sticky":false,"template":"","format":"standard","meta":{"om_disable_all_campaigns":false,"_monsterinsights_skip_tracking":false,"_uf_show_specific_survey":0,"_uf_disable_surveys":false,"_jetpack_newsletter_access":"","_jetpack_dont_email_post_to_subs":false,"_jetpack_newsletter_tier_id":0,"_jetpack_memberships_contains_paywalled_content":false,"_jetpack_feature_clip_id":0,"_jetpack_memberships_contains_paid_content":false,"footnotes":"","jetpack_publicize_message":"","jetpack_publicize_feature_enabled":true,"jetpack_social_post_already_shared":false,"jetpack_social_options":{"image_generator_settings":{"template":"highway","enabled":false},"version":2},"jetpack_post_was_ever_published":false},"categories":[9,4],"tags":[71,51],"class_list":["post-68303","post","type-post","status-publish","format-standard","has-post-thumbnail","hentry","category-banda","category-destacadas","tag-municipalidad-de-la-banda","tag-roger-nediani"],"aioseo_notices":[],"views":14,"jetpack_publicize_connections":[],"jetpack_sharing_enabled":true,"jetpack_featured_media_url":"https:\/\/i0.wp.com\/elterritorialweb.com.ar\/web\/wp-content\/uploads\/2024\/07\/OBRAS-CALLES-BANDA.jpeg?fit=780%2C628&ssl=1","_links":{"self":[{"href":"https:\/\/elterritorialweb.com.ar\/web\/wp-json\/wp\/v2\/posts\/68303","targetHints":{"allow":["GET"]}}],"collection":[{"href":"https:\/\/elterritorialweb.com.ar\/web\/wp-json\/wp\/v2\/posts"}],"about":[{"href":"https:\/\/elterritorialweb.com.ar\/web\/wp-json\/wp\/v2\/types\/post"}],"author":[{"embeddable":true,"href":"https:\/\/elterritorialweb.com.ar\/web\/wp-json\/wp\/v2\/users\/2"}],"replies":[{"embeddable":true,"href":"https:\/\/elterritorialweb.com.ar\/web\/wp-json\/wp\/v2\/comments?post=68303"}],"version-history":[{"count":2,"href":"https:\/\/elterritorialweb.com.ar\/web\/wp-json\/wp\/v2\/posts\/68303\/revisions"}],"predecessor-version":[{"id":68306,"href":"https:\/\/elterritorialweb.com.ar\/web\/wp-json\/wp\/v2\/posts\/68303\/revisions\/68306"}],"wp:featuredmedia":[{"embeddable":true,"href":"https:\/\/elterritorialweb.com.ar\/web\/wp-json\/wp\/v2\/media\/68304"}],"wp:attachment":[{"href":"https:\/\/elterritorialweb.com.ar\/web\/wp-json\/wp\/v2\/media?parent=68303"}],"wp:term":[{"taxonomy":"category","embeddable":true,"href":"https:\/\/elterritorialweb.com.ar\/web\/wp-json\/wp\/v2\/categories?post=68303"},{"taxonomy":"post_tag","embeddable":true,"href":"https:\/\/elterritorialweb.com.ar\/web\/wp-json\/wp\/v2\/tags?post=68303"}],"curies":[{"name":"wp","href":"https:\/\/api.w.org\/{rel}","templated":true}]}}