{"id":69206,"date":"2024-09-02T20:00:39","date_gmt":"2024-09-02T20:00:39","guid":{"rendered":"https:\/\/elterritorialweb.com.ar\/web\/?p=69206"},"modified":"2024-09-02T20:00:43","modified_gmt":"2024-09-02T20:00:43","slug":"horacio-banegas-vislumbre-del-esteko-y-marcelo-toledo-juntos-en-huracan","status":"publish","type":"post","link":"https:\/\/elterritorialweb.com.ar\/web\/horacio-banegas-vislumbre-del-esteko-y-marcelo-toledo-juntos-en-huracan\/","title":{"rendered":"HORACIO BANEGAS, VISLUMBRE DEL ESTEKO Y MARCELO TOLEDO JUNTOS EN HURAC\u00c1N"},"content":{"rendered":"\n<p>En su primera edici\u00f3n, la pe\u00f1a folcl\u00f3rica promete una noche para todos los gustos folcl\u00f3ricos. Una apuesta para que toda la familia pueda asistir a disfrutar de los recitales de los m\u00e1s destacados artistas locales.<\/p>\n\n\n\n<p>Sin dudas alguna el \u201cMaster\u201d, c\u00f3mo lo conocen a Horacio Banegas, ser\u00e1 el n\u00famero que todos quieran ver. Con una impecable trayectoria iniciada en 1965, junto a su hermano Coco, el conjunto \u201cLos Banegas\u201d, es el responsable de ic\u00f3nicos cl\u00e1sicos c\u00f3mo \u201cChacarera del Cardenal\u201d, \u201cHermano Kakuy\u201d, \u201cMi origen y mi lugar\u201d, \u201cMensaje de chacarera\u201d, \u201cCenizas de mis a\u00f1os\u201d, \u201cLa tocadita\u201d, entre otros tantos, que sin dudas pasar\u00e1n por el s\u00e1bado 14.<\/p>\n\n\n\n<p>Asimismo, Vislumbre del Esteko, el emblem\u00e1tico grupo de Santiago Suarez, realizar\u00e1 su \u201critual vislumbrero\u201d el cu\u00e1l nadie quiere perderse. Con pocas presentaciones en el a\u00f1o, pero cada una de un lleno absoluto, luego de una extraordinaria pe\u00f1a el mes de julio y pr\u00f3ximos a viajar a Buenos Aires; la banda cerrar\u00e1 la noche con su recital.<\/p>\n\n\n\n<p>Para completar la juntada, Marcelo Toledo previo a las presentaciones de sus nuevos discos, dice presente en \u201cDe mi pago lo mejor\u201d. Un racimo de chacareras y las ya inconfundibles zambas en la voz del bande\u00f1o, tambi\u00e9n tendr\u00e1n lugar en el escenario. Y para continuar bailando, la impronta de Lucas C\u00e1ceres con su repertorio de temas propios y cl\u00e1sicos, sumado a la juventud de Gabriel Acosta y Monte Adentro, cerrar\u00e1n la velada de una propuesta \u00fanica.<\/p>\n\n\n\n<p>\u201cDe mi pago lo mejor\u201d es una alternativa independiente que llega para quedarse. Con est\u00e1 primera edici\u00f3n, y ganas de continuar promoviendo el folclore en sus distintas expresiones, la noche del s\u00e1bado 14 desde las 22 horas en el Club Hurac\u00e1n tendr\u00e1 el folclore santiague\u00f1o en su m\u00e1xima expresi\u00f3n. <\/p>\n\n\n\n<p>Las entradas se encuentran disponibles en 3855071710 \u00f3 385587797. <\/p>\n","protected":false},"excerpt":{"rendered":"<p>Una incre\u00edble junta se dar\u00e1 el pr\u00f3ximo 14 de septiembre desde las 22 horas en el pleno centro de la ciudad Capital. En el club Hurac\u00e1n se presentar\u00e1 \u201cDe mi pago lo mejor\u201d con Horacio Banegas, Vislumbre del Esteko, Marcelo Toledo, Lucas C\u00e1ceres, Gaby Acosta y Monte Adentro.<\/p>\n","protected":false},"author":2,"featured_media":69207,"comment_status":"open","ping_status":"open","sticky":false,"template":"","format":"standard","meta":{"om_disable_all_campaigns":false,"_monsterinsights_skip_tracking":false,"_monsterinsights_sitenote_active":false,"_monsterinsights_sitenote_note":"","_monsterinsights_sitenote_category":0,"_uf_show_specific_survey":0,"_uf_disable_surveys":false,"jetpack_post_was_ever_published":false,"_jetpack_newsletter_access":"","_jetpack_dont_email_post_to_subs":false,"_jetpack_newsletter_tier_id":0,"_jetpack_memberships_contains_paywalled_content":false,"_jetpack_memberships_contains_paid_content":false,"footnotes":"","jetpack_publicize_message":"","jetpack_publicize_feature_enabled":true,"jetpack_social_post_already_shared":false,"jetpack_social_options":{"image_generator_settings":{"template":"highway","enabled":false},"version":2}},"categories":[4,20],"tags":[],"class_list":["post-69206","post","type-post","status-publish","format-standard","has-post-thumbnail","hentry","category-destacadas","category-especysociales"],"aioseo_notices":[],"views":16,"jetpack_publicize_connections":[],"jetpack_featured_media_url":"https:\/\/i0.wp.com\/elterritorialweb.com.ar\/web\/wp-content\/uploads\/2024\/09\/IMG-20240902-WA0017.jpg?fit=720%2C881&ssl=1","jetpack_sharing_enabled":true,"_links":{"self":[{"href":"https:\/\/elterritorialweb.com.ar\/web\/wp-json\/wp\/v2\/posts\/69206","targetHints":{"allow":["GET"]}}],"collection":[{"href":"https:\/\/elterritorialweb.com.ar\/web\/wp-json\/wp\/v2\/posts"}],"about":[{"href":"https:\/\/elterritorialweb.com.ar\/web\/wp-json\/wp\/v2\/types\/post"}],"author":[{"embeddable":true,"href":"https:\/\/elterritorialweb.com.ar\/web\/wp-json\/wp\/v2\/users\/2"}],"replies":[{"embeddable":true,"href":"https:\/\/elterritorialweb.com.ar\/web\/wp-json\/wp\/v2\/comments?post=69206"}],"version-history":[{"count":2,"href":"https:\/\/elterritorialweb.com.ar\/web\/wp-json\/wp\/v2\/posts\/69206\/revisions"}],"predecessor-version":[{"id":69209,"href":"https:\/\/elterritorialweb.com.ar\/web\/wp-json\/wp\/v2\/posts\/69206\/revisions\/69209"}],"wp:featuredmedia":[{"embeddable":true,"href":"https:\/\/elterritorialweb.com.ar\/web\/wp-json\/wp\/v2\/media\/69207"}],"wp:attachment":[{"href":"https:\/\/elterritorialweb.com.ar\/web\/wp-json\/wp\/v2\/media?parent=69206"}],"wp:term":[{"taxonomy":"category","embeddable":true,"href":"https:\/\/elterritorialweb.com.ar\/web\/wp-json\/wp\/v2\/categories?post=69206"},{"taxonomy":"post_tag","embeddable":true,"href":"https:\/\/elterritorialweb.com.ar\/web\/wp-json\/wp\/v2\/tags?post=69206"}],"curies":[{"name":"wp","href":"https:\/\/api.w.org\/{rel}","templated":true}]}}