{"id":69219,"date":"2024-09-02T21:33:22","date_gmt":"2024-09-02T21:33:22","guid":{"rendered":"https:\/\/elterritorialweb.com.ar\/web\/?p=69219"},"modified":"2024-09-02T21:33:25","modified_gmt":"2024-09-02T21:33:25","slug":"se-viene-xvii-edicion-de-la-expobra-en-el-vivero-san-carlos","status":"publish","type":"post","link":"https:\/\/elterritorialweb.com.ar\/web\/se-viene-xvii-edicion-de-la-expobra-en-el-vivero-san-carlos\/","title":{"rendered":"SE VIENE XVII EDICI\u00d3N DE LA EXPOBRA EN EL VIVERO SAN CARLOS"},"content":{"rendered":"\n<p>El <strong>anuncio<\/strong> fue realizado este lunes en acto, encabezado por el <strong>ministro de Producci\u00f3n, Miguel Mandrille,<\/strong> junto con los <strong>representantes de las asociaciones Braford, Natalia Auat; Brahman, Juan Zeman, y Brangus, Lucas Gelid. <\/strong><\/p>\n\n\n\n<p>Adem\u00e1s de <strong>Manuel Molej\u00f3n<\/strong>, <strong>de la firma Colombo y Magliano<\/strong>, junto con el <strong>subsecretario Pablo Fuentes<\/strong>; el <strong>director de Agricultura y Ganader\u00eda, Wilson Michelini, y el director de ProCarne, Jos\u00e9 Guillerm\u00f3n<\/strong>.<\/p>\n\n\n\n<p>Al tomar la palabra, <strong>Mandrille destac\u00f3 el logro de haber fijado la ExpoBra en el calendario nacional. <\/strong><em>\u201cCada a\u00f1o vamos superando no solamente la cantidad de reproductores que van a llegar, sino tambi\u00e9n la cantidad de expositores que vienen para estar presentes en este evento que es trascendental para el Ministerio de la Producci\u00f3n y la provincia\u201d, <\/em>dijo.<\/p>\n\n\n\n<p>Tambi\u00e9n resalt\u00f3 los beneficios que ofrece Santiago del Estero para el sector ganadero <em>\u201cpara que la gen\u00e9tica tenga un incentivo para aquellos productores que inviertan en la provincia\u201d <\/em>y poder participar en los premios de caba\u00f1as locales en las dos expos nacionales de clase, de Palermo y Corrientes.<\/p>\n\n\n\n<p>Desde la <strong>Asociaci\u00f3n Braford, Natalia Auat <\/strong>dijo: <em>\u201cTenemos alrededor de 180 animales inscriptos, 39 caba\u00f1as diferentes, 7 provincias participantes, m\u00e1s de 130 animales a bozal el resto a corral, y tenemos much\u00edsimas expectativas en cuanto a la convocatoria que se pueda generar. Agradecemos el acompa\u00f1amiento y gesti\u00f3n del gobierno con toda la infraestructura que vamos a encontrar un Vivero San Carlos totalmente renovado y con las puertas abiertas a que se sumen m\u00e1s caba\u00f1eros, ganaderos, productores y tambi\u00e9n familias que puedan visitar y disfrutar \u201c.<\/em><\/p>\n\n\n\n<p>Por la <strong>Asociaci\u00f3n Brahman, Juan Zeman<\/strong> se\u00f1al\u00f3 que \u201c<em>en cuanto a la raza hay 15 caba\u00f1as inscriptas, alrededor de 65 ejemplares de 7 provincias\u201d. \u201cEs una expo categor\u00eda A, donde se traen los mejores ejemplares, se compite y esto otorga puntos para el premio al m\u00e9rito nacional, motivo por el cual siempre estamos con las expectativas altas y agradeciendo siempre al gobierno provincial porque ha permitido que cada a\u00f1o podamos crecer y adquirir productos de excelencia, y la gen\u00e9tica en Santiago ha crecido much\u00edsimo en estos \u00faltimos a\u00f1os y nos ha puesto en un buen nivel\u201d<\/em>, expres\u00f3.<\/p>\n\n\n\n<p>Por su parte, <strong>Lucas Gelid, de Brangus<\/strong>, dijo que gracias a la alianza estrat\u00e9gica entre las diferentes entidades y el gobierno <em>\u201ceste a\u00f1o el n\u00famero de expositores superan los 60, eso refleja el crecimiento que viene teniendo en cantidad y calidad a lo largo y ancho del pa\u00eds\u201d.<\/em><\/p>\n\n\n\n<p>Finalmente, por la <strong>firma Colombo y Magliano, Manuel Molej\u00f3n<\/strong> consider\u00f3 que <em>\u201ces un orgullo para Santiago poder tener este nivel de exposici\u00f3n y a ra\u00edz de eso se van sumando m\u00e1s caba\u00f1as\u201d.<\/em><br>\u201c<em>Son 600 los reproductores inscriptos en m\u00e1s de 60 caba\u00f1as de distintas partes del pa\u00eds, esto es novedoso y est\u00e1 a nivel de las mejores del pa\u00eds. En cuanto a la parte comercial, el mi\u00e9rcoles comienza con un remate televisado con 5.000 cabezas eso tiene una gran muestra de gen\u00e9tica de todos estos a\u00f1os que se viene invirtiendo, Santiago es una de las principales representantes del segmento de ventas\u201d,<\/em> destac\u00f3.<\/p>\n","protected":false},"excerpt":{"rendered":"<p>Los d\u00edas 18 ,19 y 20 de septiembre se realizar\u00e1 en el Vivero San Carlos de La Banda la XVII ExpoBra, evento que congregar\u00e1 una vez m\u00e1s a los mejores caba\u00f1eros del pa\u00eds.<\/p>\n","protected":false},"author":2,"featured_media":69220,"comment_status":"open","ping_status":"open","sticky":false,"template":"","format":"standard","meta":{"om_disable_all_campaigns":false,"_monsterinsights_skip_tracking":false,"_monsterinsights_sitenote_active":false,"_monsterinsights_sitenote_note":"","_monsterinsights_sitenote_category":0,"_uf_show_specific_survey":0,"_uf_disable_surveys":false,"jetpack_post_was_ever_published":false,"_jetpack_newsletter_access":"","_jetpack_dont_email_post_to_subs":false,"_jetpack_newsletter_tier_id":0,"_jetpack_memberships_contains_paywalled_content":false,"_jetpack_memberships_contains_paid_content":false,"footnotes":"","jetpack_publicize_message":"","jetpack_publicize_feature_enabled":true,"jetpack_social_post_already_shared":false,"jetpack_social_options":{"image_generator_settings":{"template":"highway","enabled":false},"version":2}},"categories":[4,21],"tags":[1032],"class_list":["post-69219","post","type-post","status-publish","format-standard","has-post-thumbnail","hentry","category-destacadas","category-locales","tag-expo-bra-2024"],"aioseo_notices":[],"views":11,"jetpack_publicize_connections":[],"jetpack_featured_media_url":"https:\/\/i0.wp.com\/elterritorialweb.com.ar\/web\/wp-content\/uploads\/2024\/09\/IMG-20240902-WA0039.jpg?fit=2560%2C1707&ssl=1","jetpack_sharing_enabled":true,"_links":{"self":[{"href":"https:\/\/elterritorialweb.com.ar\/web\/wp-json\/wp\/v2\/posts\/69219","targetHints":{"allow":["GET"]}}],"collection":[{"href":"https:\/\/elterritorialweb.com.ar\/web\/wp-json\/wp\/v2\/posts"}],"about":[{"href":"https:\/\/elterritorialweb.com.ar\/web\/wp-json\/wp\/v2\/types\/post"}],"author":[{"embeddable":true,"href":"https:\/\/elterritorialweb.com.ar\/web\/wp-json\/wp\/v2\/users\/2"}],"replies":[{"embeddable":true,"href":"https:\/\/elterritorialweb.com.ar\/web\/wp-json\/wp\/v2\/comments?post=69219"}],"version-history":[{"count":2,"href":"https:\/\/elterritorialweb.com.ar\/web\/wp-json\/wp\/v2\/posts\/69219\/revisions"}],"predecessor-version":[{"id":69222,"href":"https:\/\/elterritorialweb.com.ar\/web\/wp-json\/wp\/v2\/posts\/69219\/revisions\/69222"}],"wp:featuredmedia":[{"embeddable":true,"href":"https:\/\/elterritorialweb.com.ar\/web\/wp-json\/wp\/v2\/media\/69220"}],"wp:attachment":[{"href":"https:\/\/elterritorialweb.com.ar\/web\/wp-json\/wp\/v2\/media?parent=69219"}],"wp:term":[{"taxonomy":"category","embeddable":true,"href":"https:\/\/elterritorialweb.com.ar\/web\/wp-json\/wp\/v2\/categories?post=69219"},{"taxonomy":"post_tag","embeddable":true,"href":"https:\/\/elterritorialweb.com.ar\/web\/wp-json\/wp\/v2\/tags?post=69219"}],"curies":[{"name":"wp","href":"https:\/\/api.w.org\/{rel}","templated":true}]}}