{"id":69227,"date":"2024-09-02T21:57:16","date_gmt":"2024-09-02T21:57:16","guid":{"rendered":"https:\/\/elterritorialweb.com.ar\/web\/?p=69227"},"modified":"2024-09-02T21:57:19","modified_gmt":"2024-09-02T21:57:19","slug":"nediani-visito-el-inicio-de-importante-obra-de-desague-pluvial-en-el-barrio-9-de-julio","status":"publish","type":"post","link":"https:\/\/elterritorialweb.com.ar\/web\/nediani-visito-el-inicio-de-importante-obra-de-desague-pluvial-en-el-barrio-9-de-julio\/","title":{"rendered":"NEDIANI VISIT\u00d3 EL INICIO DE IMPORTANTE OBRA DE DESAG\u00dcE PLUVIAL EN EL BARRIO 9 DE JULIO"},"content":{"rendered":"\n<p><br>La obra que comprende la instalaci\u00f3n de 400 metros de conductos de desag\u00fce pluvial, busca mejorar el drenaje del agua de lluvia y prevenir futuras inundaciones.<br>La intervenci\u00f3n se lleva a cabo en la intersecci\u00f3n de calle Arribe\u00f1o y Uruta\u00fa, \u00e1rea que conecta el barrio 9 de Julio con el barrio San Fernando. Esta ubicaci\u00f3n es cr\u00edtica debido a la pendiente natural del terreno, que favorece la acumulaci\u00f3n de agua. A pesar de contar con bombas de desag\u00fce, la zona sufre recurrentes problemas de inundaci\u00f3n, los cuales ser\u00e1n mitigados con esta obra.<br>Durante su visita, el intendente Nediani destac\u00f3 que, adem\u00e1s de la obra de desag\u00fce, se est\u00e1n llevando a cabo otras mejoras integrales en el \u00e1rea. Entre estas se incluyen la colocaci\u00f3n y reposici\u00f3n de l\u00e1mparas para optimizar la iluminaci\u00f3n p\u00fablica y la extensi\u00f3n de la red de agua potable, lo cual responde a demandas expresadas por los vecinos en reuniones previas.<br>\u00abNos alegra ver la participaci\u00f3n activa de los vecinos, quienes no solo se acercan para dialogar y expresar sus inquietudes, sino que tambi\u00e9n est\u00e1n dispuestos a colaborar directamente en las obras. Muchos j\u00f3venes del barrio han ofrecido su mano de obra para contribuir en las mejoras que estamos implementando\u00bb, coment\u00f3 Nediani.<br>El mandatario subray\u00f3 la importancia de la participaci\u00f3n ciudadana y el trabajo conjunto entre el municipio y la comunidad para avanzar en el desarrollo de la ciudad. \u00abEstamos comprometidos con dar respuesta a las necesidades de todos los barrios de La Banda. La ciudad cuenta con 97 barrios y nuestra estrategia es ir avanzando de manera gradual, priorizando las \u00e1reas con mayores necesidades y trabajando siempre de la mano con los vecinos\u00bb, a\u00f1adi\u00f3.<br>El intendente aprovech\u00f3 la oportunidad para hacer un llamado a los ciudadanos sobre la importancia de la planificaci\u00f3n urbana y la regularizaci\u00f3n de asentamientos. Resalt\u00f3 que muchos de los problemas de inundaci\u00f3n y anegamiento en diversos sectores de la ciudad est\u00e1n vinculados a la falta de planificaci\u00f3n y la creaci\u00f3n de asentamientos informales.<\/p>\n\n\n\n<p>\u00abInstamos a los vecinos a acercarse al municipio antes de asentarse o construir en alg\u00fan sector de la ciudad. Es fundamental que soliciten la l\u00ednea de edificaci\u00f3n y los niveles o cotas correspondientes, para que en el futuro los barrios no se conviertan en asentamientos informales, sino en verdaderos barrios con infraestructura adecuada\u00bb, explic\u00f3 Nediani.<br>La obra en el barrio 9 de Julio forma parte de una estrategia m\u00e1s amplia del municipio para mejorar la conectividad y la infraestructura de los barrios de La Banda. \u00abNuestra meta es lograr una ciudad m\u00e1s ordenada y con mejor calidad de vida para todos sus habitantes. Estas obras no solo mejoran la infraestructura, sino que tambi\u00e9n fortalecen el sentido de comunidad y colaboraci\u00f3n\u00bb, concluy\u00f3 el intendente Nediani.<br>El municipio de La Banda reafirma su compromiso con el desarrollo urbano y social, priorizando las necesidades de los vecinos y trabajando continuamente en la implementaci\u00f3n de obras que mejoren la vida cotidiana en cada barrio.<\/p>\n","protected":false},"excerpt":{"rendered":"<p>El intendente de La Banda, Roger El\u00edas Nediani, visit\u00f3 el inicio de una significativa obra de infraestructura en el barrio 9 de Julio que tiene el objetivo de resolver los problemas de anegamiento que hist\u00f3ricamente afectaron a la zona.<\/p>\n","protected":false},"author":2,"featured_media":69228,"comment_status":"open","ping_status":"open","sticky":false,"template":"","format":"standard","meta":{"om_disable_all_campaigns":false,"_monsterinsights_skip_tracking":false,"_monsterinsights_sitenote_active":false,"_monsterinsights_sitenote_note":"","_monsterinsights_sitenote_category":0,"_uf_show_specific_survey":0,"_uf_disable_surveys":false,"jetpack_post_was_ever_published":false,"_jetpack_newsletter_access":"","_jetpack_dont_email_post_to_subs":false,"_jetpack_newsletter_tier_id":0,"_jetpack_memberships_contains_paywalled_content":false,"_jetpack_memberships_contains_paid_content":false,"footnotes":"","jetpack_publicize_message":"","jetpack_publicize_feature_enabled":true,"jetpack_social_post_already_shared":false,"jetpack_social_options":{"image_generator_settings":{"template":"highway","enabled":false},"version":2}},"categories":[9],"tags":[71,51],"class_list":["post-69227","post","type-post","status-publish","format-standard","has-post-thumbnail","hentry","category-banda","tag-municipalidad-de-la-banda","tag-roger-nediani"],"aioseo_notices":[],"views":17,"jetpack_publicize_connections":[],"jetpack_featured_media_url":"https:\/\/i0.wp.com\/elterritorialweb.com.ar\/web\/wp-content\/uploads\/2024\/09\/IMG-20240902-WA0021.jpg?fit=1600%2C1057&ssl=1","jetpack_sharing_enabled":true,"_links":{"self":[{"href":"https:\/\/elterritorialweb.com.ar\/web\/wp-json\/wp\/v2\/posts\/69227","targetHints":{"allow":["GET"]}}],"collection":[{"href":"https:\/\/elterritorialweb.com.ar\/web\/wp-json\/wp\/v2\/posts"}],"about":[{"href":"https:\/\/elterritorialweb.com.ar\/web\/wp-json\/wp\/v2\/types\/post"}],"author":[{"embeddable":true,"href":"https:\/\/elterritorialweb.com.ar\/web\/wp-json\/wp\/v2\/users\/2"}],"replies":[{"embeddable":true,"href":"https:\/\/elterritorialweb.com.ar\/web\/wp-json\/wp\/v2\/comments?post=69227"}],"version-history":[{"count":1,"href":"https:\/\/elterritorialweb.com.ar\/web\/wp-json\/wp\/v2\/posts\/69227\/revisions"}],"predecessor-version":[{"id":69229,"href":"https:\/\/elterritorialweb.com.ar\/web\/wp-json\/wp\/v2\/posts\/69227\/revisions\/69229"}],"wp:featuredmedia":[{"embeddable":true,"href":"https:\/\/elterritorialweb.com.ar\/web\/wp-json\/wp\/v2\/media\/69228"}],"wp:attachment":[{"href":"https:\/\/elterritorialweb.com.ar\/web\/wp-json\/wp\/v2\/media?parent=69227"}],"wp:term":[{"taxonomy":"category","embeddable":true,"href":"https:\/\/elterritorialweb.com.ar\/web\/wp-json\/wp\/v2\/categories?post=69227"},{"taxonomy":"post_tag","embeddable":true,"href":"https:\/\/elterritorialweb.com.ar\/web\/wp-json\/wp\/v2\/tags?post=69227"}],"curies":[{"name":"wp","href":"https:\/\/api.w.org\/{rel}","templated":true}]}}