{"id":72203,"date":"2025-01-01T18:31:16","date_gmt":"2025-01-01T18:31:16","guid":{"rendered":"http:\/\/elterritorialweb.com.ar\/web\/?p=72203"},"modified":"2025-01-01T18:31:19","modified_gmt":"2025-01-01T18:31:19","slug":"gran-gira-norte-un-domingo-a-puro-punk-rock-en-tinkuy","status":"publish","type":"post","link":"https:\/\/elterritorialweb.com.ar\/web\/gran-gira-norte-un-domingo-a-puro-punk-rock-en-tinkuy\/","title":{"rendered":"GRAN GIRA NORTE: UN DOMINGO A PURO PUNK ROCK EN TINKUY"},"content":{"rendered":"\n<p>El <strong>primer domingo del 2025<\/strong> se prepara para ser una fecha inolvidable para los amantes del <strong>punk rock en Santiago del Estero.<\/strong> El <strong>5 de enero, a partir de las 19 horas, el Patio Cultural Tinkuy (calle Pastor Mujica- parque Aguirre) <\/strong>ser\u00e1 el escenario para una noche de m\u00fasica en vivo con algunas de las<strong> bandas m\u00e1s emblem\u00e1ticas del g\u00e9nero.<\/strong><\/p>\n\n\n\n<p><strong>Mal Momento y Flemita<\/strong>, con m\u00e1s de 30 a\u00f1os de trayectoria, ser\u00e1n los protagonistas de una tarde noche, junto a <strong>El Contuvernio, de Tucum\u00e1n<\/strong>, y <strong>Derecho Viejo<\/strong> y <strong>el Dr. Tazo, de Santiago del Estero<\/strong>. <strong>El evento es parte de la \u00abGran Gira Norte\u00bb <\/strong>y se espera que sea una fecha emocionante para los fieles del punk rock.<\/p>\n\n\n\n<p>De cara al show, <strong>Pablo Gramajo, de la productora Milburg y organizador del evento, resalt\u00f3 la importancia de esta fecha. <\/strong><em>\u00abEs una fecha muy importante para nosotros, ya que se titula &#8216;Gran Gira Norte&#8217; y marca el comienzo de una nueva gira para Mal Momento y Flemita\u00bb<\/em>, destac\u00f3.<\/p>\n\n\n\n<p><strong>Gramajo tambi\u00e9n habl\u00f3 sobre la importancia de los eventos como este para la escena musical local<\/strong>.<em> \u00abPara nosotros, que venimos haciendo estas movidas con mucho empuje, gracias a la gente, nuestros amigos, familia y seguidores de las bandas, es algo bueno y agradecemos de parte de la productora de La Milburg a todos los que nos acompa\u00f1an hace a\u00f1os\u00bb, <\/em>dijo.<\/p>\n\n\n\n<p>En esta oportunidad, la productora Milburg tambi\u00e9n celebra un nuevo aniversario y recuerda que en el 2005, Mal Momento pis\u00f3 por primera vez un escenario santiague\u00f1o en el Club Hurac\u00e1n. En aquella oportunidad, la banda comparti\u00f3 un almuerzo con Herman, gran referente del punk nacional.<br><\/p>\n\n\n\n<figure class=\"wp-block-gallery has-nested-images columns-default is-cropped wp-block-gallery-1 is-layout-flex wp-block-gallery-is-layout-flex\">\n<figure class=\"wp-block-image size-large\"><a href=\"https:\/\/i0.wp.com\/elterritorialweb.com.ar\/web\/wp-content\/uploads\/2025\/01\/WhatsApp-Image-2025-01-01-at-15.01.45.jpeg\"><img data-recalc-dims=\"1\" decoding=\"async\" width=\"640\" height=\"640\" data-id=\"72205\" data-src=\"https:\/\/i0.wp.com\/elterritorialweb.com.ar\/web\/wp-content\/uploads\/2025\/01\/WhatsApp-Image-2025-01-01-at-15.01.45.jpeg?resize=640%2C640\" alt=\"\" class=\"wp-image-72205 lazyload\" data-srcset=\"https:\/\/i0.wp.com\/elterritorialweb.com.ar\/web\/wp-content\/uploads\/2025\/01\/WhatsApp-Image-2025-01-01-at-15.01.45.jpeg?w=720&amp;ssl=1 720w, https:\/\/i0.wp.com\/elterritorialweb.com.ar\/web\/wp-content\/uploads\/2025\/01\/WhatsApp-Image-2025-01-01-at-15.01.45.jpeg?resize=300%2C300&amp;ssl=1 300w, https:\/\/i0.wp.com\/elterritorialweb.com.ar\/web\/wp-content\/uploads\/2025\/01\/WhatsApp-Image-2025-01-01-at-15.01.45.jpeg?resize=150%2C150&amp;ssl=1 150w\" data-sizes=\"(max-width: 640px) 100vw, 640px\" src=\"data:image\/svg+xml;base64,PHN2ZyB3aWR0aD0iMSIgaGVpZ2h0PSIxIiB4bWxucz0iaHR0cDovL3d3dy53My5vcmcvMjAwMC9zdmciPjwvc3ZnPg==\" style=\"--smush-placeholder-width: 640px; --smush-placeholder-aspect-ratio: 640\/640;\" \/><\/a><\/figure>\n\n\n\n<figure class=\"wp-block-image size-large\"><a href=\"https:\/\/i0.wp.com\/elterritorialweb.com.ar\/web\/wp-content\/uploads\/2025\/01\/WhatsApp-Image-2025-01-01-at-15.01.45-1.jpeg\"><img data-recalc-dims=\"1\" decoding=\"async\" width=\"640\" height=\"640\" data-id=\"72206\" data-src=\"https:\/\/i0.wp.com\/elterritorialweb.com.ar\/web\/wp-content\/uploads\/2025\/01\/WhatsApp-Image-2025-01-01-at-15.01.45-1.jpeg?resize=640%2C640\" alt=\"\" class=\"wp-image-72206 lazyload\" data-srcset=\"https:\/\/i0.wp.com\/elterritorialweb.com.ar\/web\/wp-content\/uploads\/2025\/01\/WhatsApp-Image-2025-01-01-at-15.01.45-1.jpeg?resize=1024%2C1024&amp;ssl=1 1024w, https:\/\/i0.wp.com\/elterritorialweb.com.ar\/web\/wp-content\/uploads\/2025\/01\/WhatsApp-Image-2025-01-01-at-15.01.45-1.jpeg?resize=300%2C300&amp;ssl=1 300w, https:\/\/i0.wp.com\/elterritorialweb.com.ar\/web\/wp-content\/uploads\/2025\/01\/WhatsApp-Image-2025-01-01-at-15.01.45-1.jpeg?resize=150%2C150&amp;ssl=1 150w, https:\/\/i0.wp.com\/elterritorialweb.com.ar\/web\/wp-content\/uploads\/2025\/01\/WhatsApp-Image-2025-01-01-at-15.01.45-1.jpeg?resize=768%2C768&amp;ssl=1 768w, https:\/\/i0.wp.com\/elterritorialweb.com.ar\/web\/wp-content\/uploads\/2025\/01\/WhatsApp-Image-2025-01-01-at-15.01.45-1.jpeg?resize=1536%2C1536&amp;ssl=1 1536w, https:\/\/i0.wp.com\/elterritorialweb.com.ar\/web\/wp-content\/uploads\/2025\/01\/WhatsApp-Image-2025-01-01-at-15.01.45-1.jpeg?w=1600&amp;ssl=1 1600w, https:\/\/i0.wp.com\/elterritorialweb.com.ar\/web\/wp-content\/uploads\/2025\/01\/WhatsApp-Image-2025-01-01-at-15.01.45-1.jpeg?w=1280 1280w\" data-sizes=\"(max-width: 640px) 100vw, 640px\" src=\"data:image\/svg+xml;base64,PHN2ZyB3aWR0aD0iMSIgaGVpZ2h0PSIxIiB4bWxucz0iaHR0cDovL3d3dy53My5vcmcvMjAwMC9zdmciPjwvc3ZnPg==\" style=\"--smush-placeholder-width: 640px; --smush-placeholder-aspect-ratio: 640\/640;\" \/><\/a><\/figure>\n<\/figure>\n\n\n\n<p>Las entradas para el evento pueden conseguirse enviando mensajes al Facebook de Productora de La Milburg. No te pierdas la oportunidad de comenzar el 2025 a puro punk rock en Tinkuy.<\/p>\n","protected":false},"excerpt":{"rendered":"<p>El 5 de enero, a partir de las 19 horas, el Patio Cultural Tinkuy ser\u00e1 el escenario para una tarde noche de punk rock con Mal Momento, Flemita, El Contuvernio, Derecho Viejo y el Dr. Tazo<\/p>\n","protected":false},"author":2,"featured_media":72204,"comment_status":"open","ping_status":"open","sticky":false,"template":"","format":"standard","meta":{"om_disable_all_campaigns":false,"_monsterinsights_skip_tracking":false,"_monsterinsights_sitenote_active":false,"_monsterinsights_sitenote_note":"","_monsterinsights_sitenote_category":0,"_uf_show_specific_survey":0,"_uf_disable_surveys":false,"jetpack_post_was_ever_published":false,"_jetpack_newsletter_access":"","_jetpack_dont_email_post_to_subs":false,"_jetpack_newsletter_tier_id":0,"_jetpack_memberships_contains_paywalled_content":false,"_jetpack_memberships_contains_paid_content":false,"footnotes":"","jetpack_publicize_message":"","jetpack_publicize_feature_enabled":true,"jetpack_social_post_already_shared":false,"jetpack_social_options":{"image_generator_settings":{"template":"highway","enabled":false},"version":2}},"categories":[4,20],"tags":[],"class_list":["post-72203","post","type-post","status-publish","format-standard","has-post-thumbnail","hentry","category-destacadas","category-especysociales"],"aioseo_notices":[],"views":50,"jetpack_publicize_connections":[],"jetpack_featured_media_url":"https:\/\/i0.wp.com\/elterritorialweb.com.ar\/web\/wp-content\/uploads\/2025\/01\/FESTIVAL-PUNK-ROCK.jpg?fit=450%2C286&ssl=1","jetpack_sharing_enabled":true,"_links":{"self":[{"href":"https:\/\/elterritorialweb.com.ar\/web\/wp-json\/wp\/v2\/posts\/72203","targetHints":{"allow":["GET"]}}],"collection":[{"href":"https:\/\/elterritorialweb.com.ar\/web\/wp-json\/wp\/v2\/posts"}],"about":[{"href":"https:\/\/elterritorialweb.com.ar\/web\/wp-json\/wp\/v2\/types\/post"}],"author":[{"embeddable":true,"href":"https:\/\/elterritorialweb.com.ar\/web\/wp-json\/wp\/v2\/users\/2"}],"replies":[{"embeddable":true,"href":"https:\/\/elterritorialweb.com.ar\/web\/wp-json\/wp\/v2\/comments?post=72203"}],"version-history":[{"count":2,"href":"https:\/\/elterritorialweb.com.ar\/web\/wp-json\/wp\/v2\/posts\/72203\/revisions"}],"predecessor-version":[{"id":72208,"href":"https:\/\/elterritorialweb.com.ar\/web\/wp-json\/wp\/v2\/posts\/72203\/revisions\/72208"}],"wp:featuredmedia":[{"embeddable":true,"href":"https:\/\/elterritorialweb.com.ar\/web\/wp-json\/wp\/v2\/media\/72204"}],"wp:attachment":[{"href":"https:\/\/elterritorialweb.com.ar\/web\/wp-json\/wp\/v2\/media?parent=72203"}],"wp:term":[{"taxonomy":"category","embeddable":true,"href":"https:\/\/elterritorialweb.com.ar\/web\/wp-json\/wp\/v2\/categories?post=72203"},{"taxonomy":"post_tag","embeddable":true,"href":"https:\/\/elterritorialweb.com.ar\/web\/wp-json\/wp\/v2\/tags?post=72203"}],"curies":[{"name":"wp","href":"https:\/\/api.w.org\/{rel}","templated":true}]}}