{"id":72209,"date":"2025-01-01T18:47:00","date_gmt":"2025-01-01T18:47:00","guid":{"rendered":"http:\/\/elterritorialweb.com.ar\/web\/?p=72209"},"modified":"2025-01-01T18:47:40","modified_gmt":"2025-01-01T18:47:40","slug":"a-los-82-anos-murio-leo-dan-un-embajador-de-la-musica-romantica-santiaguena","status":"publish","type":"post","link":"https:\/\/elterritorialweb.com.ar\/web\/a-los-82-anos-murio-leo-dan-un-embajador-de-la-musica-romantica-santiaguena\/","title":{"rendered":"A LOS 82 A\u00d1OS, MURI\u00d3 LEO DAN UN EMBAJADOR DE LA M\u00daSICA ROM\u00c1NTICA SANTIAGUE\u00d1A"},"content":{"rendered":"\n<p>El cantante y compositor Leopoldo Dante Tevez, conocido como\u00a0<strong>Leo\u00a0Dan, falleci\u00f3 este 1 de enero de 2025 a los 82 a\u00f1os<\/strong>. La noticia fue confirmada a trav\u00e9s de su cuenta oficial de Facebook, donde su familia comparti\u00f3 un mensaje recordando su legado y expresando gratitud por el amor recibido.<\/p>\n\n\n\n<p>Nacido en Santiago del Estero en 1942, Leo Dan se destac\u00f3 como\u00a0<strong>una de las figuras m\u00e1s influyentes de la m\u00fasica rom\u00e1ntica en Am\u00e9rica Latina<\/strong>. Su carrera, marcada por \u00e9xitos como\u00a0<em>\u201cC\u00f3mo te extra\u00f1o mi amor\u201d<\/em>\u00a0y\u00a0<em>\u201cEsa pared\u201d<\/em>, lo convirti\u00f3 en un s\u00edmbolo del sentimiento y la poes\u00eda musical.<\/p>\n\n\n\n<p>El\u00a0<strong>comunicado oficial<\/strong>\u00a0destac\u00f3 que\u00a0<strong>Leo Dan parti\u00f3 \u201cen paz y junto al amor de su familia\u201d<\/strong>, y lo describi\u00f3 como un gu\u00eda espiritual que seguir\u00e1 iluminando a quienes fueron tocados por su obra. Tambi\u00e9n invitaron a celebrar su vida, su m\u00fasica y su amor eterno.<\/p>\n\n\n\n<p>Con&nbsp;<strong>m\u00e1s de 50 a\u00f1os de trayectoria<\/strong>, Leo Dan deja un&nbsp;<strong>legado art\u00edstico imborrable<\/strong>&nbsp;que trascendi\u00f3 fronteras. Su m\u00fasica continuar\u00e1 viva en el coraz\u00f3n de millones de admiradores que hoy lloran su partida.<\/p>\n","protected":false},"excerpt":{"rendered":"<p>Su familia confirm\u00f3 la noticia en redes sociales, destacando su legado art\u00edstico y espiritual. Autor de \u00e9xitos inolvidables, su m\u00fasica seguir\u00e1 viva en los corazones de millones.<\/p>\n","protected":false},"author":2,"featured_media":72210,"comment_status":"open","ping_status":"open","sticky":false,"template":"","format":"standard","meta":{"om_disable_all_campaigns":false,"_monsterinsights_skip_tracking":false,"_monsterinsights_sitenote_active":false,"_monsterinsights_sitenote_note":"","_monsterinsights_sitenote_category":0,"_uf_show_specific_survey":0,"_uf_disable_surveys":false,"jetpack_post_was_ever_published":false,"_jetpack_newsletter_access":"","_jetpack_dont_email_post_to_subs":false,"_jetpack_newsletter_tier_id":0,"_jetpack_memberships_contains_paywalled_content":false,"_jetpack_memberships_contains_paid_content":false,"footnotes":"","jetpack_publicize_message":"","jetpack_publicize_feature_enabled":true,"jetpack_social_post_already_shared":false,"jetpack_social_options":{"image_generator_settings":{"template":"highway","enabled":false},"version":2}},"categories":[4,20],"tags":[681],"class_list":["post-72209","post","type-post","status-publish","format-standard","has-post-thumbnail","hentry","category-destacadas","category-especysociales","tag-leo-dan"],"aioseo_notices":[],"views":19,"jetpack_publicize_connections":[],"jetpack_featured_media_url":"https:\/\/i0.wp.com\/elterritorialweb.com.ar\/web\/wp-content\/uploads\/2025\/01\/LEO-DAN-2.jpg?fit=773%2C458&ssl=1","jetpack_sharing_enabled":true,"_links":{"self":[{"href":"https:\/\/elterritorialweb.com.ar\/web\/wp-json\/wp\/v2\/posts\/72209","targetHints":{"allow":["GET"]}}],"collection":[{"href":"https:\/\/elterritorialweb.com.ar\/web\/wp-json\/wp\/v2\/posts"}],"about":[{"href":"https:\/\/elterritorialweb.com.ar\/web\/wp-json\/wp\/v2\/types\/post"}],"author":[{"embeddable":true,"href":"https:\/\/elterritorialweb.com.ar\/web\/wp-json\/wp\/v2\/users\/2"}],"replies":[{"embeddable":true,"href":"https:\/\/elterritorialweb.com.ar\/web\/wp-json\/wp\/v2\/comments?post=72209"}],"version-history":[{"count":3,"href":"https:\/\/elterritorialweb.com.ar\/web\/wp-json\/wp\/v2\/posts\/72209\/revisions"}],"predecessor-version":[{"id":72213,"href":"https:\/\/elterritorialweb.com.ar\/web\/wp-json\/wp\/v2\/posts\/72209\/revisions\/72213"}],"wp:featuredmedia":[{"embeddable":true,"href":"https:\/\/elterritorialweb.com.ar\/web\/wp-json\/wp\/v2\/media\/72210"}],"wp:attachment":[{"href":"https:\/\/elterritorialweb.com.ar\/web\/wp-json\/wp\/v2\/media?parent=72209"}],"wp:term":[{"taxonomy":"category","embeddable":true,"href":"https:\/\/elterritorialweb.com.ar\/web\/wp-json\/wp\/v2\/categories?post=72209"},{"taxonomy":"post_tag","embeddable":true,"href":"https:\/\/elterritorialweb.com.ar\/web\/wp-json\/wp\/v2\/tags?post=72209"}],"curies":[{"name":"wp","href":"https:\/\/api.w.org\/{rel}","templated":true}]}}