{"id":72215,"date":"2025-01-01T20:00:52","date_gmt":"2025-01-01T20:00:52","guid":{"rendered":"http:\/\/elterritorialweb.com.ar\/web\/?p=72215"},"modified":"2025-01-01T20:01:10","modified_gmt":"2025-01-01T20:01:10","slug":"el-municipio-refuerza-las-tareas-de-sensibilizacion-contra-el-dengue","status":"publish","type":"post","link":"https:\/\/elterritorialweb.com.ar\/web\/el-municipio-refuerza-las-tareas-de-sensibilizacion-contra-el-dengue\/","title":{"rendered":"EL MUNICIPIO REFUERZA LAS TAREAS DE SENSIBILIZACI\u00d3N CONTRA EL DENGUE"},"content":{"rendered":"\n<p>Durante la actividad, se inici\u00f3 la jornada con la planificaci\u00f3n y coordinaci\u00f3n de sectores a abordar para realizar el Levantamiento R\u00e1pido de \u00cdndices de Infestaci\u00f3n de Aedes aegypti (LIRAa). Posteriormente, los equipos de trabajo se dirigieron a los domicilios seleccionados para identificar y eliminar posibles criaderos del mosquito transmisor del dengue.<\/p>\n\n\n\n<p>Estas acciones son fundamentales para prevenir la proliferaci\u00f3n del Aedes aegypti y proteger la salud de la comunidad. La Secretar\u00eda de Salud solicita a los vecinos colaborar permitiendo el acceso del personal capacitado a sus hogares y tomando conciencia sobre la importancia de erradicar los recipientes que acumulen agua.<\/p>\n","protected":false},"excerpt":{"rendered":"<p>En el marco de las acciones preventivas contra el Dengue, personal del Ministerio de Salud, a trav\u00e9s de la Direcci\u00f3n de Vectores, junto con el equipo del CIC San Carlos, llevaron a cabo una jornada de sensibilizaci\u00f3n y trabajo en terreno en el barrio correspondiente.<\/p>\n","protected":false},"author":2,"featured_media":72216,"comment_status":"open","ping_status":"open","sticky":false,"template":"","format":"standard","meta":{"om_disable_all_campaigns":false,"_monsterinsights_skip_tracking":false,"_monsterinsights_sitenote_active":false,"_monsterinsights_sitenote_note":"","_monsterinsights_sitenote_category":0,"_uf_show_specific_survey":0,"_uf_disable_surveys":false,"jetpack_post_was_ever_published":false,"_jetpack_newsletter_access":"","_jetpack_dont_email_post_to_subs":false,"_jetpack_newsletter_tier_id":0,"_jetpack_memberships_contains_paywalled_content":false,"_jetpack_memberships_contains_paid_content":false,"footnotes":"","jetpack_publicize_message":"","jetpack_publicize_feature_enabled":true,"jetpack_social_post_already_shared":false,"jetpack_social_options":{"image_generator_settings":{"template":"highway","enabled":false},"version":2}},"categories":[9],"tags":[847,71],"class_list":["post-72215","post","type-post","status-publish","format-standard","has-post-thumbnail","hentry","category-banda","tag-dengue","tag-municipalidad-de-la-banda"],"aioseo_notices":[],"views":14,"jetpack_publicize_connections":[],"jetpack_featured_media_url":"https:\/\/i0.wp.com\/elterritorialweb.com.ar\/web\/wp-content\/uploads\/2025\/01\/BANDA-DENGUE-e1735761530676.jpeg?fit=963%2C652&ssl=1","jetpack_sharing_enabled":true,"_links":{"self":[{"href":"https:\/\/elterritorialweb.com.ar\/web\/wp-json\/wp\/v2\/posts\/72215","targetHints":{"allow":["GET"]}}],"collection":[{"href":"https:\/\/elterritorialweb.com.ar\/web\/wp-json\/wp\/v2\/posts"}],"about":[{"href":"https:\/\/elterritorialweb.com.ar\/web\/wp-json\/wp\/v2\/types\/post"}],"author":[{"embeddable":true,"href":"https:\/\/elterritorialweb.com.ar\/web\/wp-json\/wp\/v2\/users\/2"}],"replies":[{"embeddable":true,"href":"https:\/\/elterritorialweb.com.ar\/web\/wp-json\/wp\/v2\/comments?post=72215"}],"version-history":[{"count":2,"href":"https:\/\/elterritorialweb.com.ar\/web\/wp-json\/wp\/v2\/posts\/72215\/revisions"}],"predecessor-version":[{"id":72218,"href":"https:\/\/elterritorialweb.com.ar\/web\/wp-json\/wp\/v2\/posts\/72215\/revisions\/72218"}],"wp:featuredmedia":[{"embeddable":true,"href":"https:\/\/elterritorialweb.com.ar\/web\/wp-json\/wp\/v2\/media\/72216"}],"wp:attachment":[{"href":"https:\/\/elterritorialweb.com.ar\/web\/wp-json\/wp\/v2\/media?parent=72215"}],"wp:term":[{"taxonomy":"category","embeddable":true,"href":"https:\/\/elterritorialweb.com.ar\/web\/wp-json\/wp\/v2\/categories?post=72215"},{"taxonomy":"post_tag","embeddable":true,"href":"https:\/\/elterritorialweb.com.ar\/web\/wp-json\/wp\/v2\/tags?post=72215"}],"curies":[{"name":"wp","href":"https:\/\/api.w.org\/{rel}","templated":true}]}}