{"id":72219,"date":"2025-01-01T20:18:36","date_gmt":"2025-01-01T20:18:36","guid":{"rendered":"http:\/\/elterritorialweb.com.ar\/web\/?p=72219"},"modified":"2025-01-01T20:18:58","modified_gmt":"2025-01-01T20:18:58","slug":"el-cine-renzi-inicia-el-ano-con-los-estrenos-de-sonic-3-y-nosferatu","status":"publish","type":"post","link":"https:\/\/elterritorialweb.com.ar\/web\/el-cine-renzi-inicia-el-ano-con-los-estrenos-de-sonic-3-y-nosferatu\/","title":{"rendered":"EL CINE RENZI INICIA EL A\u00d1O CON LOS ESTRENOS DE \u00abSONIC 3\u00bb Y \u00abNOSFERATU\u00bb"},"content":{"rendered":"\n<p>Cabe destacar, que los d\u00edas viernes y s\u00e1bado se realizar\u00e1 la venta de 2 por 1 en entradas de la funci\u00f3n trasnoche de la pel\u00edcula \u00abMufasa\u00bb en el horario 00:35 hs.<\/p>\n\n\n\n<p>La pel\u00edcula que se estrenar\u00e1 esta semana es \u00abSonic 3\u00bb, que cuenta como Knuckles y Tails se re\u00fanen para enfrentarse a un nuevo y poderoso adversario, Shadow, un misterioso villano cuyos poderes no se parecen a nada de lo que nuestros h\u00e9roes han conocido hasta ahora. Con sus facultades superadas en todos los sentidos, el Equipo Sonic tendr\u00e1 que establecer una ins\u00f3lita alianza con la esperanza de detener a Shadow y proteger el planeta. La misma se proyectar\u00e1 en el horario de las 18:10 hs.<\/p>\n\n\n\n<p>Por otra parte se estrenar\u00e1 tambi\u00e9n \u00abNosferatu\u00bb es una de las pel\u00edculas de terror m\u00e1s ic\u00f3nicas de todos los tiempos. Este cl\u00e1sico del cine ha sido reimaginado por el director\u00a0Robert Eggers, conocido por su habilidad para crear atm\u00f3sferas inquietantes y opresivas. Nos cuenta la g\u00f3tica historia de una obsesi\u00f3n entre una joven atormentada y un terror\u00edfico vampiro enamorado de ella, causando un horror indescriptible a su paso. Este film estar\u00e1 disponible en el horario 22:15 hs<\/p>\n\n\n\n<p>Mientras seguir\u00e1 en cartelera \u00abMufasa\u00bb, el rey le\u00f3n\u201d live action dirigido por Barry Jenkins, a partir de un guion escrito por Jeff Nathanson. Es una secuela de la pel\u00edcula de 2019 El rey le\u00f3n. La misma estar\u00e1 disponible en el horario de 16 hs y trasnoche a las 00:35 hs.<\/p>\n\n\n\n<p>Por otro lado, las producciones del Espacio INCAA, que se proyectar\u00e1n en esta oportunidad ser\u00e1n: \u00abEl silencio de Marcos Tremmer\u00bb nos cuenta la historia de Marcos Tremmen protagonizado por Benjam\u00edn Vicu\u00f1a es un exitoso publicista uruguayo que vive en Madrid, locamente enamorado de su mujer, Luc\u00eda. Un d\u00eda, Marcos descubre que una enfermedad letal acabar\u00e1 con su vida en pocos meses. Para proteger a Luc\u00eda del que, por seguro, ser\u00e1 un inmenso sufrimiento, toma una decisi\u00f3n arriesgada: ocultar la situaci\u00f3n y alejarla. Se podr\u00e1 disfrutar en el horario de las 20:10 hs desde el 02 al 05 de enero.<\/p>\n\n\n\n<p>Asimismo, otra de las proyecciones perteneciente a dicho espacio es \u201cAventuras Caninas\u00bb la cual cuenta que en en la majestuosa \u00d3pera Metropolitana, ocurre una historia inusual. Carmen, la obra de ballet m\u00e1s famosa del mundo, se entrelaza con la vida de Samson, un perro callejero. Huyendo de los cazadores de perros, Samson se esconde en los pasillos de la \u00d3pera. All\u00ed conoce a la encantadora Margot, mascota de Anastasia, la primera bailarina del teatro. La cual se proyectar\u00e1 desde hasta el lunes 06 al mi\u00e9rcoles 08 de enero, en el horario de las 20:10hs.<\/p>\n\n\n\n<p>El Cine Renzi contin\u00faa posicion\u00e1ndose como uno de los principales espacios culturales de La Banda, ofreciendo a los vecinos proyecciones de calidad y fortaleciendo su compromiso con la comunidad mediante el acceso al arte y el entretenimiento.<\/p>\n","protected":false},"excerpt":{"rendered":"<p>El Cine Teatro Renzi dependiente de la Secretar\u00eda de Comunicaci\u00f3n renueva su cartelera con pel\u00edculas nuevas, las cuales se proyectar\u00e1n en la semana del jueves 2 al mi\u00e9rcoles 8 de enero.<\/p>\n","protected":false},"author":2,"featured_media":72220,"comment_status":"open","ping_status":"open","sticky":false,"template":"","format":"standard","meta":{"om_disable_all_campaigns":false,"_monsterinsights_skip_tracking":false,"_monsterinsights_sitenote_active":false,"_monsterinsights_sitenote_note":"","_monsterinsights_sitenote_category":0,"_uf_show_specific_survey":0,"_uf_disable_surveys":false,"jetpack_post_was_ever_published":false,"_jetpack_newsletter_access":"","_jetpack_dont_email_post_to_subs":false,"_jetpack_newsletter_tier_id":0,"_jetpack_memberships_contains_paywalled_content":false,"_jetpack_memberships_contains_paid_content":false,"footnotes":"","jetpack_publicize_message":"","jetpack_publicize_feature_enabled":true,"jetpack_social_post_already_shared":false,"jetpack_social_options":{"image_generator_settings":{"template":"highway","enabled":false},"version":2}},"categories":[9,20],"tags":[77],"class_list":["post-72219","post","type-post","status-publish","format-standard","has-post-thumbnail","hentry","category-banda","category-especysociales","tag-cine-renzi"],"aioseo_notices":[],"views":26,"jetpack_publicize_connections":[],"jetpack_featured_media_url":"https:\/\/i0.wp.com\/elterritorialweb.com.ar\/web\/wp-content\/uploads\/2025\/01\/SONIC-3-NOSFERATU.jpg?fit=1200%2C628&ssl=1","jetpack_sharing_enabled":true,"_links":{"self":[{"href":"https:\/\/elterritorialweb.com.ar\/web\/wp-json\/wp\/v2\/posts\/72219","targetHints":{"allow":["GET"]}}],"collection":[{"href":"https:\/\/elterritorialweb.com.ar\/web\/wp-json\/wp\/v2\/posts"}],"about":[{"href":"https:\/\/elterritorialweb.com.ar\/web\/wp-json\/wp\/v2\/types\/post"}],"author":[{"embeddable":true,"href":"https:\/\/elterritorialweb.com.ar\/web\/wp-json\/wp\/v2\/users\/2"}],"replies":[{"embeddable":true,"href":"https:\/\/elterritorialweb.com.ar\/web\/wp-json\/wp\/v2\/comments?post=72219"}],"version-history":[{"count":2,"href":"https:\/\/elterritorialweb.com.ar\/web\/wp-json\/wp\/v2\/posts\/72219\/revisions"}],"predecessor-version":[{"id":72222,"href":"https:\/\/elterritorialweb.com.ar\/web\/wp-json\/wp\/v2\/posts\/72219\/revisions\/72222"}],"wp:featuredmedia":[{"embeddable":true,"href":"https:\/\/elterritorialweb.com.ar\/web\/wp-json\/wp\/v2\/media\/72220"}],"wp:attachment":[{"href":"https:\/\/elterritorialweb.com.ar\/web\/wp-json\/wp\/v2\/media?parent=72219"}],"wp:term":[{"taxonomy":"category","embeddable":true,"href":"https:\/\/elterritorialweb.com.ar\/web\/wp-json\/wp\/v2\/categories?post=72219"},{"taxonomy":"post_tag","embeddable":true,"href":"https:\/\/elterritorialweb.com.ar\/web\/wp-json\/wp\/v2\/tags?post=72219"}],"curies":[{"name":"wp","href":"https:\/\/api.w.org\/{rel}","templated":true}]}}