{"id":72224,"date":"2025-01-01T20:34:41","date_gmt":"2025-01-01T20:34:41","guid":{"rendered":"http:\/\/elterritorialweb.com.ar\/web\/?p=72224"},"modified":"2025-01-01T20:38:45","modified_gmt":"2025-01-01T20:38:45","slug":"zamora-que-tristeza-saber-que-ya-no-vamos-a-poder-tenerte-entre-nosotro-querido-leo","status":"publish","type":"post","link":"https:\/\/elterritorialweb.com.ar\/web\/zamora-que-tristeza-saber-que-ya-no-vamos-a-poder-tenerte-entre-nosotro-querido-leo\/","title":{"rendered":"ZAMORA: \u00abQUE TRISTEZA SABER QUE YA NO VAMOS A PODER TENERTE ENTRE NOSOTROS, QUERIDO LEO\u00bb"},"content":{"rendered":"\n<p>El <strong>mandatario provincial se expreso en sus redes sociales, tras el fallecimiento de Leo Dan<\/strong>. En un mensaje lleno de emoci\u00f3n, el mandatario record\u00f3 al artista como\u00a0<em>\u00ab<strong>un grande, quiz\u00e1s el m\u00e1s grande\u00bb<\/strong><\/em><strong>\u00a0<\/strong>de los m\u00fasicos que muchas generaciones tuvieron el privilegio de conocer.<\/p>\n\n\n\n<p>Zamora destac\u00f3 la importancia de Leo Dan no solo en el \u00e1mbito musical, sino tambi\u00e9n como\u00a0<strong>un hombre de \u00abfe inquebrantable, de esp\u00edritu noble y coraz\u00f3n humilde\u00bb.<\/strong>\u00a0Atribuy\u00f3 al cantante un legado que trascendi\u00f3 fronteras, siempre manteniendo el orgullo por su tierra natal.<\/p>\n\n\n\n<p><strong><em>\u00abQue tristeza saber que ya no vamos a poder tenerte entre nosotros, querido Leo\u00bb<\/em><\/strong>, expres\u00f3 el gobernador, quien tambi\u00e9n envi\u00f3 sus condolencias a la familia del cantante. Finalmente, Zamora record\u00f3 al fallecido artista con un mensaje de esperanza:\u00a0<strong><em>\u00abQue brille para \u00e9l la Luz que no tiene fin\u00bb.<\/em><\/strong><\/p>\n","protected":false},"excerpt":{"rendered":"<p>El sentido mensaje de Gerardo Zamora tras el fallecimiento del artista santiague\u00f1o.<\/p>\n","protected":false},"author":2,"featured_media":52161,"comment_status":"open","ping_status":"open","sticky":false,"template":"","format":"standard","meta":{"om_disable_all_campaigns":false,"_monsterinsights_skip_tracking":false,"_monsterinsights_sitenote_active":false,"_monsterinsights_sitenote_note":"","_monsterinsights_sitenote_category":0,"_uf_show_specific_survey":0,"_uf_disable_surveys":false,"jetpack_post_was_ever_published":false,"_jetpack_newsletter_access":"","_jetpack_dont_email_post_to_subs":false,"_jetpack_newsletter_tier_id":0,"_jetpack_memberships_contains_paywalled_content":false,"_jetpack_memberships_contains_paid_content":false,"footnotes":"","jetpack_publicize_message":"","jetpack_publicize_feature_enabled":true,"jetpack_social_post_already_shared":false,"jetpack_social_options":{"image_generator_settings":{"template":"highway","enabled":false},"version":2}},"categories":[4,21],"tags":[59,681],"class_list":["post-72224","post","type-post","status-publish","format-standard","has-post-thumbnail","hentry","category-destacadas","category-locales","tag-gerardo-zamora","tag-leo-dan"],"aioseo_notices":[],"views":27,"jetpack_publicize_connections":[],"jetpack_featured_media_url":"https:\/\/i0.wp.com\/elterritorialweb.com.ar\/web\/wp-content\/uploads\/2023\/04\/1010x567_zamora-leo-dan-446626-233447.jpg?fit=1010%2C567&ssl=1","jetpack_sharing_enabled":true,"_links":{"self":[{"href":"https:\/\/elterritorialweb.com.ar\/web\/wp-json\/wp\/v2\/posts\/72224","targetHints":{"allow":["GET"]}}],"collection":[{"href":"https:\/\/elterritorialweb.com.ar\/web\/wp-json\/wp\/v2\/posts"}],"about":[{"href":"https:\/\/elterritorialweb.com.ar\/web\/wp-json\/wp\/v2\/types\/post"}],"author":[{"embeddable":true,"href":"https:\/\/elterritorialweb.com.ar\/web\/wp-json\/wp\/v2\/users\/2"}],"replies":[{"embeddable":true,"href":"https:\/\/elterritorialweb.com.ar\/web\/wp-json\/wp\/v2\/comments?post=72224"}],"version-history":[{"count":3,"href":"https:\/\/elterritorialweb.com.ar\/web\/wp-json\/wp\/v2\/posts\/72224\/revisions"}],"predecessor-version":[{"id":72228,"href":"https:\/\/elterritorialweb.com.ar\/web\/wp-json\/wp\/v2\/posts\/72224\/revisions\/72228"}],"wp:featuredmedia":[{"embeddable":true,"href":"https:\/\/elterritorialweb.com.ar\/web\/wp-json\/wp\/v2\/media\/52161"}],"wp:attachment":[{"href":"https:\/\/elterritorialweb.com.ar\/web\/wp-json\/wp\/v2\/media?parent=72224"}],"wp:term":[{"taxonomy":"category","embeddable":true,"href":"https:\/\/elterritorialweb.com.ar\/web\/wp-json\/wp\/v2\/categories?post=72224"},{"taxonomy":"post_tag","embeddable":true,"href":"https:\/\/elterritorialweb.com.ar\/web\/wp-json\/wp\/v2\/tags?post=72224"}],"curies":[{"name":"wp","href":"https:\/\/api.w.org\/{rel}","templated":true}]}}