{"id":72312,"date":"2025-01-06T13:12:14","date_gmt":"2025-01-06T13:12:14","guid":{"rendered":"https:\/\/elterritorialweb.com.ar\/web\/?p=72312"},"modified":"2025-01-06T13:12:30","modified_gmt":"2025-01-06T13:12:30","slug":"union-santiago-apuesta-por-el-semillero-de-campeones","status":"publish","type":"post","link":"https:\/\/elterritorialweb.com.ar\/web\/union-santiago-apuesta-por-el-semillero-de-campeones\/","title":{"rendered":"UNI\u00d3N SANTIAGO APUESTA POR EL \u201cSEMILLERO DE CAMPEONES\u201d"},"content":{"rendered":"\n<p>El<strong> Club Atl\u00e9tico Uni\u00f3n Santiago<\/strong>, reconocido provincialmente a trav\u00e9s de su rica historia, como la <strong>\u00abCuna del F\u00fatbol Infantil\u00bb, <\/strong>emprendi\u00f3 la b\u00fasqueda de recuperar su lugar como referente principal en la formaci\u00f3n de j\u00f3venes talentos. (coordinadores de las Divisiones Formativas).<\/p>\n\n\n\n<p><strong>\u201cSemilleros de Campeones\u201d<\/strong> es un programa integral dise\u00f1ado para potenciar el desarrollo deportivo y personal de ni\u00f1os y ni\u00f1as en las categor\u00edas formativas del club. Su prop\u00f3sito fundamental es ofrecer un acompa\u00f1amiento integral que abarque el deporte, la educaci\u00f3n, la salud y la nutrici\u00f3n, brindando a las futuras generaciones, las herramientas s\u00f3lidas para enfrentar los desaf\u00edos de la vida, dentro y fuera de las canchas.<\/p>\n\n\n\n<h3 class=\"wp-block-heading\">Potenciar el Desarrollo<\/h3>\n\n\n\n<p><strong>Gerardo Montenegro, quien asumi\u00f3 el liderazgo de la entidad fusionada a fines de julio del 2024,<\/strong> <strong>destac\u00f3 que la revitalizaci\u00f3n de las Divisiones Formativas es uno de los grandes objetivos de su gesti\u00f3n.<\/strong><br><em>\u00abEs un programa que trasciende el \u00e1mbito deportivo, apostando por un cambio real en la vida de los ni\u00f1os y ni\u00f1as, sus familias y la comunidad. Este proyecto es un ejemplo de c\u00f3mo la cooperaci\u00f3n entre instituciones puede generar impacto y construir un futuro mejor para las pr\u00f3ximas generaciones. Invitamos a todos a ser parte de este sue\u00f1o compartido, porque juntos podemos sembrar las ra\u00edces de grandes campeones\u201d,<\/em> sostuvo Montenegro\u201d.<\/p>\n\n\n\n<p><strong>Montenegro<\/strong> expres\u00f3 adem\u00e1s que <em>\u201cla infancia es una etapa crucial para el desarrollo de habilidades deportivas, intelectuales y sociales. En este contexto, Uni\u00f3n Santiago busca ir m\u00e1s all\u00e1 del entrenamiento deportivo tradicional, apostando por un modelo integral que fomente educaci\u00f3n, salud f\u00edsica y emocional, garantizada a trav\u00e9s de evaluaciones m\u00e9dicas peri\u00f3dicas y acceso a profesionales de la salud, y nutrici\u00f3n adecuada, adaptada a las necesidades espec\u00edficas de los j\u00f3venes deportistas\u201d.<\/em><\/p>\n\n\n\n<p><em>\u201cEl proyecto<\/em> \u2013agreg\u00f3 el presidente tricolor-<em> incluye colaboraciones estrat\u00e9gicas con instituciones educativas y marcas comprometidas con la comunidad, con el objetivo de garantizar becas, apoyo escolar y atenci\u00f3n m\u00e9dica integral para los j\u00f3venes deportistas\u201d.<\/em><\/p>\n\n\n\n<p>Finalmente, <strong>Montenegro confes\u00f3 su confianza en el compromiso de la nueva dirigencia para posicionar nuevamente al CAUS como un referente en la formaci\u00f3n de talentos<\/strong>.<\/p>\n\n\n\n<h3 class=\"wp-block-heading\">Objetivos Espec\u00edficos<\/h3>\n\n\n\n<p>1) Proporcionar becas educativas y apoyo escolar, a trav\u00e9s del Instituto Superior Monse\u00f1or Jorge Gottau.<br>2) Ofrecer atenci\u00f3n m\u00e9dica integral mediante los consultorios y profesionales de AMA UPCN.<br>3) Garantizar una alimentaci\u00f3n saludable con el apoyo de Coffee 24 (comidas) y SECCO (bebidas saborizadas y aguas minerales).<br>4) Fomentar valores de trabajo en equipo, responsabilidad y disciplina, merced a las actividades deportivas y educativas.<br>5) Posicionar a Uni\u00f3n Santiago como un referente en la formaci\u00f3n integral<br>de j\u00f3venes deportistas.<br>El programa est\u00e1 dirigido a m\u00e1s de 100 ni\u00f1os y ni\u00f1as de las Divisiones Formativas de CAUS, incluyendo a sus familias como parte integral del acompa\u00f1amiento, promoviendo valores de comunidad y pertenencia.<br>El proyecto contar\u00e1 con financiamiento aportado por las instituciones colaboradoras, la ONG Tricolor, adem\u00e1s de donaciones y apoyo del club.<\/p>\n","protected":false},"excerpt":{"rendered":"<p>Se va a presentar oficialmente hoy, lunes 6 de enero, a las 19, en el complejo deportivo de UPCN, el Programa Integral de Gesti\u00f3n Deportiva \u201cSemillero de Campeones\u201d, mediante una conferencia de prensa donde estar\u00e1n presentes Gerente Montenegro (presidente de la instituci\u00f3n tricolor), Lic. Lourdes D\u00edaz, y los entrenadores Alpidio Elizeche y Roger Gerez.<\/p>\n","protected":false},"author":2,"featured_media":72314,"comment_status":"open","ping_status":"open","sticky":false,"template":"","format":"standard","meta":{"om_disable_all_campaigns":false,"_monsterinsights_skip_tracking":false,"_monsterinsights_sitenote_active":false,"_monsterinsights_sitenote_note":"","_monsterinsights_sitenote_category":0,"_uf_show_specific_survey":0,"_uf_disable_surveys":false,"jetpack_post_was_ever_published":false,"_jetpack_newsletter_access":"","_jetpack_dont_email_post_to_subs":false,"_jetpack_newsletter_tier_id":0,"_jetpack_memberships_contains_paywalled_content":false,"_jetpack_memberships_contains_paid_content":false,"footnotes":"","jetpack_publicize_message":"","jetpack_publicize_feature_enabled":true,"jetpack_social_post_already_shared":false,"jetpack_social_options":{"image_generator_settings":{"template":"highway","enabled":false},"version":2}},"categories":[6,4],"tags":[1120,1122,1121],"class_list":["post-72312","post","type-post","status-publish","format-standard","has-post-thumbnail","hentry","category-deportes","category-destacadas","tag-club-atletico-union-santiago","tag-gerardo-montenegro","tag-semillero-de-campeones"],"aioseo_notices":[],"views":13,"jetpack_publicize_connections":[],"jetpack_featured_media_url":"https:\/\/i0.wp.com\/elterritorialweb.com.ar\/web\/wp-content\/uploads\/2025\/01\/semillero-de-campeones-US.jpeg?fit=1600%2C1059&ssl=1","jetpack_sharing_enabled":true,"_links":{"self":[{"href":"https:\/\/elterritorialweb.com.ar\/web\/wp-json\/wp\/v2\/posts\/72312","targetHints":{"allow":["GET"]}}],"collection":[{"href":"https:\/\/elterritorialweb.com.ar\/web\/wp-json\/wp\/v2\/posts"}],"about":[{"href":"https:\/\/elterritorialweb.com.ar\/web\/wp-json\/wp\/v2\/types\/post"}],"author":[{"embeddable":true,"href":"https:\/\/elterritorialweb.com.ar\/web\/wp-json\/wp\/v2\/users\/2"}],"replies":[{"embeddable":true,"href":"https:\/\/elterritorialweb.com.ar\/web\/wp-json\/wp\/v2\/comments?post=72312"}],"version-history":[{"count":2,"href":"https:\/\/elterritorialweb.com.ar\/web\/wp-json\/wp\/v2\/posts\/72312\/revisions"}],"predecessor-version":[{"id":72316,"href":"https:\/\/elterritorialweb.com.ar\/web\/wp-json\/wp\/v2\/posts\/72312\/revisions\/72316"}],"wp:featuredmedia":[{"embeddable":true,"href":"https:\/\/elterritorialweb.com.ar\/web\/wp-json\/wp\/v2\/media\/72314"}],"wp:attachment":[{"href":"https:\/\/elterritorialweb.com.ar\/web\/wp-json\/wp\/v2\/media?parent=72312"}],"wp:term":[{"taxonomy":"category","embeddable":true,"href":"https:\/\/elterritorialweb.com.ar\/web\/wp-json\/wp\/v2\/categories?post=72312"},{"taxonomy":"post_tag","embeddable":true,"href":"https:\/\/elterritorialweb.com.ar\/web\/wp-json\/wp\/v2\/tags?post=72312"}],"curies":[{"name":"wp","href":"https:\/\/api.w.org\/{rel}","templated":true}]}}