{"id":72317,"date":"2025-01-06T13:16:14","date_gmt":"2025-01-06T13:16:14","guid":{"rendered":"http:\/\/elterritorialweb.com.ar\/web\/?p=72317"},"modified":"2025-01-06T13:16:17","modified_gmt":"2025-01-06T13:16:17","slug":"calidad-de-vida-de-la-capital-comunico-los-barrios-para-esta-semana-de-fumigaciones","status":"publish","type":"post","link":"https:\/\/elterritorialweb.com.ar\/web\/calidad-de-vida-de-la-capital-comunico-los-barrios-para-esta-semana-de-fumigaciones\/","title":{"rendered":"CALIDAD DE VIDA DE LA CAPITAL COMUNIC\u00d3 LOS BARRIOS PARA ESTA SEMANA DE FUMIGACIONES"},"content":{"rendered":"\n<p>El <strong>lunes<\/strong> comenzar\u00e1 por los barrios <strong>Cabildo, Belgrano, 8 de Abril, C\u00e1ceres, Reconquista y Cat\u00f3lica.<\/strong><\/p>\n\n\n\n<p>El <strong>martes<\/strong> se trabajar\u00e1 en los barrios <strong>Centro, Alberdi,\u00a0 Sargento Cabral, Lomas del Golf, Parque Aguirre, Juan XXIII y San Francisco.<\/strong><\/p>\n\n\n\n<p>El<strong> mi\u00e9rcoles<\/strong> las pulverizaciones se realizar\u00e1n en los barrios<strong> Aeropuerto, Borges y Huaico Hondo.<\/strong><\/p>\n\n\n\n<p>El <strong>jueves<\/strong> ser\u00e1 el turno de los barrios <strong>General Paz, Bel\u00e9n, John Kennedy, Autonom\u00eda, Santa Rosa de Lima y San Jos\u00e9 de Flores.<\/strong><\/p>\n\n\n\n<p>El <strong>viernes<\/strong> las fumigaciones se localizar\u00e1n en los barrios <strong>Villa del Carmen, N\u00e9stor Kirchner, Sixto Palavecino , Vinalar, Santa Lucia e Industria.<\/strong><\/p>\n","protected":false},"excerpt":{"rendered":"<p>La Direcci\u00f3n de Calidad de Vida de la Capital inform\u00f3 su cronograma de fumigaciones preventivas semanales contra mosquitos abarcando distintos sectores de la ciudad.<\/p>\n","protected":false},"author":2,"featured_media":72318,"comment_status":"open","ping_status":"open","sticky":false,"template":"","format":"standard","meta":{"om_disable_all_campaigns":false,"_monsterinsights_skip_tracking":false,"_monsterinsights_sitenote_active":false,"_monsterinsights_sitenote_note":"","_monsterinsights_sitenote_category":0,"_uf_show_specific_survey":0,"_uf_disable_surveys":false,"jetpack_post_was_ever_published":false,"_jetpack_newsletter_access":"","_jetpack_dont_email_post_to_subs":false,"_jetpack_newsletter_tier_id":0,"_jetpack_memberships_contains_paywalled_content":false,"_jetpack_memberships_contains_paid_content":false,"footnotes":"","jetpack_publicize_message":"","jetpack_publicize_feature_enabled":true,"jetpack_social_post_already_shared":false,"jetpack_social_options":{"image_generator_settings":{"template":"highway","enabled":false},"version":2}},"categories":[4,21],"tags":[113,73],"class_list":["post-72317","post","type-post","status-publish","format-standard","has-post-thumbnail","hentry","category-destacadas","category-locales","tag-fumigacion","tag-municipalidad-de-la-capital"],"aioseo_notices":[],"views":10,"jetpack_publicize_connections":[],"jetpack_featured_media_url":"https:\/\/i0.wp.com\/elterritorialweb.com.ar\/web\/wp-content\/uploads\/2025\/01\/FUMIGACION.jpeg?fit=1280%2C866&ssl=1","jetpack_sharing_enabled":true,"_links":{"self":[{"href":"https:\/\/elterritorialweb.com.ar\/web\/wp-json\/wp\/v2\/posts\/72317","targetHints":{"allow":["GET"]}}],"collection":[{"href":"https:\/\/elterritorialweb.com.ar\/web\/wp-json\/wp\/v2\/posts"}],"about":[{"href":"https:\/\/elterritorialweb.com.ar\/web\/wp-json\/wp\/v2\/types\/post"}],"author":[{"embeddable":true,"href":"https:\/\/elterritorialweb.com.ar\/web\/wp-json\/wp\/v2\/users\/2"}],"replies":[{"embeddable":true,"href":"https:\/\/elterritorialweb.com.ar\/web\/wp-json\/wp\/v2\/comments?post=72317"}],"version-history":[{"count":2,"href":"https:\/\/elterritorialweb.com.ar\/web\/wp-json\/wp\/v2\/posts\/72317\/revisions"}],"predecessor-version":[{"id":72320,"href":"https:\/\/elterritorialweb.com.ar\/web\/wp-json\/wp\/v2\/posts\/72317\/revisions\/72320"}],"wp:featuredmedia":[{"embeddable":true,"href":"https:\/\/elterritorialweb.com.ar\/web\/wp-json\/wp\/v2\/media\/72318"}],"wp:attachment":[{"href":"https:\/\/elterritorialweb.com.ar\/web\/wp-json\/wp\/v2\/media?parent=72317"}],"wp:term":[{"taxonomy":"category","embeddable":true,"href":"https:\/\/elterritorialweb.com.ar\/web\/wp-json\/wp\/v2\/categories?post=72317"},{"taxonomy":"post_tag","embeddable":true,"href":"https:\/\/elterritorialweb.com.ar\/web\/wp-json\/wp\/v2\/tags?post=72317"}],"curies":[{"name":"wp","href":"https:\/\/api.w.org\/{rel}","templated":true}]}}