{"id":72321,"date":"2025-01-06T13:27:02","date_gmt":"2025-01-06T13:27:02","guid":{"rendered":"http:\/\/elterritorialweb.com.ar\/web\/?p=72321"},"modified":"2025-01-06T13:27:06","modified_gmt":"2025-01-06T13:27:06","slug":"caluroso-y-posibles-lluvias-en-el-comienzo-de-semana-en-santiago-del-estero","status":"publish","type":"post","link":"https:\/\/elterritorialweb.com.ar\/web\/caluroso-y-posibles-lluvias-en-el-comienzo-de-semana-en-santiago-del-estero\/","title":{"rendered":"CALUROSO Y POSIBLES LLUVIAS EN EL COMIENZO DE SEMANA EN SANTIAGO DEL ESTERO"},"content":{"rendered":"\n<p>El <strong>Servicio Meteorol\u00f3gico Nacional<\/strong> prev\u00e9 para este lunes en <strong>Santiago del Estero<\/strong> una ma\u00f1ana<strong> parcialmente nublada, con probabilidad de tormentas aisladas y vientos moderados del este.<\/strong><\/p>\n\n\n\n<p>Por la tarde, se prev\u00e9 que estas condiciones persistir\u00e1n, con r\u00e1fagas de viento del este y <strong>una temperatura m\u00e1xima de 38\u00baC, seg\u00fan el organismo.<\/strong><\/p>\n\n\n\n<p>El<strong> pron\u00f3stico extendido<\/strong> indica que el intenso calor persistir\u00e1 el martes, con<strong> una m\u00e1xima de 38\u00baC, cielo parcialmente nublado, vientos moderados de varias direcciones y posibilidad de lluvias.<\/strong><\/p>\n\n\n\n<p><\/p>\n","protected":false},"excerpt":{"rendered":"<p>El Servicio Meteorol\u00f3gico Nacional prev\u00e9 para este lunes en Santiago del Estero una ma\u00f1ana parcialmente&#8230;<\/p>\n","protected":false},"author":2,"featured_media":72322,"comment_status":"open","ping_status":"open","sticky":false,"template":"","format":"standard","meta":{"om_disable_all_campaigns":false,"_monsterinsights_skip_tracking":false,"_monsterinsights_sitenote_active":false,"_monsterinsights_sitenote_note":"","_monsterinsights_sitenote_category":0,"_uf_show_specific_survey":0,"_uf_disable_surveys":false,"jetpack_post_was_ever_published":false,"_jetpack_newsletter_access":"","_jetpack_dont_email_post_to_subs":false,"_jetpack_newsletter_tier_id":0,"_jetpack_memberships_contains_paywalled_content":false,"_jetpack_memberships_contains_paid_content":false,"footnotes":"","jetpack_publicize_message":"","jetpack_publicize_feature_enabled":true,"jetpack_social_post_already_shared":false,"jetpack_social_options":{"image_generator_settings":{"template":"highway","enabled":false},"version":2}},"categories":[4,21],"tags":[1123,1124,1031],"class_list":["post-72321","post","type-post","status-publish","format-standard","has-post-thumbnail","hentry","category-destacadas","category-locales","tag-clima","tag-datos-del-tiempo","tag-servicio-meteorologico-nacional"],"aioseo_notices":[],"views":41,"jetpack_publicize_connections":[],"jetpack_featured_media_url":"https:\/\/i0.wp.com\/elterritorialweb.com.ar\/web\/wp-content\/uploads\/2025\/01\/CLIMA-EN-SANTIAGO-DEL-ESTERO.jpg?fit=1280%2C720&ssl=1","jetpack_sharing_enabled":true,"_links":{"self":[{"href":"https:\/\/elterritorialweb.com.ar\/web\/wp-json\/wp\/v2\/posts\/72321","targetHints":{"allow":["GET"]}}],"collection":[{"href":"https:\/\/elterritorialweb.com.ar\/web\/wp-json\/wp\/v2\/posts"}],"about":[{"href":"https:\/\/elterritorialweb.com.ar\/web\/wp-json\/wp\/v2\/types\/post"}],"author":[{"embeddable":true,"href":"https:\/\/elterritorialweb.com.ar\/web\/wp-json\/wp\/v2\/users\/2"}],"replies":[{"embeddable":true,"href":"https:\/\/elterritorialweb.com.ar\/web\/wp-json\/wp\/v2\/comments?post=72321"}],"version-history":[{"count":2,"href":"https:\/\/elterritorialweb.com.ar\/web\/wp-json\/wp\/v2\/posts\/72321\/revisions"}],"predecessor-version":[{"id":72324,"href":"https:\/\/elterritorialweb.com.ar\/web\/wp-json\/wp\/v2\/posts\/72321\/revisions\/72324"}],"wp:featuredmedia":[{"embeddable":true,"href":"https:\/\/elterritorialweb.com.ar\/web\/wp-json\/wp\/v2\/media\/72322"}],"wp:attachment":[{"href":"https:\/\/elterritorialweb.com.ar\/web\/wp-json\/wp\/v2\/media?parent=72321"}],"wp:term":[{"taxonomy":"category","embeddable":true,"href":"https:\/\/elterritorialweb.com.ar\/web\/wp-json\/wp\/v2\/categories?post=72321"},{"taxonomy":"post_tag","embeddable":true,"href":"https:\/\/elterritorialweb.com.ar\/web\/wp-json\/wp\/v2\/tags?post=72321"}],"curies":[{"name":"wp","href":"https:\/\/api.w.org\/{rel}","templated":true}]}}