{"id":72325,"date":"2025-01-06T13:39:43","date_gmt":"2025-01-06T13:39:43","guid":{"rendered":"http:\/\/elterritorialweb.com.ar\/web\/?p=72325"},"modified":"2025-01-06T13:51:57","modified_gmt":"2025-01-06T13:51:57","slug":"termas-con-una-temporada-cargada-de-actividades","status":"publish","type":"post","link":"https:\/\/elterritorialweb.com.ar\/web\/termas-con-una-temporada-cargada-de-actividades\/","title":{"rendered":"TERMAS CON UNA TEMPORADA CARGADA DE ACTIVIDADES"},"content":{"rendered":"\n<p>Cientos de visitantes y vecinos de la ciudad se acercaron para disfrutar de una jornada diferente, combinando el esplendor natural del lago con propuestas recreativas y gastron\u00f3micas para todas las edades.<\/p>\n\n\n\n<figure class=\"wp-block-image size-full\"><a href=\"https:\/\/i0.wp.com\/elterritorialweb.com.ar\/web\/wp-content\/uploads\/2025\/01\/TERMAS-3.jpg\"><img data-recalc-dims=\"1\" decoding=\"async\" width=\"640\" height=\"429\" data-src=\"https:\/\/i0.wp.com\/elterritorialweb.com.ar\/web\/wp-content\/uploads\/2025\/01\/TERMAS-3.jpg?resize=640%2C429\" alt=\"\" class=\"wp-image-72331 lazyload\" data-srcset=\"https:\/\/i0.wp.com\/elterritorialweb.com.ar\/web\/wp-content\/uploads\/2025\/01\/TERMAS-3.jpg?w=1024&amp;ssl=1 1024w, https:\/\/i0.wp.com\/elterritorialweb.com.ar\/web\/wp-content\/uploads\/2025\/01\/TERMAS-3.jpg?resize=300%2C201&amp;ssl=1 300w, https:\/\/i0.wp.com\/elterritorialweb.com.ar\/web\/wp-content\/uploads\/2025\/01\/TERMAS-3.jpg?resize=768%2C515&amp;ssl=1 768w\" data-sizes=\"(max-width: 640px) 100vw, 640px\" src=\"data:image\/svg+xml;base64,PHN2ZyB3aWR0aD0iMSIgaGVpZ2h0PSIxIiB4bWxucz0iaHR0cDovL3d3dy53My5vcmcvMjAwMC9zdmciPjwvc3ZnPg==\" style=\"--smush-placeholder-width: 640px; --smush-placeholder-aspect-ratio: 640\/429;\" \/><\/a><\/figure>\n\n\n\n<p>La&nbsp;<strong>Secretar\u00eda de Turismo de Las Termas de R\u00edo Hondo<\/strong>, dependiente de la&nbsp;<strong>Municipalidad termense<\/strong>&nbsp;y el apoyo del&nbsp;<strong>Gobierno de Santiago&nbsp;<\/strong>del Estero, prepararon una temporada cargada de actividades que buscan potenciar el turismo local y brindar a los visitantes experiencias \u00fanicas.<\/p>\n\n\n\n<figure class=\"wp-block-gallery has-nested-images columns-default is-cropped wp-block-gallery-1 is-layout-flex wp-block-gallery-is-layout-flex\">\n<figure class=\"wp-block-image size-full\"><a href=\"https:\/\/i0.wp.com\/elterritorialweb.com.ar\/web\/wp-content\/uploads\/2025\/01\/TERMAS-1.jpg\"><img data-recalc-dims=\"1\" decoding=\"async\" width=\"585\" height=\"540\" data-id=\"72327\" data-src=\"https:\/\/i0.wp.com\/elterritorialweb.com.ar\/web\/wp-content\/uploads\/2025\/01\/TERMAS-1.jpg?resize=585%2C540\" alt=\"\" class=\"wp-image-72327 lazyload\" data-srcset=\"https:\/\/i0.wp.com\/elterritorialweb.com.ar\/web\/wp-content\/uploads\/2025\/01\/TERMAS-1.jpg?w=585&amp;ssl=1 585w, https:\/\/i0.wp.com\/elterritorialweb.com.ar\/web\/wp-content\/uploads\/2025\/01\/TERMAS-1.jpg?resize=300%2C277&amp;ssl=1 300w\" data-sizes=\"(max-width: 585px) 100vw, 585px\" src=\"data:image\/svg+xml;base64,PHN2ZyB3aWR0aD0iMSIgaGVpZ2h0PSIxIiB4bWxucz0iaHR0cDovL3d3dy53My5vcmcvMjAwMC9zdmciPjwvc3ZnPg==\" style=\"--smush-placeholder-width: 585px; --smush-placeholder-aspect-ratio: 585\/540;\" \/><\/a><\/figure>\n\n\n\n<figure class=\"wp-block-image size-full\"><a href=\"https:\/\/i0.wp.com\/elterritorialweb.com.ar\/web\/wp-content\/uploads\/2025\/01\/TERMAS-2.jpg\"><img data-recalc-dims=\"1\" decoding=\"async\" width=\"593\" height=\"395\" data-id=\"72328\" data-src=\"https:\/\/i0.wp.com\/elterritorialweb.com.ar\/web\/wp-content\/uploads\/2025\/01\/TERMAS-2.jpg?resize=593%2C395\" alt=\"\" class=\"wp-image-72328 lazyload\" data-srcset=\"https:\/\/i0.wp.com\/elterritorialweb.com.ar\/web\/wp-content\/uploads\/2025\/01\/TERMAS-2.jpg?w=593&amp;ssl=1 593w, https:\/\/i0.wp.com\/elterritorialweb.com.ar\/web\/wp-content\/uploads\/2025\/01\/TERMAS-2.jpg?resize=300%2C200&amp;ssl=1 300w\" data-sizes=\"(max-width: 593px) 100vw, 593px\" src=\"data:image\/svg+xml;base64,PHN2ZyB3aWR0aD0iMSIgaGVpZ2h0PSIxIiB4bWxucz0iaHR0cDovL3d3dy53My5vcmcvMjAwMC9zdmciPjwvc3ZnPg==\" style=\"--smush-placeholder-width: 593px; --smush-placeholder-aspect-ratio: 593\/395;\" \/><\/a><\/figure>\n<\/figure>\n\n\n\n<p>La <strong>Eco Playa, el Complejo Municipal La Olla, el Golf Club, el Museo del Autom\u00f3vil<\/strong> y muchas actividades m\u00e1s son algunas de las propuestas en la ciudad termal.<\/p>\n\n\n\n<p><\/p>\n","protected":false},"excerpt":{"rendered":"<p>El verano santiague\u00f1o arranc\u00f3 con todo en Termas de R\u00edo Hondo, donde la Eco Playa y la Playa del Lago se transformaron en epicentro de diversi\u00f3n y relax durante este fin de semana.<\/p>\n","protected":false},"author":2,"featured_media":72326,"comment_status":"open","ping_status":"open","sticky":false,"template":"","format":"standard","meta":{"om_disable_all_campaigns":false,"_monsterinsights_skip_tracking":false,"_monsterinsights_sitenote_active":false,"_monsterinsights_sitenote_note":"","_monsterinsights_sitenote_category":0,"_uf_show_specific_survey":0,"_uf_disable_surveys":false,"jetpack_post_was_ever_published":false,"_jetpack_newsletter_access":"","_jetpack_dont_email_post_to_subs":false,"_jetpack_newsletter_tier_id":0,"_jetpack_memberships_contains_paywalled_content":false,"_jetpack_memberships_contains_paid_content":false,"footnotes":"","jetpack_publicize_message":"","jetpack_publicize_feature_enabled":true,"jetpack_social_post_already_shared":false,"jetpack_social_options":{"image_generator_settings":{"template":"highway","enabled":false},"version":2}},"categories":[4,633],"tags":[42],"class_list":["post-72325","post","type-post","status-publish","format-standard","has-post-thumbnail","hentry","category-destacadas","category-termas-de-rio-hondo","tag-termas-de-rio-hondo"],"aioseo_notices":[],"views":26,"jetpack_publicize_connections":[],"jetpack_featured_media_url":"https:\/\/i0.wp.com\/elterritorialweb.com.ar\/web\/wp-content\/uploads\/2025\/01\/TERMAS.jpg?fit=1080%2C723&ssl=1","jetpack_sharing_enabled":true,"_links":{"self":[{"href":"https:\/\/elterritorialweb.com.ar\/web\/wp-json\/wp\/v2\/posts\/72325","targetHints":{"allow":["GET"]}}],"collection":[{"href":"https:\/\/elterritorialweb.com.ar\/web\/wp-json\/wp\/v2\/posts"}],"about":[{"href":"https:\/\/elterritorialweb.com.ar\/web\/wp-json\/wp\/v2\/types\/post"}],"author":[{"embeddable":true,"href":"https:\/\/elterritorialweb.com.ar\/web\/wp-json\/wp\/v2\/users\/2"}],"replies":[{"embeddable":true,"href":"https:\/\/elterritorialweb.com.ar\/web\/wp-json\/wp\/v2\/comments?post=72325"}],"version-history":[{"count":4,"href":"https:\/\/elterritorialweb.com.ar\/web\/wp-json\/wp\/v2\/posts\/72325\/revisions"}],"predecessor-version":[{"id":72335,"href":"https:\/\/elterritorialweb.com.ar\/web\/wp-json\/wp\/v2\/posts\/72325\/revisions\/72335"}],"wp:featuredmedia":[{"embeddable":true,"href":"https:\/\/elterritorialweb.com.ar\/web\/wp-json\/wp\/v2\/media\/72326"}],"wp:attachment":[{"href":"https:\/\/elterritorialweb.com.ar\/web\/wp-json\/wp\/v2\/media?parent=72325"}],"wp:term":[{"taxonomy":"category","embeddable":true,"href":"https:\/\/elterritorialweb.com.ar\/web\/wp-json\/wp\/v2\/categories?post=72325"},{"taxonomy":"post_tag","embeddable":true,"href":"https:\/\/elterritorialweb.com.ar\/web\/wp-json\/wp\/v2\/tags?post=72325"}],"curies":[{"name":"wp","href":"https:\/\/api.w.org\/{rel}","templated":true}]}}