{"id":72341,"date":"2025-01-07T17:56:35","date_gmt":"2025-01-07T17:56:35","guid":{"rendered":"https:\/\/elterritorialweb.com.ar\/web\/?p=72341"},"modified":"2025-01-07T17:56:42","modified_gmt":"2025-01-07T17:56:42","slug":"miranda-en-santiago-del-estero","status":"publish","type":"post","link":"https:\/\/elterritorialweb.com.ar\/web\/miranda-en-santiago-del-estero\/","title":{"rendered":"MIRANDA! EN SANTIAGO DEL ESTERO"},"content":{"rendered":"\n<p>El d\u00fao pop m\u00e1s importante de Latinoam\u00e9rica, regresa al norte del pa\u00eds con un show que reunir\u00e1 a todas las provincias en una sola. <\/p>\n\n\n\n<p>Con 20 a\u00f1os de trayectoria, y una apretada agenda para el 2025, la gira nacional que los traer\u00e1 al NOA tiene preparado un show con todos los hits. <\/p>\n\n\n\n<p>Considerada la m\u00e1s importante de los \u00faltimos tiempos del habla hispana, nacieron del under porte\u00f1o y hoy son una marca registrada en Am\u00e9rica Latina y el mundo.<\/p>\n\n\n\n<p>Con cientos de seguidores, la propuesta del grupo es reunir a todos en un solo espacio, por ello la invitaci\u00f3n est\u00e1 hecha para todo el p\u00fablico de Santiago del Estero, Tucum\u00e1n, Salta, Jujuy, Catamarca, y La Rioja. Y por supuesto para los apasionados del talento de Miranda de cualquier rinc\u00f3n del pa\u00eds.  <\/p>\n\n\n\n<figure class=\"wp-block-image size-large\"><a href=\"https:\/\/i0.wp.com\/elterritorialweb.com.ar\/web\/wp-content\/uploads\/2025\/01\/IMG-20250107-WA0005.jpg?ssl=1\"><img data-recalc-dims=\"1\" decoding=\"async\" width=\"640\" height=\"426\" data-src=\"https:\/\/i0.wp.com\/elterritorialweb.com.ar\/web\/wp-content\/uploads\/2025\/01\/IMG-20250107-WA0005-1024x682.jpg?resize=640%2C426&#038;ssl=1\" alt=\"\" class=\"wp-image-72343 lazyload\" data-srcset=\"https:\/\/i0.wp.com\/elterritorialweb.com.ar\/web\/wp-content\/uploads\/2025\/01\/IMG-20250107-WA0005.jpg?resize=1024%2C682&amp;ssl=1 1024w, https:\/\/i0.wp.com\/elterritorialweb.com.ar\/web\/wp-content\/uploads\/2025\/01\/IMG-20250107-WA0005.jpg?resize=300%2C200&amp;ssl=1 300w, https:\/\/i0.wp.com\/elterritorialweb.com.ar\/web\/wp-content\/uploads\/2025\/01\/IMG-20250107-WA0005.jpg?resize=768%2C512&amp;ssl=1 768w, https:\/\/i0.wp.com\/elterritorialweb.com.ar\/web\/wp-content\/uploads\/2025\/01\/IMG-20250107-WA0005.jpg?resize=1536%2C1023&amp;ssl=1 1536w, https:\/\/i0.wp.com\/elterritorialweb.com.ar\/web\/wp-content\/uploads\/2025\/01\/IMG-20250107-WA0005.jpg?w=1600&amp;ssl=1 1600w, https:\/\/i0.wp.com\/elterritorialweb.com.ar\/web\/wp-content\/uploads\/2025\/01\/IMG-20250107-WA0005.jpg?w=1280 1280w\" data-sizes=\"(max-width: 640px) 100vw, 640px\" src=\"data:image\/svg+xml;base64,PHN2ZyB3aWR0aD0iMSIgaGVpZ2h0PSIxIiB4bWxucz0iaHR0cDovL3d3dy53My5vcmcvMjAwMC9zdmciPjwvc3ZnPg==\" style=\"--smush-placeholder-width: 640px; --smush-placeholder-aspect-ratio: 640\/426;\" \/><\/a><\/figure>\n\n\n\n<h3 class=\"wp-block-heading\">MARCA REGISTRADA<\/h3>\n\n\n\n<p>El \u00faltimo \u00e1lbum Hotel Miranda! lleva al momento m\u00e1s de 300M de streams logrando ser uno de los trabajos discogr\u00e1ficos m\u00e1s exitosos de la banda en su carrera. <\/p>\n\n\n\n<p>All\u00ed el d\u00fao se une a exponentes de la nueva generaci\u00f3n como Mar\u00eda Becerra, FMK, Catriel, Emilia, Bandalos Chinos, Sof\u00eda Reyes, Francisca Valenzuela, Juan Ingaramo y grandes \u00eddolos de la canci\u00f3n popular como Cristian Castro, Chano, Andr\u00e9s Calamaro, Lali y Emmanuel Horvilleur. <\/p>\n\n\n\n<p>Miranda! eligi\u00f3 de su incontable cantidad de hits, 12 para reversionar junto a una gran variedad de artistas y productores, convirtiendo esta obra en una de las m\u00e1s escuchadas en la actualidad. <\/p>\n\n\n\n<p>Hotel Miranda! recibi\u00f3 el Gardel de Oro, el premio m\u00e1s importante de la industria musical argentina. Los reyes del pop tienen casi 9 millones de oyentes mensuales en Spotify y en su canal oficial de YouTube tienen m\u00e1s de 700.000 suscriptores, con m\u00e1s de 300 millones de reproducciones en todos sus videos musicales. <\/p>\n\n\n\n<p>En <a href=\"https:\/\/mirandaenvivo.com\/\" title=\"mirandaenvivo.com\">mirandaenvivo.com<\/a>, se puede disfrutar tambi\u00e9n de todas sus canciones y seguir las novedades de la dupla musical m\u00e1s explosiva del pa\u00eds.<\/p>\n\n\n\n<p>Las entradas para la experiencia sin antecedentes de la dupla integrada por Ale Sergi y Juliana Gattas, ya se encuentran disponibles en <a href=\"https:\/\/www.paseshow.com.ar\/eventos\/miranda-santiago-del-estero-25-abril-2025\" rel=\"ugc\" title=\"www.paseshow.com.ar\">www.paseshow.com.ar<\/a>.<\/p>\n\n\n\n<p><\/p>\n","protected":false},"excerpt":{"rendered":"<p>La visita ser\u00e1 el 25 de abril, en el Nodo Tecnol\u00f3gico de Santiago del Estero. <\/p>\n","protected":false},"author":2,"featured_media":72342,"comment_status":"open","ping_status":"open","sticky":false,"template":"","format":"standard","meta":{"om_disable_all_campaigns":false,"_monsterinsights_skip_tracking":false,"_monsterinsights_sitenote_active":false,"_monsterinsights_sitenote_note":"","_monsterinsights_sitenote_category":0,"_uf_show_specific_survey":0,"_uf_disable_surveys":false,"jetpack_post_was_ever_published":false,"_jetpack_newsletter_access":"","_jetpack_dont_email_post_to_subs":false,"_jetpack_newsletter_tier_id":0,"_jetpack_memberships_contains_paywalled_content":false,"_jetpack_memberships_contains_paid_content":false,"footnotes":"","jetpack_publicize_message":"","jetpack_publicize_feature_enabled":true,"jetpack_social_post_already_shared":false,"jetpack_social_options":{"image_generator_settings":{"template":"highway","enabled":false},"version":2}},"categories":[4,20],"tags":[1126],"class_list":["post-72341","post","type-post","status-publish","format-standard","has-post-thumbnail","hentry","category-destacadas","category-especysociales","tag-miranda"],"aioseo_notices":[],"views":50,"jetpack_publicize_connections":[],"jetpack_featured_media_url":"https:\/\/i0.wp.com\/elterritorialweb.com.ar\/web\/wp-content\/uploads\/2025\/01\/IMG-20250107-WA0002.jpg?fit=1600%2C1066&ssl=1","jetpack_sharing_enabled":true,"_links":{"self":[{"href":"https:\/\/elterritorialweb.com.ar\/web\/wp-json\/wp\/v2\/posts\/72341","targetHints":{"allow":["GET"]}}],"collection":[{"href":"https:\/\/elterritorialweb.com.ar\/web\/wp-json\/wp\/v2\/posts"}],"about":[{"href":"https:\/\/elterritorialweb.com.ar\/web\/wp-json\/wp\/v2\/types\/post"}],"author":[{"embeddable":true,"href":"https:\/\/elterritorialweb.com.ar\/web\/wp-json\/wp\/v2\/users\/2"}],"replies":[{"embeddable":true,"href":"https:\/\/elterritorialweb.com.ar\/web\/wp-json\/wp\/v2\/comments?post=72341"}],"version-history":[{"count":1,"href":"https:\/\/elterritorialweb.com.ar\/web\/wp-json\/wp\/v2\/posts\/72341\/revisions"}],"predecessor-version":[{"id":72344,"href":"https:\/\/elterritorialweb.com.ar\/web\/wp-json\/wp\/v2\/posts\/72341\/revisions\/72344"}],"wp:featuredmedia":[{"embeddable":true,"href":"https:\/\/elterritorialweb.com.ar\/web\/wp-json\/wp\/v2\/media\/72342"}],"wp:attachment":[{"href":"https:\/\/elterritorialweb.com.ar\/web\/wp-json\/wp\/v2\/media?parent=72341"}],"wp:term":[{"taxonomy":"category","embeddable":true,"href":"https:\/\/elterritorialweb.com.ar\/web\/wp-json\/wp\/v2\/categories?post=72341"},{"taxonomy":"post_tag","embeddable":true,"href":"https:\/\/elterritorialweb.com.ar\/web\/wp-json\/wp\/v2\/tags?post=72341"}],"curies":[{"name":"wp","href":"https:\/\/api.w.org\/{rel}","templated":true}]}}