{"id":72487,"date":"2025-01-18T14:06:06","date_gmt":"2025-01-18T14:06:06","guid":{"rendered":"http:\/\/elterritorialweb.com.ar\/web\/?p=72487"},"modified":"2025-01-18T14:14:45","modified_gmt":"2025-01-18T14:14:45","slug":"aprovecho-un-descuido-y-le-arrebato-el-celular-a-un-menor","status":"publish","type":"post","link":"https:\/\/elterritorialweb.com.ar\/web\/aprovecho-un-descuido-y-le-arrebato-el-celular-a-un-menor\/","title":{"rendered":"APROVECH\u00d3 UN DESCUIDO Y LE ARREBAT\u00d3 EL CELULAR A UN MENOR"},"content":{"rendered":"\n<p>Durante la tarde del viernes, se registr\u00f3 un robo en un\u00a0<strong>bar de la zona c\u00e9ntrica de Santiago del Estero<\/strong>. Todo comenz\u00f3 cuando un sujeto ingres\u00f3 al local para solicitar un vaso de agua, pero, aprovechando la situaci\u00f3n,\u00a0<strong>arrebat\u00f3 el tel\u00e9fono celular a un menor que se encontraba en el lugar y luego se dio a la fuga<\/strong>.<\/p>\n\n\n\n<p>El hecho qued\u00f3 registrado por las c\u00e1maras de seguridad del establecimiento, cuyas im\u00e1genes sirvieron para radicar la denuncia en el\u00a0<strong>Departamento de Robos y Hurtos de la Polic\u00eda<\/strong>. Desde all\u00ed se dio intervenci\u00f3n al fiscal de turno, el\u00a0<strong>Dr. Mart\u00edn Silva.<\/strong><\/p>\n\n\n\n<p>Las im\u00e1genes permitieron identificar a<strong> un individuo de apellido Vega<\/strong>, <strong>quien fue detenido en la v\u00eda p\u00fablica<\/strong> momentos despu\u00e9s. Al ser interceptado, el sujeto admiti\u00f3 que ya no ten\u00eda el celular, ya que lo hab\u00eda vendido por una suma \u00ednfima a una persona de apellido Rodr\u00edguez, domiciliada en el barrio Sarmiento. En ese domicilio, el aparato sustra\u00eddo, un Samsung Galaxy, fue recuperado de inmediato.<\/p>\n\n\n\n<p>Tanto el ladr\u00f3n como el comprador quedaron detenidos por disposici\u00f3n del juez de Instrucci\u00f3n y Garant\u00edas de turno, el Dr. Ra\u00fal Amesteghi.<\/p>\n","protected":false},"excerpt":{"rendered":"<p>Un joven entr\u00f3 a un bar en el centro para pedir agua y, al descuidarse los padres de un menor, le rob\u00f3 el celular.<\/p>\n","protected":false},"author":2,"featured_media":72488,"comment_status":"open","ping_status":"open","sticky":false,"template":"","format":"standard","meta":{"om_disable_all_campaigns":false,"_monsterinsights_skip_tracking":false,"_monsterinsights_sitenote_active":false,"_monsterinsights_sitenote_note":"","_monsterinsights_sitenote_category":0,"_uf_show_specific_survey":0,"_uf_disable_surveys":false,"jetpack_post_was_ever_published":false,"_jetpack_newsletter_access":"","_jetpack_dont_email_post_to_subs":false,"_jetpack_newsletter_tier_id":0,"_jetpack_memberships_contains_paywalled_content":false,"_jetpack_memberships_contains_paid_content":false,"footnotes":"","jetpack_publicize_message":"","jetpack_publicize_feature_enabled":true,"jetpack_social_post_already_shared":false,"jetpack_social_options":{"image_generator_settings":{"template":"highway","enabled":false},"version":2}},"categories":[36],"tags":[],"class_list":["post-72487","post","type-post","status-publish","format-standard","has-post-thumbnail","hentry","category-policiales"],"aioseo_notices":[],"views":14,"jetpack_publicize_connections":[],"jetpack_featured_media_url":"https:\/\/i0.wp.com\/elterritorialweb.com.ar\/web\/wp-content\/uploads\/2025\/01\/ROBO-CELULAR-e1737209146151.jpg?fit=838%2C706&ssl=1","jetpack_sharing_enabled":true,"_links":{"self":[{"href":"https:\/\/elterritorialweb.com.ar\/web\/wp-json\/wp\/v2\/posts\/72487","targetHints":{"allow":["GET"]}}],"collection":[{"href":"https:\/\/elterritorialweb.com.ar\/web\/wp-json\/wp\/v2\/posts"}],"about":[{"href":"https:\/\/elterritorialweb.com.ar\/web\/wp-json\/wp\/v2\/types\/post"}],"author":[{"embeddable":true,"href":"https:\/\/elterritorialweb.com.ar\/web\/wp-json\/wp\/v2\/users\/2"}],"replies":[{"embeddable":true,"href":"https:\/\/elterritorialweb.com.ar\/web\/wp-json\/wp\/v2\/comments?post=72487"}],"version-history":[{"count":2,"href":"https:\/\/elterritorialweb.com.ar\/web\/wp-json\/wp\/v2\/posts\/72487\/revisions"}],"predecessor-version":[{"id":72492,"href":"https:\/\/elterritorialweb.com.ar\/web\/wp-json\/wp\/v2\/posts\/72487\/revisions\/72492"}],"wp:featuredmedia":[{"embeddable":true,"href":"https:\/\/elterritorialweb.com.ar\/web\/wp-json\/wp\/v2\/media\/72488"}],"wp:attachment":[{"href":"https:\/\/elterritorialweb.com.ar\/web\/wp-json\/wp\/v2\/media?parent=72487"}],"wp:term":[{"taxonomy":"category","embeddable":true,"href":"https:\/\/elterritorialweb.com.ar\/web\/wp-json\/wp\/v2\/categories?post=72487"},{"taxonomy":"post_tag","embeddable":true,"href":"https:\/\/elterritorialweb.com.ar\/web\/wp-json\/wp\/v2\/tags?post=72487"}],"curies":[{"name":"wp","href":"https:\/\/api.w.org\/{rel}","templated":true}]}}