{"id":72493,"date":"2025-01-18T14:27:10","date_gmt":"2025-01-18T14:27:10","guid":{"rendered":"http:\/\/elterritorialweb.com.ar\/web\/?p=72493"},"modified":"2025-01-18T14:28:12","modified_gmt":"2025-01-18T14:28:12","slug":"la-corte-suprema-avanza-a-juicio-oral-por-la-denuncia-de-nisman-contra-cristina-kirchner","status":"publish","type":"post","link":"https:\/\/elterritorialweb.com.ar\/web\/la-corte-suprema-avanza-a-juicio-oral-por-la-denuncia-de-nisman-contra-cristina-kirchner\/","title":{"rendered":"LA CORTE SUPREMA AVANZA A JUICIO ORAL POR LA DENUNCIA DE NISMAN CONTRA CRISTINA KIRCHNER"},"content":{"rendered":"\n<p>Los jueces\u00a0<strong>Andr\u00e9s Basso, Javier R\u00edos y Rodrigo Gim\u00e9nez Uriburu<\/strong>\u00a0comenzar\u00e1n en febrero a fijar los pr\u00f3ximos pasos para avanzar con la orden dada en los \u00faltimos d\u00edas de 2024: hacer el juicio oral contra\u00a0<strong>Cristina Kirchner<\/strong>\u00a0por encubrimiento a los iran\u00edes acusados por el atentado a la AMIA a trav\u00e9s del<strong>\u00a0Memor\u00e1ndum con Ir\u00e1n<\/strong>, la denuncia que impuls\u00f3 el fiscal\u00a0<strong>Alberto Nisman\u00a0<\/strong>antes de morir.<\/p>\n\n\n\n<p>Los preparativos del juicio se hab\u00edan suspendido por una presentaci\u00f3n de las defensas que acept\u00f3 el tribunal oral con otra composici\u00f3n. Previamente, se hab\u00eda ordenado citar como testigos a\u00a0<strong>Ronald Noble y Joel Sollier<\/strong>, ex directivos de Interpol, en la causa del Memor\u00e1ndum con Ir\u00e1n. Pero tambi\u00e9n se hab\u00eda resuelto hacer una \u201cinstrucci\u00f3n suplementaria y aceptar a\u00a0<strong>m\u00e1s de 300 personas como testigos.<\/strong><\/p>\n\n\n\n<p>En esa lista aparec\u00edan el ex esp\u00eda<strong>\u00a0Horacio \u201cJaime\u201d Stiuso, el ex juez Rodolfo Canicoba Corral y el actual juez y candidato a procurador Daniel Rafecas, junto a legisladores que analizaron el Memor\u00e1ndum como el ex senador Miguel \u00c1ngel Pichetto y el diputado del PRO Waldo Wolff y la ex jefa de la OA Laura Alonso.<\/strong>\u00a0Tambi\u00e9n figuran ex funcionarios como<strong>\u00a0An\u00edbal Fern\u00e1ndez<\/strong>,\u00a0<strong>Julio de Vido y Ricardo Echegaray<\/strong>. O el radical\u00a0<strong>Mario Cimadevilla,<\/strong>\u00a0que estuvo al frente de la UFI-AMIA durante el gobierno de Mauricio Macri y termin\u00f3 y\u00e9ndose en medio de pol\u00e9micas por la posici\u00f3n de esa querella en el juicio del encubrimiento de AMIA.<\/p>\n\n\n\n<p>La causa se abri\u00f3 con la denuncia de Alberto Nisman en enero de 2015 cuando CFK a\u00fan era presidenta. Fue desestimada por el juez\u00a0<strong>Daniel Rafecas<\/strong>\u00a0y por los jueces de la C\u00e1mara Federal porte\u00f1a, por dos votos a uno. El entonces fiscal de la C\u00e1mara Federal Germ\u00e1n Moldes apel\u00f3, pero el fiscal de Casaci\u00f3n Javier de Luca no sostuvo el recurso por entender que no existi\u00f3 delito<strong>. La Sala I de Casaci\u00f3n, con los votos de Ana Mar\u00eda Figueroa, Gustavo Hornos y Luis Cabral, tuvo presente el desistimiento de la fiscal\u00eda en mayo de 2016.<\/strong><\/p>\n\n\n\n<p>Pero en Comodoro Py apareci\u00f3 una denuncia por traici\u00f3n a la patria para la entonces ex presidenta, el ex canciller H\u00e9ctor Timerman y los legisladores que hab\u00edan votado el Memor\u00e1ndum con Ir\u00e1n. Se present\u00f3 adem\u00e1s una prueba nueva:\u00a0<strong>la grabaci\u00f3n de una llamada\u00a0entre Timerman y el ex titular de la AMIA, Guillermo Borger<\/strong>, en la que ambos se refer\u00edan a la supuesta responsabilidad de Ir\u00e1n en el atentado y el\u00a0<strong>hecho de que el famoso Memor\u00e1ndum de Entendimiento fuera declarado inconstitucional<\/strong>.<\/p>\n\n\n\n<p>Tras idas y vueltas, el caso recay\u00f3 en el juzgado de Claudio Bonadio, que el 7 de diciembre de 2017\u00a0<strong>proces\u00f3 y orden\u00f3 la detenci\u00f3n de Cristina Kirchner, el ex canciller H\u00e9ctor Timerman, el ex secretario legal y t\u00e9cnico Carlos Zannini -que no figuraba entre los denunciados por Nisman-, el piquetero Luis D\u2019El\u00eda, el ex jefe de Quebracho Fernando Esteche y el lobbista iran\u00ed Jorge Khalil. Cristina Kirchner no fue presa: acababa de ser electa senadora.<\/strong><\/p>\n\n\n\n<p>Sin prisi\u00f3n preventiva, fueron procesados el ex secretario general de la Presidencia Oscar Parrilli, hoy senador; la ex procuradora del Tesoro Angelina Abbona; el ex funcionario del Ministerio de Justicia Juan Mart\u00edn Mena, que hoy es ministro de esa \u00e1rea en PBA; Andr\u00e9s Larroque, a cargo de Desarrollo Social en la provincia de Buenos Aires; el ex vicecanciller Eduardo Zuain, y el ex agente de inteligencia Alan Bogado.<strong>\u00a0A todos los acus\u00f3 de encubrimiento y traici\u00f3n a la Patria<\/strong>. A Timerman se le concedi\u00f3 la prisi\u00f3n domiciliaria por su estado de salud.<\/p>\n\n\n\n<p>La C\u00e1mara Federal confirm\u00f3 los procesamientos (sin la figura de traici\u00f3n a la Patria) y las detenciones ese mismo diciembre de 2017. En enero, el entonces juez Sergio Torres le concedi\u00f3 la libertad a Timerman para que pudiera viajar al exterior a tratarse. El caso pas\u00f3 r\u00e1pidamente a un tribunal oral.&nbsp;<strong>El 24 de marzo de 2018, fueron liberados Zannini, D\u2019El\u00eda y Khalil por orden del TOF y con aval de la fiscal\u00eda porque no hab\u00eda riesgos de fuga ni entorpecimiento.<\/strong><\/p>\n\n\n\n<p>\u201c<strong>Esta acusaci\u00f3n es un disparate judicial, institucional y pol\u00edtico\u201d<\/strong>, sostuvo Cristina Kirchner ante los jueces del Tribunal Oral, cuando el juicio no se hab\u00eda iniciado, y apunt\u00f3 contra los jueces de Casaci\u00f3n que hab\u00edan entendido en la causa por sus v\u00ednculos con el macrismo.<\/p>\n\n\n\n<p>En octubre del 2021, el Tribunal Oral Federal 8, con la firma de los jueces&nbsp;<strong>Gabriela L\u00f3pez I\u00f1iguez, Jos\u00e9 Michilini y Daniel Obligado,<\/strong>&nbsp;dict\u00f3 el sobreseimiento de Cristina Kirchner y el resto de los implicados.&nbsp;<strong>Afirm\u00f3 que el Pacto con Ir\u00e1n fue una pol\u00edtica no judiciable.&nbsp;<\/strong>La DAIA y los familiares de las v\u00edctimas apelaron. En septiembre del 2023, los jueces de Casaci\u00f3n Daniel Petrone y Diego Barroetave\u00f1a ordenaron avanzar con el juicio oral. Eso fue apelado por Cristina Kirchner y el resto de los acusados.&nbsp;<strong>Y es a lo que el 5 de diciembre le dijo que no la Corte Suprema.<\/strong><\/p>\n\n\n\n<p>El fallo fue firmado por los jueces&nbsp;<strong>Horacio Rosatti, Juan Carlos Maqueda&nbsp;<\/strong>(en un voto conjunto)<strong>, Carlos Rosenkrantz y Ricardo Lorenzetti<\/strong>. Ninguno se meti\u00f3 en el fondo de la cuesti\u00f3n, ni se puso a valorar las pruebas del expediente. Lo que el m\u00e1ximo tribunal hizo fue&nbsp;<strong>descartar la existencia de arbitrariedad o gravedad institucional en la decisi\u00f3n tomada por Casaci\u00f3n cuando dispuso que el caso deb\u00eda ventilarse en un debate oral y p\u00fablico.<\/strong><\/p>\n","protected":false},"excerpt":{"rendered":"<p>El expediente se hab\u00eda suspendido por un planteo de las defensas. Ahora se har\u00eda una instrucci\u00f3n suplementaria. Ya se hab\u00edan aceptado unos 300 testigos<\/p>\n","protected":false},"author":2,"featured_media":72494,"comment_status":"open","ping_status":"open","sticky":false,"template":"","format":"standard","meta":{"om_disable_all_campaigns":false,"_monsterinsights_skip_tracking":false,"_monsterinsights_sitenote_active":false,"_monsterinsights_sitenote_note":"","_monsterinsights_sitenote_category":0,"_uf_show_specific_survey":0,"_uf_disable_surveys":false,"jetpack_post_was_ever_published":false,"_jetpack_newsletter_access":"","_jetpack_dont_email_post_to_subs":false,"_jetpack_newsletter_tier_id":0,"_jetpack_memberships_contains_paywalled_content":false,"_jetpack_memberships_contains_paid_content":false,"footnotes":"","jetpack_publicize_message":"","jetpack_publicize_feature_enabled":true,"jetpack_social_post_already_shared":false,"jetpack_social_options":{"image_generator_settings":{"template":"highway","enabled":false},"version":2}},"categories":[4,7],"tags":[1137,85],"class_list":["post-72493","post","type-post","status-publish","format-standard","has-post-thumbnail","hentry","category-destacadas","category-nacionales","tag-alberto-nisman","tag-cristina-kirchner"],"aioseo_notices":[],"views":12,"jetpack_publicize_connections":[],"jetpack_featured_media_url":"https:\/\/i0.wp.com\/elterritorialweb.com.ar\/web\/wp-content\/uploads\/2025\/01\/NISMAN-CRISTINA.webp?fit=610%2C407&ssl=1","jetpack_sharing_enabled":true,"_links":{"self":[{"href":"https:\/\/elterritorialweb.com.ar\/web\/wp-json\/wp\/v2\/posts\/72493","targetHints":{"allow":["GET"]}}],"collection":[{"href":"https:\/\/elterritorialweb.com.ar\/web\/wp-json\/wp\/v2\/posts"}],"about":[{"href":"https:\/\/elterritorialweb.com.ar\/web\/wp-json\/wp\/v2\/types\/post"}],"author":[{"embeddable":true,"href":"https:\/\/elterritorialweb.com.ar\/web\/wp-json\/wp\/v2\/users\/2"}],"replies":[{"embeddable":true,"href":"https:\/\/elterritorialweb.com.ar\/web\/wp-json\/wp\/v2\/comments?post=72493"}],"version-history":[{"count":2,"href":"https:\/\/elterritorialweb.com.ar\/web\/wp-json\/wp\/v2\/posts\/72493\/revisions"}],"predecessor-version":[{"id":72496,"href":"https:\/\/elterritorialweb.com.ar\/web\/wp-json\/wp\/v2\/posts\/72493\/revisions\/72496"}],"wp:featuredmedia":[{"embeddable":true,"href":"https:\/\/elterritorialweb.com.ar\/web\/wp-json\/wp\/v2\/media\/72494"}],"wp:attachment":[{"href":"https:\/\/elterritorialweb.com.ar\/web\/wp-json\/wp\/v2\/media?parent=72493"}],"wp:term":[{"taxonomy":"category","embeddable":true,"href":"https:\/\/elterritorialweb.com.ar\/web\/wp-json\/wp\/v2\/categories?post=72493"},{"taxonomy":"post_tag","embeddable":true,"href":"https:\/\/elterritorialweb.com.ar\/web\/wp-json\/wp\/v2\/tags?post=72493"}],"curies":[{"name":"wp","href":"https:\/\/api.w.org\/{rel}","templated":true}]}}