{"id":72497,"date":"2025-01-18T14:51:02","date_gmt":"2025-01-18T14:51:02","guid":{"rendered":"http:\/\/elterritorialweb.com.ar\/web\/?p=72497"},"modified":"2025-01-18T14:51:30","modified_gmt":"2025-01-18T14:51:30","slug":"milei-llego-a-estados-unidos-para-participar-de-la-asuncion-de-donald-trump","status":"publish","type":"post","link":"https:\/\/elterritorialweb.com.ar\/web\/milei-llego-a-estados-unidos-para-participar-de-la-asuncion-de-donald-trump\/","title":{"rendered":"MILEI LLEG\u00d3 A ESTADOS UNIDOS PARA PARTICIPAR DE LA ASUNCI\u00d3N DE DONALD TRUMP"},"content":{"rendered":"\n<p><strong>Javier Milei\u00a0<\/strong>aterriz\u00f3 en DC pasadas las 8.54 AM (dos horas m\u00e1s en Argentina) para participar de la ceremonia de asunci\u00f3n de\u00a0<strong>Donald Trump\u00a0<\/strong>y avanzar con\u00a0<strong>Kristalina Georgieva<\/strong>\u00a0en la negociaci\u00f3n de un nuevo acuerdo con el Fondo Monetario Internacional (FMI).<\/p>\n\n\n\n<p><strong>Ambos acontecimientos pol\u00edticos est\u00e1n conectados entre s\u00ed<\/strong>: Trump considera a Milei\u00a0<strong>un aliado estrat\u00e9gico<\/strong>\u00a0y esa caracterizaci\u00f3n geopol\u00edtica le servir\u00e1 al presidente argentino para\u00a0<strong>apalancar sus necesidades financieras<\/strong>\u00a0cuando se encuentre con la directora gerente del FMI.<\/p>\n\n\n\n<p>El jefe de Estado viaj\u00f3 junto a una comitiva oficial acotada:\u00a0<strong>Karina Milei\u00a0<\/strong>-secretaria General de la Presidencia-, y el ministro de Econom\u00eda.<strong>\u00a0Luis Caputo<\/strong>. En tanto, el canciller Gerardo Werthein los espera en el hotel en el que se alojar\u00e1n en Georgetown,\u00a0<em>un barrio apacible<\/em>\u00a0y con glamour universitario.<\/p>\n\n\n\n<p>Antes de partir, el mandatario subi\u00f3 una foto a su cuenta de Instagram junto a Caputo: \u201cCamino a EEUU con el mejor Ministro de Econom\u00eda de la historia argentina y actualmente del mundo&#8230;!!! VIVA LA LIBERTAD CARAJO\u201d, escribi\u00f3.<\/p>\n\n\n\n<figure class=\"wp-block-image size-large\"><a href=\"https:\/\/i0.wp.com\/elterritorialweb.com.ar\/web\/wp-content\/uploads\/2025\/01\/image-7.png\"><img data-recalc-dims=\"1\" decoding=\"async\" width=\"640\" height=\"853\" data-src=\"https:\/\/i0.wp.com\/elterritorialweb.com.ar\/web\/wp-content\/uploads\/2025\/01\/image-7.png?resize=640%2C853\" alt=\"\" class=\"wp-image-72499 lazyload\" data-srcset=\"https:\/\/i0.wp.com\/elterritorialweb.com.ar\/web\/wp-content\/uploads\/2025\/01\/image-7.png?resize=768%2C1024&amp;ssl=1 768w, https:\/\/i0.wp.com\/elterritorialweb.com.ar\/web\/wp-content\/uploads\/2025\/01\/image-7.png?resize=225%2C300&amp;ssl=1 225w, https:\/\/i0.wp.com\/elterritorialweb.com.ar\/web\/wp-content\/uploads\/2025\/01\/image-7.png?w=992&amp;ssl=1 992w\" data-sizes=\"(max-width: 640px) 100vw, 640px\" src=\"data:image\/svg+xml;base64,PHN2ZyB3aWR0aD0iMSIgaGVpZ2h0PSIxIiB4bWxucz0iaHR0cDovL3d3dy53My5vcmcvMjAwMC9zdmciPjwvc3ZnPg==\" style=\"--smush-placeholder-width: 640px; --smush-placeholder-aspect-ratio: 640\/853;\" \/><\/a><\/figure>\n\n\n\n<p>En la tarde del s\u00e1bado, el presidente\u00a0<strong>ser\u00e1 premiado<\/strong>\u00a0en la Gala Inaugural Hisp\u00e1nica, donde recibir\u00e1 el\u00a0<strong>\u201cLWS Award 2025-Titan of Economic Reform\u201d.<\/strong>\u00a0All\u00ed se encontrar\u00e1 con\u00a0<strong>Marco Rubio<\/strong>, futuro secretario de Estado, quien ser\u00e1\u00a0<strong>una pieza clave\u00a0<\/strong>en la administraci\u00f3n republicana.<\/p>\n\n\n\n<p>Milei y Rubio ya se reunieron en la Casa Rosada y\u00a0<strong>la sinton\u00eda pol\u00edtica fue perfecta<\/strong>: los dos\u00a0<strong>piensan id\u00e9ntico\u00a0<\/strong>sobre Venezuela, Israel, China, Rusia y Ucrania. Cuando se iba de Balcarce 50, Milei le\u00a0<strong>autografi\u00f3<\/strong>\u00a0a Rubiouna taza decorada con un le\u00f3n amarillo.<\/p>\n\n\n\n<figure class=\"wp-block-image size-large\"><a href=\"https:\/\/i0.wp.com\/elterritorialweb.com.ar\/web\/wp-content\/uploads\/2025\/01\/image-6.png\"><img data-recalc-dims=\"1\" decoding=\"async\" width=\"640\" height=\"853\" data-src=\"https:\/\/i0.wp.com\/elterritorialweb.com.ar\/web\/wp-content\/uploads\/2025\/01\/image-6.png?resize=640%2C853\" alt=\"\" class=\"wp-image-72498 lazyload\" data-srcset=\"https:\/\/i0.wp.com\/elterritorialweb.com.ar\/web\/wp-content\/uploads\/2025\/01\/image-6.png?resize=768%2C1024&amp;ssl=1 768w, https:\/\/i0.wp.com\/elterritorialweb.com.ar\/web\/wp-content\/uploads\/2025\/01\/image-6.png?resize=225%2C300&amp;ssl=1 225w, https:\/\/i0.wp.com\/elterritorialweb.com.ar\/web\/wp-content\/uploads\/2025\/01\/image-6.png?w=992&amp;ssl=1 992w\" data-sizes=\"(max-width: 640px) 100vw, 640px\" src=\"data:image\/svg+xml;base64,PHN2ZyB3aWR0aD0iMSIgaGVpZ2h0PSIxIiB4bWxucz0iaHR0cDovL3d3dy53My5vcmcvMjAwMC9zdmciPjwvc3ZnPg==\" style=\"--smush-placeholder-width: 640px; --smush-placeholder-aspect-ratio: 640\/853;\" \/><\/a><\/figure>\n\n\n\n<p>En mayo de 2024, el presidente viaj\u00f3 a Los \u00c1ngelespara describir sus ideas pol\u00edticas y econ\u00f3micas en&nbsp;<strong>la Conferencia Global del Instituto Milken<\/strong>, un foro anual que re\u00fane a inversores, banqueros y CEO\u00b4s de compa\u00f1\u00edas de Estados Unidos y Medio Oriente, integrantes de la administraci\u00f3n Biden, ex funcionarios del primer gobierno de Donald Trump, y acad\u00e9micos de prestigiosas universidades como Harvard, Hopkins y Columbia.<\/p>\n\n\n\n<p>En ese escenario, Milei pronunci\u00f3 un discurso que impact\u00f3 a la audiencia. \u201cEstoy convencido, sin la m\u00e1s m\u00ednima duda, que&nbsp;<strong>Argentina tiene todas las condiciones para ser la nueva Meca de Occidente\u201d,&nbsp;<\/strong>dijo como orador principal del c\u00f3nclave.<\/p>\n\n\n\n<p>Y a\u00f1adi\u00f3: \u201cAy\u00fadenme ustedes, que son el progreso humano encarnado,&nbsp;<strong>a hacer de la Argentina la nueva Roma del Siglo XXI.&nbsp;<\/strong>A hacer de la Argentina una tierra de oportunidades para todos aquellos que est\u00e9n dispuestos a habitar nuestro suelo\u201d.<\/p>\n\n\n\n<p>El instituto Milken tiene una sede en Washington, y Milei fue invitado para una presentaci\u00f3n<strong>&nbsp;este domingo al mediod\u00eda<\/strong>. Si en mayo, cuando la inflaci\u00f3n no hab\u00eda cedido, el presidente&nbsp;<strong>hab\u00eda captado la atenci\u00f3n de los invitados de Milken,&nbsp;<\/strong>ahora&nbsp;<strong>el inter\u00e9s por escucharlo se multiplic\u00f3&nbsp;<\/strong>a la en\u00e9sima potencia frente a las cifras que exhibe el programa de ajuste econ\u00f3mico.<\/p>\n\n\n\n<p>Cuando termine la cita en el Instituto Milken,&nbsp;<strong>Milei se encontrar\u00e1 con Kristalina Georgieva<\/strong>. El presidente y la directora gerente se conocieron hace un a\u00f1o en Davos, y&nbsp;<strong>hay empat\u00eda mutua.<\/strong>&nbsp;Argentina pretende un&nbsp;<strong>nuevo acuerdo<\/strong>&nbsp;con el FMI que implique un desembolso extra no menor a&nbsp;<strong>los 11.000 millones de d\u00f3lares<\/strong>, y todo se encarrila para que la administraci\u00f3n Milei obtenga esas partidas destinadas a fortalecer las reservas del Banco Central y abrir el cepo financiero.<\/p>\n\n\n\n<p>A las 20.00, Milei y su comitiva participar\u00e1n de la Gala 1775, adonde el presidente recibir\u00e1 el premio&nbsp;<strong>\u201c2025 Champion of Economic Freedom\u201d.<\/strong>&nbsp;A\u00fan no est\u00e1 confirmado, pero es probable que en este evento exclusivo se encuentre con&nbsp;<strong>Elon Musk,<\/strong>&nbsp;quien es el principal asesor de Trump y comparte la ideolog\u00eda pol\u00edtica y econ\u00f3mica del jefe de Estado.<\/p>\n\n\n\n<p>Antes de regresar al hotel en Georgetown, Milei concurrir\u00e1 a la Gala Latina organizada por&nbsp;<em>la&nbsp;<\/em><strong>Asamblea Nacional Hispana Republicana y el America First Policy Institute<\/strong>. Se espera un discurso del presidente vinculado a&nbsp;<strong>la libertad y el desarrollo econ\u00f3mico.<\/strong><\/p>\n\n\n\n<p>El lunes 20 de enero,&nbsp;<strong>Milei asistir\u00e1 a la jura de Trump&nbsp;<\/strong>como presidente de los Estados Unidos. Se hab\u00edan previsto ubicaciones especiales para los jefes de Estado, pero ahora&nbsp;<strong>existe cierto desconcierto&nbsp;<\/strong>ante la decisi\u00f3n de Trump de mover la ceremonia oficial desde la explanada del Capitolio a su rotonda.&nbsp;<strong>Se esperan 15 grados bajo cero,<\/strong>&nbsp;y el l\u00edder republicano orden\u00f3 un cambio de escenario para evitar que el fr\u00edo arruine la celebraci\u00f3n democr\u00e1tica.<\/p>\n\n\n\n<p>Un d\u00eda m\u00e1s tarde, por la noche,<strong>&nbsp;Milei y su comitiva volar\u00e1n desde DC al Foro de Davos.<\/strong><\/p>\n","protected":false},"excerpt":{"rendered":"<p>El presidente aterriz\u00f3 a las 8:54 hora local en la base Andrews. Adem\u00e1s se encontrar\u00e1 con Marco Rubio -futuro secretario de Estado-, visitar\u00e1 el Instituto Milken y recibir\u00e1 un premio de la comunidad latina por su programa de ajuste econ\u00f3mico.<\/p>\n","protected":false},"author":2,"featured_media":72500,"comment_status":"open","ping_status":"open","sticky":false,"template":"","format":"standard","meta":{"om_disable_all_campaigns":false,"_monsterinsights_skip_tracking":false,"_monsterinsights_sitenote_active":false,"_monsterinsights_sitenote_note":"","_monsterinsights_sitenote_category":0,"_uf_show_specific_survey":0,"_uf_disable_surveys":false,"jetpack_post_was_ever_published":false,"_jetpack_newsletter_access":"","_jetpack_dont_email_post_to_subs":false,"_jetpack_newsletter_tier_id":0,"_jetpack_memberships_contains_paywalled_content":false,"_jetpack_memberships_contains_paid_content":false,"footnotes":"","jetpack_publicize_message":"","jetpack_publicize_feature_enabled":true,"jetpack_social_post_already_shared":false,"jetpack_social_options":{"image_generator_settings":{"template":"highway","enabled":false},"version":2}},"categories":[4,7],"tags":[926,92],"class_list":["post-72497","post","type-post","status-publish","format-standard","has-post-thumbnail","hentry","category-destacadas","category-nacionales","tag-donald-trump","tag-javier-milei"],"aioseo_notices":[],"views":8,"jetpack_publicize_connections":[],"jetpack_featured_media_url":"https:\/\/i0.wp.com\/elterritorialweb.com.ar\/web\/wp-content\/uploads\/2025\/01\/image-8.png?fit=992%2C558&ssl=1","jetpack_sharing_enabled":true,"_links":{"self":[{"href":"https:\/\/elterritorialweb.com.ar\/web\/wp-json\/wp\/v2\/posts\/72497","targetHints":{"allow":["GET"]}}],"collection":[{"href":"https:\/\/elterritorialweb.com.ar\/web\/wp-json\/wp\/v2\/posts"}],"about":[{"href":"https:\/\/elterritorialweb.com.ar\/web\/wp-json\/wp\/v2\/types\/post"}],"author":[{"embeddable":true,"href":"https:\/\/elterritorialweb.com.ar\/web\/wp-json\/wp\/v2\/users\/2"}],"replies":[{"embeddable":true,"href":"https:\/\/elterritorialweb.com.ar\/web\/wp-json\/wp\/v2\/comments?post=72497"}],"version-history":[{"count":2,"href":"https:\/\/elterritorialweb.com.ar\/web\/wp-json\/wp\/v2\/posts\/72497\/revisions"}],"predecessor-version":[{"id":72502,"href":"https:\/\/elterritorialweb.com.ar\/web\/wp-json\/wp\/v2\/posts\/72497\/revisions\/72502"}],"wp:featuredmedia":[{"embeddable":true,"href":"https:\/\/elterritorialweb.com.ar\/web\/wp-json\/wp\/v2\/media\/72500"}],"wp:attachment":[{"href":"https:\/\/elterritorialweb.com.ar\/web\/wp-json\/wp\/v2\/media?parent=72497"}],"wp:term":[{"taxonomy":"category","embeddable":true,"href":"https:\/\/elterritorialweb.com.ar\/web\/wp-json\/wp\/v2\/categories?post=72497"},{"taxonomy":"post_tag","embeddable":true,"href":"https:\/\/elterritorialweb.com.ar\/web\/wp-json\/wp\/v2\/tags?post=72497"}],"curies":[{"name":"wp","href":"https:\/\/api.w.org\/{rel}","templated":true}]}}