{"id":72503,"date":"2025-01-19T00:06:21","date_gmt":"2025-01-19T00:06:21","guid":{"rendered":"http:\/\/elterritorialweb.com.ar\/web\/?p=72503"},"modified":"2025-01-19T00:07:03","modified_gmt":"2025-01-19T00:07:03","slug":"guemes-le-gano-a-la-reserva-de-central-cordoba","status":"publish","type":"post","link":"https:\/\/elterritorialweb.com.ar\/web\/guemes-le-gano-a-la-reserva-de-central-cordoba\/","title":{"rendered":"G\u00dcEMES LE GAN\u00d3 A LA RESERVA DE CENTRAL C\u00d3RDOBA"},"content":{"rendered":"\n<p><strong>G\u00fcemes<\/strong>\u00a0sum\u00f3 minutos de rodaje al enfrentar a la Reserva de\u00a0<strong>Central C\u00f3rdoba<\/strong>\u00a0en un amistoso disputado en el estadio Arturo Gelasio Miranda que se dividi\u00f3 en dos encuentros, ambos divididos en dos tiempos de 30 minutos cada uno.<\/p>\n\n\n\n<p>En el primer encuentro, que termin\u00f3 igualado 0-0,&nbsp;<strong>Marcelo V\u00e1zquez<\/strong>&nbsp;aline\u00f3 a G\u00fcemes con&nbsp;<strong>Nahuel Pezzini; Mariano Bettini, Walter Ju\u00e1rez, Brian Machuca, Lucas Galv\u00e1n; Tomas Rojas, Mat\u00edas Fissore, Gonzalo Papa, Patricio P\u00e9rez; Hern\u00e1n Brylko y Pablo Palacios Alvarenga<\/strong>. Luego ingres\u00f3&nbsp;<strong>Ignacio Salvatierra<\/strong>&nbsp;por Galv\u00e1n.<\/p>\n\n\n\n<p>Por su parte,<strong>\u00a0Juan Carlos \u201cPollo\u201d Rold\u00e1n<\/strong>\u00a0form\u00f3 a Central C\u00f3rdoba con\u00a0<strong>Nicol\u00e1s Gonz\u00e1lez; Tom\u00e1s Gim\u00e9nez, Maximiliano Lucena, Agust\u00edn Storniolo, Luciano Posadas; Santiago Noguera; Agust\u00edn Romero, Bernardo Abruzzese, Lautaro Cano, Nadir S\u00e1nchez; Tom\u00e1s Iturre<\/strong>. Luego ingresaron\u00a0<strong>Ignacio Copetti<\/strong>\u00a0por S\u00e1nchez,\u00a0<strong>Lautaro Paz<\/strong>\u00a0por Romero,\u00a0<strong>Nahuel Reyes<\/strong>\u00a0por Iturre y\u00a0<strong>Juan Pablo Vera<\/strong>\u00a0por Abruzzese.En tanto, el segundo encuentro termin\u00f3 con victoria del Gaucho por 2-0 con un doblete de&nbsp;<strong>Mart\u00edn \u00c1lvarez<\/strong>, a los 4 minutos del primer tiempo y a los 25 del complemento.<\/p>\n\n\n\n<figure class=\"wp-block-image size-large\"><a href=\"https:\/\/i0.wp.com\/elterritorialweb.com.ar\/web\/wp-content\/uploads\/2025\/01\/GUEMES-CENTRAL-1.jpg\"><img data-recalc-dims=\"1\" decoding=\"async\" width=\"640\" height=\"479\" data-src=\"https:\/\/i0.wp.com\/elterritorialweb.com.ar\/web\/wp-content\/uploads\/2025\/01\/GUEMES-CENTRAL-1.jpg?resize=640%2C479\" alt=\"\" class=\"wp-image-72505 lazyload\" data-srcset=\"https:\/\/i0.wp.com\/elterritorialweb.com.ar\/web\/wp-content\/uploads\/2025\/01\/GUEMES-CENTRAL-1.jpg?resize=1024%2C767&amp;ssl=1 1024w, https:\/\/i0.wp.com\/elterritorialweb.com.ar\/web\/wp-content\/uploads\/2025\/01\/GUEMES-CENTRAL-1.jpg?resize=300%2C225&amp;ssl=1 300w, https:\/\/i0.wp.com\/elterritorialweb.com.ar\/web\/wp-content\/uploads\/2025\/01\/GUEMES-CENTRAL-1.jpg?resize=768%2C575&amp;ssl=1 768w, https:\/\/i0.wp.com\/elterritorialweb.com.ar\/web\/wp-content\/uploads\/2025\/01\/GUEMES-CENTRAL-1.jpg?w=1517&amp;ssl=1 1517w, https:\/\/i0.wp.com\/elterritorialweb.com.ar\/web\/wp-content\/uploads\/2025\/01\/GUEMES-CENTRAL-1.jpg?w=1280 1280w\" data-sizes=\"(max-width: 640px) 100vw, 640px\" src=\"data:image\/svg+xml;base64,PHN2ZyB3aWR0aD0iMSIgaGVpZ2h0PSIxIiB4bWxucz0iaHR0cDovL3d3dy53My5vcmcvMjAwMC9zdmciPjwvc3ZnPg==\" style=\"--smush-placeholder-width: 640px; --smush-placeholder-aspect-ratio: 640\/479;\" \/><\/a><\/figure>\n\n\n\n<p>En ese encuentro, G\u00fcemes form\u00f3 con&nbsp;<strong>Juan Bobba; Milton Gerez, Mat\u00edas Escudero, Nicolas Monserrat, Fernando Gonz\u00e1lez; Lucas Chiozza, Emiliano Griffa, Tomas Federico, David V\u00e9liz; Mart\u00edn \u00c1lvarez y Tomas Mart\u00ednez<\/strong>. Luego ingresaron&nbsp;<strong>Ignacio Salvatierra<\/strong>&nbsp;por Gonz\u00e1lez,&nbsp;<strong>Lucas Galv\u00e1n<\/strong>&nbsp;por Escudero y&nbsp;<strong>Facundo Bravo<\/strong>&nbsp;por Federico.<\/p>\n\n\n\n<p>Mientras, que el Ferroviario se par\u00f3 con&nbsp;<strong>Bautista Cejas; Rufino Gonz\u00e1lez, Joaqu\u00edn Moreno, S\u00e1nchez, Martiniano Bracamonte; Mat\u00edas Dalale; Mat\u00edas Raparaz, Tiziano Ram\u00edrez, Branco Castelli, Nicol\u00e1s Z\u00e1rate; Ignacio Santill\u00e1n<\/strong>. Despu\u00e9s entraron Fabricio Zanini por Bracamonte,&nbsp;<strong>Francisco Nazer<\/strong>&nbsp;por Gonz\u00e1lez,&nbsp;<strong>Walter Reinoso<\/strong>&nbsp;por Raparaz,&nbsp;<strong>Federico Rodr\u00edguez<\/strong>&nbsp;por Ram\u00edrez,&nbsp;<strong>Mateo Sabalza<\/strong>&nbsp;por S\u00e1nchez y&nbsp;<strong>Germ\u00e1n Su\u00e1rez<\/strong>&nbsp;por Castelli.<\/p>\n","protected":false},"excerpt":{"rendered":"<p>En el primer encuentro empataron 0-0 y en el segundo, el Gaucho gan\u00f3 2-0.<\/p>\n","protected":false},"author":2,"featured_media":72504,"comment_status":"open","ping_status":"open","sticky":false,"template":"","format":"standard","meta":{"om_disable_all_campaigns":false,"_monsterinsights_skip_tracking":false,"_monsterinsights_sitenote_active":false,"_monsterinsights_sitenote_note":"","_monsterinsights_sitenote_category":0,"_uf_show_specific_survey":0,"_uf_disable_surveys":false,"jetpack_post_was_ever_published":false,"_jetpack_newsletter_access":"","_jetpack_dont_email_post_to_subs":false,"_jetpack_newsletter_tier_id":0,"_jetpack_memberships_contains_paywalled_content":false,"_jetpack_memberships_contains_paid_content":false,"footnotes":"","jetpack_publicize_message":"","jetpack_publicize_feature_enabled":true,"jetpack_social_post_already_shared":false,"jetpack_social_options":{"image_generator_settings":{"template":"highway","enabled":false},"version":2}},"categories":[6],"tags":[69,712],"class_list":["post-72503","post","type-post","status-publish","format-standard","has-post-thumbnail","hentry","category-deportes","tag-central-cordoba","tag-club-atetico-guemes"],"aioseo_notices":[],"views":14,"jetpack_publicize_connections":[],"jetpack_featured_media_url":"https:\/\/i0.wp.com\/elterritorialweb.com.ar\/web\/wp-content\/uploads\/2025\/01\/GUEMES-CENTRAL.jpg?fit=1600%2C1156&ssl=1","jetpack_sharing_enabled":true,"_links":{"self":[{"href":"https:\/\/elterritorialweb.com.ar\/web\/wp-json\/wp\/v2\/posts\/72503","targetHints":{"allow":["GET"]}}],"collection":[{"href":"https:\/\/elterritorialweb.com.ar\/web\/wp-json\/wp\/v2\/posts"}],"about":[{"href":"https:\/\/elterritorialweb.com.ar\/web\/wp-json\/wp\/v2\/types\/post"}],"author":[{"embeddable":true,"href":"https:\/\/elterritorialweb.com.ar\/web\/wp-json\/wp\/v2\/users\/2"}],"replies":[{"embeddable":true,"href":"https:\/\/elterritorialweb.com.ar\/web\/wp-json\/wp\/v2\/comments?post=72503"}],"version-history":[{"count":2,"href":"https:\/\/elterritorialweb.com.ar\/web\/wp-json\/wp\/v2\/posts\/72503\/revisions"}],"predecessor-version":[{"id":72507,"href":"https:\/\/elterritorialweb.com.ar\/web\/wp-json\/wp\/v2\/posts\/72503\/revisions\/72507"}],"wp:featuredmedia":[{"embeddable":true,"href":"https:\/\/elterritorialweb.com.ar\/web\/wp-json\/wp\/v2\/media\/72504"}],"wp:attachment":[{"href":"https:\/\/elterritorialweb.com.ar\/web\/wp-json\/wp\/v2\/media?parent=72503"}],"wp:term":[{"taxonomy":"category","embeddable":true,"href":"https:\/\/elterritorialweb.com.ar\/web\/wp-json\/wp\/v2\/categories?post=72503"},{"taxonomy":"post_tag","embeddable":true,"href":"https:\/\/elterritorialweb.com.ar\/web\/wp-json\/wp\/v2\/tags?post=72503"}],"curies":[{"name":"wp","href":"https:\/\/api.w.org\/{rel}","templated":true}]}}