{"id":72508,"date":"2025-01-19T00:14:57","date_gmt":"2025-01-19T00:14:57","guid":{"rendered":"http:\/\/elterritorialweb.com.ar\/web\/?p=72508"},"modified":"2025-01-19T00:15:43","modified_gmt":"2025-01-19T00:15:43","slug":"en-su-primer-amistoso-mitre-empato-con-la-reserva-de-atletico-tucuman","status":"publish","type":"post","link":"https:\/\/elterritorialweb.com.ar\/web\/en-su-primer-amistoso-mitre-empato-con-la-reserva-de-atletico-tucuman\/","title":{"rendered":"EN SU PRIMER AMISTOSO, MITRE EMPAT\u00d3 CON LA RESERVA DE ATL\u00c9TICO TUCUM\u00c1N"},"content":{"rendered":"\n<p><strong>Mitre<\/strong> inici\u00f3 su preparaci\u00f3n para la temporada 2025 con un <strong>amistoso<\/strong> el s\u00e1bado por la ma\u00f1ana en el <strong>estadio Drs. Jos\u00e9 y Antonio Castiglione<\/strong>, enfrentando a la reserva de<strong> Atl\u00e9tico Tucum\u00e1n<\/strong> en dos partidos de 35 minutos, que <strong>terminaron 2 a 2<\/strong>.<\/p>\n\n\n\n<p>En el primer partido, los goles del Aurinegro fueron obra de&nbsp;<strong>Mat\u00edas Kabal\u00edn<\/strong>&nbsp;y&nbsp;<strong>Lucas R\u00edos<\/strong>. El entrenador&nbsp;<strong>Mario Sciacqua<\/strong>&nbsp;present\u00f3 un once inicial compuesto por&nbsp;<strong>Luciano Jachfe; Facundo Wiechniak, Mat\u00edas Godoy y Facundo Melill\u00e1n; Cristian D\u00edaz, Juan Alesandroni, Mat\u00edas Kabal\u00edn, Gonzalo Valdivia; Santiago Rosales, Rodrigo Gonz\u00e1lez y Lucas R\u00edos<\/strong>. &nbsp;<\/p>\n\n\n\n<figure class=\"wp-block-image size-large\"><a href=\"https:\/\/i0.wp.com\/elterritorialweb.com.ar\/web\/wp-content\/uploads\/2025\/01\/MITRE-ATLETICO.jpg\"><img data-recalc-dims=\"1\" decoding=\"async\" width=\"640\" height=\"427\" data-src=\"https:\/\/i0.wp.com\/elterritorialweb.com.ar\/web\/wp-content\/uploads\/2025\/01\/MITRE-ATLETICO.jpg?resize=640%2C427\" alt=\"\" class=\"wp-image-72509 lazyload\" data-srcset=\"https:\/\/i0.wp.com\/elterritorialweb.com.ar\/web\/wp-content\/uploads\/2025\/01\/MITRE-ATLETICO.jpg?resize=1024%2C683&amp;ssl=1 1024w, https:\/\/i0.wp.com\/elterritorialweb.com.ar\/web\/wp-content\/uploads\/2025\/01\/MITRE-ATLETICO.jpg?resize=300%2C200&amp;ssl=1 300w, https:\/\/i0.wp.com\/elterritorialweb.com.ar\/web\/wp-content\/uploads\/2025\/01\/MITRE-ATLETICO.jpg?resize=768%2C512&amp;ssl=1 768w, https:\/\/i0.wp.com\/elterritorialweb.com.ar\/web\/wp-content\/uploads\/2025\/01\/MITRE-ATLETICO.jpg?w=1040&amp;ssl=1 1040w\" data-sizes=\"(max-width: 640px) 100vw, 640px\" src=\"data:image\/svg+xml;base64,PHN2ZyB3aWR0aD0iMSIgaGVpZ2h0PSIxIiB4bWxucz0iaHR0cDovL3d3dy53My5vcmcvMjAwMC9zdmciPjwvc3ZnPg==\" style=\"--smush-placeholder-width: 640px; --smush-placeholder-aspect-ratio: 640\/427;\" \/><\/a><\/figure>\n\n\n\n<p>En el segundo encuentro, el conjunto santiague\u00f1o tambi\u00e9n empat\u00f3 2 a 2 en un choque din\u00e1mico.&nbsp;<strong>Octavio Moscarelli<\/strong>&nbsp;y el clodomirense&nbsp;<strong>Javier Mart\u00ednez<\/strong>&nbsp;anotaron para Mitre. Para este cotejo, Sciacqua aline\u00f3 a&nbsp;<strong>Joaqu\u00edn Ledesma; Tob\u00edas Peralta, Francisco Manenti y Gianfranco Lillo; Brian Mieres, Octavio Moscarelli, Ezequiel Gonz\u00e1lez, Mariano Penepil; Marcos Machado, Axel Batista y Javier Mart\u00ednez<\/strong>. &nbsp;<\/p>\n\n\n\n<p>Mitre continuar\u00e1 con su preparaci\u00f3n este martes enfrentando a San Mart\u00edn de Tucum\u00e1n en el barrio 8 De Abril. Luego, el s\u00e1bado 25 recibir\u00e1 a la reserva de&nbsp;<strong>Central C\u00f3rdoba<\/strong>&nbsp;y cerrar\u00e1 el mes el 31 con un amistoso ante&nbsp;<strong>G\u00fcemes<\/strong>.<\/p>\n\n\n\n<p>El debut oficial del equipo ser\u00e1 el domingo 9 de febrero a las 17 horas, cuando reciba a&nbsp;<strong>Defensores Unidos de Z\u00e1rate<\/strong>. En la segunda fecha, visitar\u00e1 a&nbsp;<strong>Temperley&nbsp;<\/strong>el s\u00e1bado 15 de febrero.<\/p>\n","protected":false},"excerpt":{"rendered":"<p>En la primera prueba de pretemporada, el equipo Aurinegro empat\u00f3 2-2 en casa, acumulando minutos de juego.<\/p>\n","protected":false},"author":2,"featured_media":72510,"comment_status":"open","ping_status":"open","sticky":false,"template":"","format":"standard","meta":{"om_disable_all_campaigns":false,"_monsterinsights_skip_tracking":false,"_monsterinsights_sitenote_active":false,"_monsterinsights_sitenote_note":"","_monsterinsights_sitenote_category":0,"_uf_show_specific_survey":0,"_uf_disable_surveys":false,"jetpack_post_was_ever_published":false,"_jetpack_newsletter_access":"","_jetpack_dont_email_post_to_subs":false,"_jetpack_newsletter_tier_id":0,"_jetpack_memberships_contains_paywalled_content":false,"_jetpack_memberships_contains_paid_content":false,"footnotes":"","jetpack_publicize_message":"","jetpack_publicize_feature_enabled":true,"jetpack_social_post_already_shared":false,"jetpack_social_options":{"image_generator_settings":{"template":"highway","enabled":false},"version":2}},"categories":[6],"tags":[],"class_list":["post-72508","post","type-post","status-publish","format-standard","has-post-thumbnail","hentry","category-deportes"],"aioseo_notices":[],"views":9,"jetpack_publicize_connections":[],"jetpack_featured_media_url":"https:\/\/i0.wp.com\/elterritorialweb.com.ar\/web\/wp-content\/uploads\/2025\/01\/MITRE-ATLETICO-1-e1737245662645.jpg?fit=898%2C584&ssl=1","jetpack_sharing_enabled":true,"_links":{"self":[{"href":"https:\/\/elterritorialweb.com.ar\/web\/wp-json\/wp\/v2\/posts\/72508","targetHints":{"allow":["GET"]}}],"collection":[{"href":"https:\/\/elterritorialweb.com.ar\/web\/wp-json\/wp\/v2\/posts"}],"about":[{"href":"https:\/\/elterritorialweb.com.ar\/web\/wp-json\/wp\/v2\/types\/post"}],"author":[{"embeddable":true,"href":"https:\/\/elterritorialweb.com.ar\/web\/wp-json\/wp\/v2\/users\/2"}],"replies":[{"embeddable":true,"href":"https:\/\/elterritorialweb.com.ar\/web\/wp-json\/wp\/v2\/comments?post=72508"}],"version-history":[{"count":2,"href":"https:\/\/elterritorialweb.com.ar\/web\/wp-json\/wp\/v2\/posts\/72508\/revisions"}],"predecessor-version":[{"id":72512,"href":"https:\/\/elterritorialweb.com.ar\/web\/wp-json\/wp\/v2\/posts\/72508\/revisions\/72512"}],"wp:featuredmedia":[{"embeddable":true,"href":"https:\/\/elterritorialweb.com.ar\/web\/wp-json\/wp\/v2\/media\/72510"}],"wp:attachment":[{"href":"https:\/\/elterritorialweb.com.ar\/web\/wp-json\/wp\/v2\/media?parent=72508"}],"wp:term":[{"taxonomy":"category","embeddable":true,"href":"https:\/\/elterritorialweb.com.ar\/web\/wp-json\/wp\/v2\/categories?post=72508"},{"taxonomy":"post_tag","embeddable":true,"href":"https:\/\/elterritorialweb.com.ar\/web\/wp-json\/wp\/v2\/tags?post=72508"}],"curies":[{"name":"wp","href":"https:\/\/api.w.org\/{rel}","templated":true}]}}