{"id":72513,"date":"2025-01-19T00:24:09","date_gmt":"2025-01-19T00:24:09","guid":{"rendered":"http:\/\/elterritorialweb.com.ar\/web\/?p=72513"},"modified":"2025-01-19T00:24:22","modified_gmt":"2025-01-19T00:24:22","slug":"la-municipalidad-de-la-banda-refuerza-su-compromiso-con-los-vecinos-a-traves-de-diferentes-actividades","status":"publish","type":"post","link":"https:\/\/elterritorialweb.com.ar\/web\/la-municipalidad-de-la-banda-refuerza-su-compromiso-con-los-vecinos-a-traves-de-diferentes-actividades\/","title":{"rendered":"LA MUNICIPALIDAD DE LA BANDA REFUERZA SU COMPROMISO CON LOS VECINOS A TRAV\u00c9S DE DIFERENTES ACTIVIDADES"},"content":{"rendered":"\n<p>En este contexto, la <strong>Direcci\u00f3n de Desarrollo Social <\/strong>realiz\u00f3 un importante <strong>operativo en el barrio Textil,<\/strong> donde los vecinos pudieron acceder a <strong>cortes de cabello gratuitos y atenci\u00f3n odontol\u00f3gica<\/strong>, facilitando el acceso a servicios esenciales para la comunidad. <\/p>\n\n\n\n<p>Este tipo de iniciativas forman parte de un <strong>plan integral que se desarrolla durante todo el a\u00f1o<\/strong>, llevando servicios de salud y otras prestaciones a cada rinc\u00f3n de la ciudad<\/p>\n\n\n\n<p>En paralelo, el municipio contin\u00faa desarrollando el programa <strong>\u00abExperiencia Banda: Vacaciones en la ciudad\u00bb<\/strong>, una propuesta recreativa que tiene como objetivo brindar<strong> actividades l\u00fadicas y educativas para los ni\u00f1os durante el verano.<\/strong><\/p>\n\n\n\n<p>En esta oportunidad, el evento se llev\u00f3 a cabo en el barrio Sarmiento, donde una gran cantidad de ni\u00f1os disfrutaron de las distintas actividades organizadas para su entretenimiento.<\/p>\n\n\n\n<p>Con estas acciones, la<strong> Municipalidad de La Banda reafirma su compromiso con el bienestar y la inclusi\u00f3n social<\/strong>, acercando servicios y recreaci\u00f3n a los vecinos de cada barrio de la ciudad. Estas iniciativas no solo fortalecen el acceso a derechos esenciales, sino que tambi\u00e9n promueven el desarrollo integral de la comunidad.<\/p>\n\n\n\n<p><\/p>\n","protected":false},"excerpt":{"rendered":"<p>Por iniciativa del intendente Ing. Roger E. Nediani, la Secretar\u00eda de Coordinaci\u00f3n y Desarrollo Territorial de la Municipalidad de La Banda, a trav\u00e9s de sus direcciones, est\u00e1 llevando a cabo diversos operativos en el marco del receso de verano, orientados a mejorar la calidad de vida de los vecinos y fomentar el entretenimiento familiar.<\/p>\n","protected":false},"author":2,"featured_media":72514,"comment_status":"open","ping_status":"open","sticky":false,"template":"","format":"standard","meta":{"om_disable_all_campaigns":false,"_monsterinsights_skip_tracking":false,"_monsterinsights_sitenote_active":false,"_monsterinsights_sitenote_note":"","_monsterinsights_sitenote_category":0,"_uf_show_specific_survey":0,"_uf_disable_surveys":false,"jetpack_post_was_ever_published":false,"_jetpack_newsletter_access":"","_jetpack_dont_email_post_to_subs":false,"_jetpack_newsletter_tier_id":0,"_jetpack_memberships_contains_paywalled_content":false,"_jetpack_memberships_contains_paid_content":false,"footnotes":"","jetpack_publicize_message":"","jetpack_publicize_feature_enabled":true,"jetpack_social_post_already_shared":false,"jetpack_social_options":{"image_generator_settings":{"template":"highway","enabled":false},"version":2}},"categories":[9],"tags":[71],"class_list":["post-72513","post","type-post","status-publish","format-standard","has-post-thumbnail","hentry","category-banda","tag-municipalidad-de-la-banda"],"aioseo_notices":[],"views":16,"jetpack_publicize_connections":[],"jetpack_featured_media_url":"https:\/\/i0.wp.com\/elterritorialweb.com.ar\/web\/wp-content\/uploads\/2025\/01\/BANDA-PROGRAMAS.jpeg?fit=1087%2C718&ssl=1","jetpack_sharing_enabled":true,"_links":{"self":[{"href":"https:\/\/elterritorialweb.com.ar\/web\/wp-json\/wp\/v2\/posts\/72513","targetHints":{"allow":["GET"]}}],"collection":[{"href":"https:\/\/elterritorialweb.com.ar\/web\/wp-json\/wp\/v2\/posts"}],"about":[{"href":"https:\/\/elterritorialweb.com.ar\/web\/wp-json\/wp\/v2\/types\/post"}],"author":[{"embeddable":true,"href":"https:\/\/elterritorialweb.com.ar\/web\/wp-json\/wp\/v2\/users\/2"}],"replies":[{"embeddable":true,"href":"https:\/\/elterritorialweb.com.ar\/web\/wp-json\/wp\/v2\/comments?post=72513"}],"version-history":[{"count":2,"href":"https:\/\/elterritorialweb.com.ar\/web\/wp-json\/wp\/v2\/posts\/72513\/revisions"}],"predecessor-version":[{"id":72516,"href":"https:\/\/elterritorialweb.com.ar\/web\/wp-json\/wp\/v2\/posts\/72513\/revisions\/72516"}],"wp:featuredmedia":[{"embeddable":true,"href":"https:\/\/elterritorialweb.com.ar\/web\/wp-json\/wp\/v2\/media\/72514"}],"wp:attachment":[{"href":"https:\/\/elterritorialweb.com.ar\/web\/wp-json\/wp\/v2\/media?parent=72513"}],"wp:term":[{"taxonomy":"category","embeddable":true,"href":"https:\/\/elterritorialweb.com.ar\/web\/wp-json\/wp\/v2\/categories?post=72513"},{"taxonomy":"post_tag","embeddable":true,"href":"https:\/\/elterritorialweb.com.ar\/web\/wp-json\/wp\/v2\/tags?post=72513"}],"curies":[{"name":"wp","href":"https:\/\/api.w.org\/{rel}","templated":true}]}}