{"id":72517,"date":"2025-01-19T01:27:33","date_gmt":"2025-01-19T01:27:33","guid":{"rendered":"http:\/\/elterritorialweb.com.ar\/web\/?p=72517"},"modified":"2025-01-19T01:27:42","modified_gmt":"2025-01-19T01:27:42","slug":"campo-caputo-se-reunira-con-la-mesa-de-enlace","status":"publish","type":"post","link":"https:\/\/elterritorialweb.com.ar\/web\/campo-caputo-se-reunira-con-la-mesa-de-enlace\/","title":{"rendered":"CAMPO: CAPUTO SE REUNIR\u00c1 CON LA MESA DE ENLACE"},"content":{"rendered":"\n<p>El ministro de Econom\u00eda, Luis Caputo, que se encuentra en Washington integrando la comitiva que acompa\u00f1a al presidente<strong>\u00a0Javier Milei<\/strong>, quien participar\u00e1 este lunes a la asunci\u00f3n presidencial -segundo mandato- de Donald Trump, dijo que a la vuelta de su viaje recibir\u00e1 a la Mesa de Enlace.<\/p>\n\n\n\n<p>En un posteo por la red social X desde EEUU, el ministro precis\u00f3 que el jueves pasado la Mesa de Enlace le solicit\u00f3 una audiencia \u201cpara tratar la cr\u00edtica situaci\u00f3n de los productores agropecuarios\u201d y entonces se difundi\u00f3 que que Caputo \u201cno tiene previsto recibir a las entidades del sector\u201d, seg\u00fan escribi\u00f3 el propio funcionario.<\/p>\n\n\n\n<p>A continuaci\u00f3n el jefe del Palacio de Hacienda escribi\u00f3, en letras may\u00fasculas: \u201cFALSO\u201d. Y aclar\u00f3: \u201cme llam\u00f3\u00a0<strong>Nicol\u00e1s Pino<\/strong>\u00a0(el presidente de la Sociedad Rural Argentina, SRA) para reunirnos con la Mesa de Enlace y le dijo \u2018por supuesto que s\u00ed\u2019. Quedamos en reunirnos apenas vuelva de este viaje\u201d.<\/p>\n\n\n\n<p>El jueves pasado los representantes de la Federaci\u00f3n Agraria Argentina (FAA),\u00a0<strong>Andrea Sarnarim;\u00a0<\/strong>Coninagro<strong>, Lucas Magnano;\u00a0<\/strong>Confederaciones Rurales Argentinas, CRA<strong>\u00a0Carlos Castagnani; y\u00a0<\/strong>Sociedad Rural,<strong>\u00a0Nicol\u00e1s Pino<\/strong>\u00a0analizaron en la sede de CRA la situaci\u00f3n de sector agropecuario y\u00a0resolvieron solicitar una audiencia\u00a0con\u00a0<strong>Caputo<\/strong>\u00a0a trav\u00e9s de un comunicado, con el prop\u00f3sito de \u201cabordar posibles soluciones\u201d.<\/p>\n\n\n\n<p>En particular, la Mesa de Enlace que integran las cuatro entidades pide un&nbsp;<strong>\u201calivio fiscal inmediato\u201d<\/strong>&nbsp;mediante la reducci\u00f3n de impuestos, en particular de las&nbsp;<strong>retenciones a las exportaciones.<\/strong><\/p>\n\n\n\n<p>Seg\u00fan los dirigentes, estas medidas permitir\u00edan a los productores enfrentar los crecientes costos de producci\u00f3n, preservar sus actividades y mitigar las consecuencias de las adversas condiciones econ\u00f3micas y clim\u00e1ticas. La&nbsp;<strong>falta de lluvias<\/strong>&nbsp;y las&nbsp;<strong>altas temperaturas<\/strong>, argumentan los representantes del sector agropecuario, afectaron cr\u00edticamente a la producci\u00f3n en numerosas regiones del pa\u00eds y agravaron la situaci\u00f3n de los productores, ya presionados por los elevados costos de insumos y el&nbsp;<strong>descenso en los precios internacionales<\/strong>&nbsp;de los commodities agr\u00edcolas.<\/p>\n\n\n\n<p>La Mesa de Enlace subray\u00f3 que la producci\u00f3n agropecuaria es \u201cun motor esencial para el desarrollo econ\u00f3mico y el arraigo en las provincias\u201d y advirti\u00f3 que en el contexto local e internacional actual, \u201cla actividad enfrenta serias limitaciones que requieren atenci\u00f3n urgente\u201d.<\/p>\n\n\n\n<p>Adem\u00e1s de las cuestiones clim\u00e1ticas, los ruralistas piden mejorar aspectos como la infraestructura y la conectividad rural, que tambi\u00e9n influyen en los costos y en la competitividad de los productores del campo.<\/p>\n\n\n\n<p>El punteo de reclamos incluye los siguientes aspectos:<\/p>\n\n\n\n<ul class=\"wp-block-list\">\n<li>La\u00a0<strong>eliminaci\u00f3n de los derechos de exportaci\u00f3n (retenciones)<\/strong>, que afecta la competitividad de los productos argentinos en el mercado internacional.<\/li>\n\n\n\n<li>Un\u00a0<strong>esquema impositivo m\u00e1s equilibrado<\/strong>, que contemple las particularidades de las econom\u00edas regionales y alivie la carga fiscal sobre los peque\u00f1os y medianos productores.<\/li>\n\n\n\n<li>La implementaci\u00f3n de medidas de\u00a0<strong>financiamiento accesible<\/strong>\u00a0que permitan a los productores realizar inversiones clave para su actividad.<\/li>\n<\/ul>\n\n\n\n<p>Otros temas considerados son los siguientes:<\/p>\n\n\n\n<ul class=\"wp-block-list\">\n<li><strong>Infraestructura vial y log\u00edstica:\u00a0<\/strong>Urgencia de mejorar los\u00a0<strong>caminos rurales<\/strong>\u00a0y accesos, pues el mal estado de las rutas complica el traslado de insumos y productos. Importancia de avanzar en la mejora de la\u00a0<strong>hidrov\u00eda<\/strong>, puertos y ferrocarriles, que son esenciales para garantizar una log\u00edstica m\u00e1s eficiente y competitiva.<\/li>\n\n\n\n<li><strong>Conectividad rural:\u00a0<\/strong>Los representantes se\u00f1alaron que la falta de\u00a0<strong>internet de calidad<\/strong>\u00a0en muchas zonas rurales afecta la productividad y la educaci\u00f3n en las econom\u00edas regionales. Propusieron promover inversiones que fortalezcan la infraestructura digital en el campo.<\/li>\n\n\n\n<li><strong>Seguridad rural:\u00a0<\/strong>Ante el creciente problema de la inseguridad, se pidi\u00f3 que se implementen medidas inmediatas para proteger a los productores y a sus familias. Robos de maquinaria, insumos y ganado han generado una fuerte preocupaci\u00f3n en el sector.<\/li>\n<\/ul>\n\n\n\n<p>Recientes impagos en el agro, que abarcaron a Surcos, una empresa familiar de la provincia de Santa Fe, y a dos empresas del grupo Los Grobo (Agrofina y Los Grobo Agropecuaria), que anunciaron a la Comisi\u00f3n Nacional de Valores (CNV) que no podr\u00edan afrontar vencimientos de pagos burs\u00e1tiles, son interpretados por algunos en el sector rural como reflejo de la mala situaci\u00f3n econ\u00f3mica del campo, pero\u00a0seg\u00fan el Gobierno no se trata de un problema sectorial, sino de\u00a0<strong>\u201cmalas decisiones\u201d<\/strong>\u00a0financieras de las empresas involucradas.<\/p>\n\n\n\n<p>En 2024, solo las principales cadenas granarias aportaron al fisco m\u00e1s de USD 5.300 millones en concepto de retenciones a la exportaci\u00f3n, el 80% de de la recaudaci\u00f3n total del tributo, que aunque es llamado \u201cretenci\u00f3n\u201d no tiene en realidad devoluci\u00f3n y es un liso y llano impuesto.<\/p>\n","protected":false},"excerpt":{"rendered":"<p>El ministro de Econom\u00eda desminti\u00f3 que hubiere rechazado recibir a las entidades que conforman ese frente rural y dijo que se reunir\u00e1 con ellas a la vuelta de la gira en la que acompa\u00f1a al presidente Javier Milei<\/p>\n","protected":false},"author":2,"featured_media":72518,"comment_status":"open","ping_status":"open","sticky":false,"template":"","format":"standard","meta":{"om_disable_all_campaigns":false,"_monsterinsights_skip_tracking":false,"_monsterinsights_sitenote_active":false,"_monsterinsights_sitenote_note":"","_monsterinsights_sitenote_category":0,"_uf_show_specific_survey":0,"_uf_disable_surveys":false,"jetpack_post_was_ever_published":false,"_jetpack_newsletter_access":"","_jetpack_dont_email_post_to_subs":false,"_jetpack_newsletter_tier_id":0,"_jetpack_memberships_contains_paywalled_content":false,"_jetpack_memberships_contains_paid_content":false,"footnotes":"","jetpack_publicize_message":"","jetpack_publicize_feature_enabled":true,"jetpack_social_post_already_shared":false,"jetpack_social_options":{"image_generator_settings":{"template":"highway","enabled":false},"version":2}},"categories":[4,7],"tags":[801],"class_list":["post-72517","post","type-post","status-publish","format-standard","has-post-thumbnail","hentry","category-destacadas","category-nacionales","tag-luis-caputo"],"aioseo_notices":[],"views":13,"jetpack_publicize_connections":[],"jetpack_featured_media_url":"https:\/\/i0.wp.com\/elterritorialweb.com.ar\/web\/wp-content\/uploads\/2025\/01\/LUIS-CAPUTO.jpg?fit=970%2C550&ssl=1","jetpack_sharing_enabled":true,"_links":{"self":[{"href":"https:\/\/elterritorialweb.com.ar\/web\/wp-json\/wp\/v2\/posts\/72517","targetHints":{"allow":["GET"]}}],"collection":[{"href":"https:\/\/elterritorialweb.com.ar\/web\/wp-json\/wp\/v2\/posts"}],"about":[{"href":"https:\/\/elterritorialweb.com.ar\/web\/wp-json\/wp\/v2\/types\/post"}],"author":[{"embeddable":true,"href":"https:\/\/elterritorialweb.com.ar\/web\/wp-json\/wp\/v2\/users\/2"}],"replies":[{"embeddable":true,"href":"https:\/\/elterritorialweb.com.ar\/web\/wp-json\/wp\/v2\/comments?post=72517"}],"version-history":[{"count":1,"href":"https:\/\/elterritorialweb.com.ar\/web\/wp-json\/wp\/v2\/posts\/72517\/revisions"}],"predecessor-version":[{"id":72519,"href":"https:\/\/elterritorialweb.com.ar\/web\/wp-json\/wp\/v2\/posts\/72517\/revisions\/72519"}],"wp:featuredmedia":[{"embeddable":true,"href":"https:\/\/elterritorialweb.com.ar\/web\/wp-json\/wp\/v2\/media\/72518"}],"wp:attachment":[{"href":"https:\/\/elterritorialweb.com.ar\/web\/wp-json\/wp\/v2\/media?parent=72517"}],"wp:term":[{"taxonomy":"category","embeddable":true,"href":"https:\/\/elterritorialweb.com.ar\/web\/wp-json\/wp\/v2\/categories?post=72517"},{"taxonomy":"post_tag","embeddable":true,"href":"https:\/\/elterritorialweb.com.ar\/web\/wp-json\/wp\/v2\/tags?post=72517"}],"curies":[{"name":"wp","href":"https:\/\/api.w.org\/{rel}","templated":true}]}}