{"id":72956,"date":"2025-02-02T22:53:04","date_gmt":"2025-02-02T22:53:04","guid":{"rendered":"http:\/\/elterritorialweb.com.ar\/web\/?p=72956"},"modified":"2025-02-02T22:53:07","modified_gmt":"2025-02-02T22:53:07","slug":"el-gobierno-acelera-la-privatizacion-de-tres-empresas-estatales","status":"publish","type":"post","link":"https:\/\/elterritorialweb.com.ar\/web\/el-gobierno-acelera-la-privatizacion-de-tres-empresas-estatales\/","title":{"rendered":"EL GOBIERNO ACELERA LA PRIVATIZACI\u00d3N DE TRES EMPRESAS ESTATALES"},"content":{"rendered":"\n<p>El Gobierno de\u00a0<strong>Javier Milei<\/strong>\u00a0contin\u00faa\u00a0con su hoja de ruta\u00a0para la\u00a0<strong>privatizaci\u00f3n de empresas estatales, enfoc\u00e1ndose en tres casos clave: Aerol\u00edneas Argentinas, Agua y Saneamientos Argentinos (AYSA) y Banco Naci\u00f3n<\/strong>. La administraci\u00f3n libertaria\u00a0sostiene que el Estado\u00a0no debe gestionar compa\u00f1\u00edas y avanza en los mecanismos legales necesarios\u00a0para completar el traspaso\u00a0al sector privado en 2025.<\/p>\n\n\n\n<p>La privatizaci\u00f3n de&nbsp;<strong>Aerol\u00edneas Argentinas<\/strong>&nbsp;es una de las prioridades del Gobierno. La empresa, que en 2024 contaba con un subsidio de 75 millones de d\u00f3lares, ver\u00e1 reducida esa asistencia a 60 millones en 2025, con el objetivo de disminuir su dependencia del Estado antes de su eventual venta.<\/p>\n\n\n\n<p>Para avanzar en su objetivo, el Gobierno trabaja en un proyecto de ley que deber\u00e1 ser aprobado por el Congreso. Fuentes oficiales sostienen que se est\u00e1n analizando varias estrategias para concretar la operaci\u00f3n: desde la venta total de la empresa hasta la colocaci\u00f3n de sus unidades de negocio por separado, incluyendo la flota de aviones y simuladores de vuelo.<\/p>\n\n\n\n<p>Mientras tanto, la empresa ha implementado planes de retiros voluntarios y otras medidas para optimizar costos. \u201cEl objetivo es que la compa\u00f1\u00eda sea lo m\u00e1s eficiente posible antes de su venta\u201d, explicaron desde la Casa Rosada.<\/p>\n\n\n\n<p><strong>AYSA<\/strong>, la empresa estatal encargada del servicio de agua potable y tratamiento de desag\u00fces cloacales en Buenos Aires y el conurbano, tambi\u00e9n se encuentra en la mira del Ejecutivo. La compa\u00f1\u00eda, que actualmente pertenece en un 90% al Estado y en un 10% a sus empleados, ya sufri\u00f3 un fuerte ajuste en su estructura operativa, reduciendo su planta de trabajadores de 7.700 a 6.400 desde diciembre de 2023.<\/p>\n\n\n\n<p>El Gobierno eval\u00faa dos caminos para su privatizaci\u00f3n. Uno de ellos es una licitaci\u00f3n p\u00fablica en etapas, en la que se vender\u00edan acciones en el mercado. La otra opci\u00f3n es que la empresa cotice en bolsa, permitiendo la participaci\u00f3n de inversores privados en su capital. La decisi\u00f3n final ser\u00e1 tomada en conjunto por el presidente de la empresa, Alejo Maxit, y el titular de la Agencia de Transformaci\u00f3n de Empresas P\u00fablicas, Diego Chaher.<\/p>\n\n\n\n<p>\u201cEs fundamental garantizar la continuidad del servicio, m\u00e1s all\u00e1 de la venta. Estamos dise\u00f1ando un esquema de transici\u00f3n para que el proceso sea ordenado y seguro\u201d, afirmaron desde el Gobierno.<\/p>\n\n\n\n<p>El tercer objetivo del plan de privatizaci\u00f3n es el Banco Naci\u00f3n, la entidad financiera m\u00e1s grande del pa\u00eds. Actualmente, el Gobierno trabaja en su transformaci\u00f3n de sociedad del Estado a sociedad an\u00f3nima, un paso clave para permitir su venta parcial o total en el futuro.<\/p>\n\n\n\n<p>Para llevar a cabo esta conversi\u00f3n, es necesaria la aprobaci\u00f3n de la Inspecci\u00f3n General de Justicia (IGJ), tr\u00e1mite que se espera completar en los pr\u00f3ximos meses. Sin embargo, la privatizaci\u00f3n definitiva del banco requerir\u00e1 la aprobaci\u00f3n del Congreso, lo que podr\u00eda convertirse en un desaf\u00edo pol\u00edtico.<\/p>\n\n\n\n<p>El Banco Naci\u00f3n cuenta con activos por 48 billones de pesos, dep\u00f3sitos por 33 billones y un patrimonio neto de 15 billones. La intenci\u00f3n del Gobierno es abrir el capital de la entidad a inversores privados para reducir la intervenci\u00f3n estatal en su administraci\u00f3n.<\/p>\n","protected":false},"excerpt":{"rendered":"<p>El Ejecutivo avanza en su plan de traspaso de tres empresas estatales al sector privado. Mientras reduce subsidios y ajusta estructuras, define estrategias para su venta.<\/p>\n","protected":false},"author":2,"featured_media":68262,"comment_status":"open","ping_status":"open","sticky":false,"template":"","format":"standard","meta":{"om_disable_all_campaigns":false,"_monsterinsights_skip_tracking":false,"_monsterinsights_sitenote_active":false,"_monsterinsights_sitenote_note":"","_monsterinsights_sitenote_category":0,"_uf_show_specific_survey":0,"_uf_disable_surveys":false,"jetpack_post_was_ever_published":false,"_jetpack_newsletter_access":"","_jetpack_dont_email_post_to_subs":false,"_jetpack_newsletter_tier_id":0,"_jetpack_memberships_contains_paywalled_content":false,"_jetpack_memberships_contains_paid_content":false,"footnotes":"","jetpack_publicize_message":"","jetpack_publicize_feature_enabled":true,"jetpack_social_post_already_shared":false,"jetpack_social_options":{"image_generator_settings":{"template":"highway","enabled":false},"version":2}},"categories":[4,7],"tags":[482,1148,1050,92],"class_list":["post-72956","post","type-post","status-publish","format-standard","has-post-thumbnail","hentry","category-destacadas","category-nacionales","tag-aerolineas-argentinas","tag-agua-y-saneamientos-argentinos-aysa","tag-banco-nacion-de-la-republica-argentina","tag-javier-milei"],"aioseo_notices":[],"views":10,"jetpack_publicize_connections":[],"jetpack_featured_media_url":"https:\/\/i0.wp.com\/elterritorialweb.com.ar\/web\/wp-content\/uploads\/2024\/07\/JAVIER-MILEI.png?fit=992%2C661&ssl=1","jetpack_sharing_enabled":true,"_links":{"self":[{"href":"https:\/\/elterritorialweb.com.ar\/web\/wp-json\/wp\/v2\/posts\/72956","targetHints":{"allow":["GET"]}}],"collection":[{"href":"https:\/\/elterritorialweb.com.ar\/web\/wp-json\/wp\/v2\/posts"}],"about":[{"href":"https:\/\/elterritorialweb.com.ar\/web\/wp-json\/wp\/v2\/types\/post"}],"author":[{"embeddable":true,"href":"https:\/\/elterritorialweb.com.ar\/web\/wp-json\/wp\/v2\/users\/2"}],"replies":[{"embeddable":true,"href":"https:\/\/elterritorialweb.com.ar\/web\/wp-json\/wp\/v2\/comments?post=72956"}],"version-history":[{"count":2,"href":"https:\/\/elterritorialweb.com.ar\/web\/wp-json\/wp\/v2\/posts\/72956\/revisions"}],"predecessor-version":[{"id":72958,"href":"https:\/\/elterritorialweb.com.ar\/web\/wp-json\/wp\/v2\/posts\/72956\/revisions\/72958"}],"wp:featuredmedia":[{"embeddable":true,"href":"https:\/\/elterritorialweb.com.ar\/web\/wp-json\/wp\/v2\/media\/68262"}],"wp:attachment":[{"href":"https:\/\/elterritorialweb.com.ar\/web\/wp-json\/wp\/v2\/media?parent=72956"}],"wp:term":[{"taxonomy":"category","embeddable":true,"href":"https:\/\/elterritorialweb.com.ar\/web\/wp-json\/wp\/v2\/categories?post=72956"},{"taxonomy":"post_tag","embeddable":true,"href":"https:\/\/elterritorialweb.com.ar\/web\/wp-json\/wp\/v2\/tags?post=72956"}],"curies":[{"name":"wp","href":"https:\/\/api.w.org\/{rel}","templated":true}]}}