{"id":72967,"date":"2025-02-02T23:19:42","date_gmt":"2025-02-02T23:19:42","guid":{"rendered":"http:\/\/elterritorialweb.com.ar\/web\/?p=72967"},"modified":"2025-02-02T23:19:45","modified_gmt":"2025-02-02T23:19:45","slug":"el-municipio-afianza-los-trabajos-de-reparacion-de-calles-en-toda-la-ciudad","status":"publish","type":"post","link":"https:\/\/elterritorialweb.com.ar\/web\/el-municipio-afianza-los-trabajos-de-reparacion-de-calles-en-toda-la-ciudad\/","title":{"rendered":"EL MUNICIPIO AFIANZA LOS TRABAJOS DE REPARACI\u00d3N DE CALLES EN TODA LA CIUDAD"},"content":{"rendered":"\n<p>Tal es el caso de la <strong>calle 1009 y Omill<\/strong>, donde el municipio se encuentra desarrollando la construcci\u00f3n de un cord\u00f3n cuneta. El mismo evitar\u00e1 que durante los d\u00edas de lluvia se acumule agua en las diferentes calles.<\/p>\n\n\n\n<p>El personal encargado de la reparaci\u00f3n de calles tambi\u00e9n realiz\u00f3 el nivelado y perfilado de la calle que bordea el canal en el<strong> barrio Tabique y en las calles Maestro Bulacio ubicada del barrio Lourdes y Anunciata Cochetti, desde el nexo hasta la Ruta 11 del barrio Tabique.<\/strong><\/p>\n\n\n\n<p>Tambi\u00e9n se realiz\u00f3 el nivelado, perfilado y riego de las <strong>calles del barrio 25 de Mayo 540 Viviendas<\/strong> para mejorar la transitabilidad de los vecinos.<\/p>\n\n\n\n<p>Por otro lado, el personal encargado del bacheo de calles realiz\u00f3 el hormigonado del bache ubicado en la <strong>calle Julio A. Jerez y Catamarca, calles del barrio Santa Clara y en Yrigoyen y S\u00e1enz Pe\u00f1a.<\/strong><\/p>\n\n\n\n<p>Cabe destacar, que estas obras se enmarcan en el <strong>\u201cPlan Integral de Mejoramiento de Calles\u201d<\/strong> impulsado por la gesti\u00f3n del intendente Ing. <strong>Roger E. Nediani<\/strong>, que tienen como objetivo mejorar la transitabilidad vehicular y la calidad de vida de los vecinos bande\u00f1os.<\/p>\n\n\n\n<p>Finalmente, desde el Ejecutivo Municipal pidieron a los conductores circular con precauci\u00f3n en los sectores en donde se encuentran en ejecuci\u00f3n las obras de bacheo y reparaci\u00f3n de calles.<\/p>\n","protected":false},"excerpt":{"rendered":"<p>Por iniciativa del intendente Ing. Roger E. Nediani, la Secretar\u00eda de Obras P\u00fablicas de la Municipalidad de La Banda, refuerza las obras de infraestructura en diferentes sectores de la ciudad.<\/p>\n","protected":false},"author":2,"featured_media":72968,"comment_status":"open","ping_status":"open","sticky":false,"template":"","format":"standard","meta":{"om_disable_all_campaigns":false,"_monsterinsights_skip_tracking":false,"_monsterinsights_sitenote_active":false,"_monsterinsights_sitenote_note":"","_monsterinsights_sitenote_category":0,"_uf_show_specific_survey":0,"_uf_disable_surveys":false,"jetpack_post_was_ever_published":false,"_jetpack_newsletter_access":"","_jetpack_dont_email_post_to_subs":false,"_jetpack_newsletter_tier_id":0,"_jetpack_memberships_contains_paywalled_content":false,"_jetpack_memberships_contains_paid_content":false,"footnotes":"","jetpack_publicize_message":"","jetpack_publicize_feature_enabled":true,"jetpack_social_post_already_shared":false,"jetpack_social_options":{"image_generator_settings":{"template":"highway","enabled":false},"version":2}},"categories":[9],"tags":[71],"class_list":["post-72967","post","type-post","status-publish","format-standard","has-post-thumbnail","hentry","category-banda","tag-municipalidad-de-la-banda"],"aioseo_notices":[],"views":13,"jetpack_publicize_connections":[],"jetpack_featured_media_url":"https:\/\/i0.wp.com\/elterritorialweb.com.ar\/web\/wp-content\/uploads\/2025\/02\/BANDA-CALLES.jpg?fit=1032%2C774&ssl=1","jetpack_sharing_enabled":true,"_links":{"self":[{"href":"https:\/\/elterritorialweb.com.ar\/web\/wp-json\/wp\/v2\/posts\/72967","targetHints":{"allow":["GET"]}}],"collection":[{"href":"https:\/\/elterritorialweb.com.ar\/web\/wp-json\/wp\/v2\/posts"}],"about":[{"href":"https:\/\/elterritorialweb.com.ar\/web\/wp-json\/wp\/v2\/types\/post"}],"author":[{"embeddable":true,"href":"https:\/\/elterritorialweb.com.ar\/web\/wp-json\/wp\/v2\/users\/2"}],"replies":[{"embeddable":true,"href":"https:\/\/elterritorialweb.com.ar\/web\/wp-json\/wp\/v2\/comments?post=72967"}],"version-history":[{"count":2,"href":"https:\/\/elterritorialweb.com.ar\/web\/wp-json\/wp\/v2\/posts\/72967\/revisions"}],"predecessor-version":[{"id":72970,"href":"https:\/\/elterritorialweb.com.ar\/web\/wp-json\/wp\/v2\/posts\/72967\/revisions\/72970"}],"wp:featuredmedia":[{"embeddable":true,"href":"https:\/\/elterritorialweb.com.ar\/web\/wp-json\/wp\/v2\/media\/72968"}],"wp:attachment":[{"href":"https:\/\/elterritorialweb.com.ar\/web\/wp-json\/wp\/v2\/media?parent=72967"}],"wp:term":[{"taxonomy":"category","embeddable":true,"href":"https:\/\/elterritorialweb.com.ar\/web\/wp-json\/wp\/v2\/categories?post=72967"},{"taxonomy":"post_tag","embeddable":true,"href":"https:\/\/elterritorialweb.com.ar\/web\/wp-json\/wp\/v2\/tags?post=72967"}],"curies":[{"name":"wp","href":"https:\/\/api.w.org\/{rel}","templated":true}]}}